{"id":458948,"date":"2025-10-13T03:59:43","date_gmt":"2025-10-13T03:59:43","guid":{"rendered":"https:\/\/www.europesays.com\/fr\/458948\/"},"modified":"2025-10-13T03:59:43","modified_gmt":"2025-10-13T03:59:43","slug":"cinema-meteors-dhubert-charuel-et-claude-lepape-un-film-lumineux","status":"publish","type":"post","link":"https:\/\/www.europesays.com\/fr\/458948\/","title":{"rendered":"Cin\u00e9ma. \u00ab\u00a0M\u00e9t\u00e9ors\u00a0\u00bb, d&rsquo;Hubert Charuel et Claude Lepape : un film lumineux\u00a0!"},"content":{"rendered":"<p>            Par<br \/>\n        <strong><br \/>\n            <a href=\"https:\/\/actu.fr\/auteur\/redaction-toulouse\" title=\"Consulter tous les articles de R\u00e9daction de Toulouse\" rel=\"nofollow noopener\" target=\"_blank\">R\u00e9daction de Toulouse<\/a><br \/>\n        <\/strong><\/p>\n<p>        Publi\u00e9 le<\/p>\n<p>            11 oct. 2025 \u00e0 19h22        <\/p>\n<p>Le r\u00e9alisateur du multi-prim\u00e9 Petit paysan (2017), nous revient aux c\u00f4t\u00e9s de Claude Le Pape pour un second long qui ne fait qu\u2019attiser notre envie de conna\u00eetre la suite de sa production tant son <strong>M\u00e9t\u00e9ors<\/strong> nous a s\u00e9duit, enthousiasm\u00e9, \u00e9mu, boulevers\u00e9 et prouv\u00e9 encore une fois sa maitrise de tous les fondamentaux du 7e art. Son immense talent en plus !<\/p>\n<p class=\" wall-content\">Bon, tout d\u2019abord, il n\u2019est pas question ici de science-fiction telle que le titre semble le sugg\u00e9rer. En fait, dans un premier projet une m\u00e9t\u00e9orite s\u2019abattait sur Saint-Dizier, cadre de ce film. L\u2019id\u00e9e n\u2019a pas fait long feu. Exit la m\u00e9t\u00e9orite.<\/p>\n<p>Deux ins\u00e9parables amis\u00a0<\/p>\n<p class=\" wall-content\">L\u2019histoire ici d\u00e9velopp\u00e9e nous met dans les pas de <strong>deux ins\u00e9parables amis<\/strong> : Daniel et Mika. Ils vivent comme ils peuvent dans cette Haute-Marne d\u00e9vast\u00e9e par la d\u00e9sinstrualisation et se trouvant promue au rang peu enviable de poubelle nucl\u00e9aire.<\/p>\n<p class=\" wall-content\">Nos deux comp\u00e8res sont en voiture, de nuit, et croisent un chat en libert\u00e9. En fait, une b\u00eate de concours valant une fortune qu\u2019ils s\u2019empressent de faire monter \u00e0 bord, sans s\u2019apercevoir que le pr\u00e9cieux animal est muni d\u2019un GPS. Nos Pieds Nickel\u00e9s de pacotille sont vite poursuivis et arr\u00eat\u00e9s. La juge est sans appel : si dans 6 mois ils ne pr\u00e9sentent pas de bulletins de salaires et des analyses toxicologiques transparentes, ce sera direction la prison.<\/p>\n<p class=\" wall-content\">Autant Mika prend alors conscience de l\u2019urgence de la situation, autant Daniel se plonge dans le d\u00e9ni le plus complet alors qu\u2019il se sait d\u00e9j\u00e0 atteint d\u2019une cirrhose\u2026 Voire d\u2019autres d\u00e9g\u00e2ts provoqu\u00e9s par une fumette forcen\u00e9e. De toute mani\u00e8re, nos deux amis ont un but, aller \u00e0 La R\u00e9union monter un chenil. Pour le travail, ils font appel \u00e0 un troisi\u00e8me larron, Tony (Salif Ciss\u00e9, toujours tr\u00e8s juste de ton), chef de travaux dans une poubelle nucl\u00e9aire. Alors que Mika continue son travail dans un Burger King, Daniel descend au tr\u00e9fonds d\u2019un puits\u2026<\/p>\n<p>Vid\u00e9os : en ce moment sur ActuUne ma\u00eetrise absolue\u00a0<\/p>\n<p class=\" wall-content\">Autant vous le dire, non seulement le film d\u00e9montre une ma\u00eetrise absolue du cin\u00e9ma : cadrage, montage, lumi\u00e8re, sc\u00e9nario, dialogue, direction d\u2019acteur, autant vous ressortirez de la projection la gorge nou\u00e9e par le jeu des deux acteurs principaux.<\/p>\n<p>Votre r\u00e9gion, votre actu !<\/p>\n<p>Recevez chaque jour les infos qui comptent pour vous.<\/p>\n<p>\t<a href=\"https:\/\/actu.fr\/newsletter\" class=\"ac-btn ac-btn--corner ac-btn--medium ac-btn--blue800\" rel=\"nofollow noopener\" target=\"_blank\">S&rsquo;incrire<\/a><\/p>\n<p class=\" wall-content\">Paul Kircher, que nous avons d\u00e9couvert dans Le Lyc\u00e9en (Christophe Honor\u00e9 \u2013 2022), puis applaudi sans r\u00e9serves aucunes dans Le R\u00e8gne animal (Thomas Cailley \u2013 2023), Leurs Enfants apr\u00e8s eux (Ludovic et Zoran Boukherma \u2013 2024) et La Venue de l\u2019avenir (C\u00e9dric Klapisch \u2013 2025) livre ici un portrait stup\u00e9fiant d\u2019ampleur et d\u2019\u00e9motion, de v\u00e9rit\u00e9 et de sensibilit\u00e9 de Mika.<\/p>\n<p class=\" wall-content\">Face \u00e0 lui, nous retrouvons dans le r\u00f4le de Daniel, Idir Azougli, rencontr\u00e9 pour la premi\u00e8re fois dans le Sh\u00e9h\u00e9razade de Jean-Bernard Marlin (2018), fabuleux dans Diamant brut (Agathe Riedinger \u2013 2024) et ici tout simplement sublime de naturel, de spontan\u00e9it\u00e9, de profondeur. Chez ces deux jeunes hommes, il y a des regards qui ne trompent pas, ce sont ceux de tr\u00e8s grands com\u00e9diens.<\/p>\n<p class=\" wall-content\">Pr\u00e9cipitez-vous voir cette <strong>histoire d\u2019amiti\u00e9 lumineuse,<\/strong> sans fronti\u00e8res, vraie, sacrificielle, intense, fusionnelle, bouleversante. Si ces deux-l\u00e0 ne sont pas aux C\u00e9sars, l\u2019Acad\u00e9mie va devoir s\u2019expliquer !<\/p>\n<p>M\u00e9t\u00e9ors, un film de Hubert Charuel et Claude Le Pape<\/p>\n<p class=\" wall-content\"><strong>Robert P\u00e9navayre<\/strong><\/p>\n<p class=\" wall-content\">Personnalisez votre actualit\u00e9 en ajoutant vos villes et m\u00e9dias en favori avec <a href=\"https:\/\/moncompte.actu.fr\" title=\"D\u00e9couvez Mon Actu\" rel=\"nofollow noopener\" data-trk=\"{&quot;cta&quot;:{&quot;action&quot;:&quot;https:\\\/\\\/moncompte.actu.fr&quot;,&quot;category&quot;:&quot;mon compte&quot;,&quot;from&quot;:&quot;article footer&quot;,&quot;name&quot;:&quot;Mon actu&quot;,&quot;type&quot;:&quot;cta&quot;}}\" target=\"_blank\">Mon Actu<\/a>.<\/p>\n","protected":false},"excerpt":{"rendered":"Par R\u00e9daction de Toulouse Publi\u00e9 le 11 oct. 2025 \u00e0 19h22 Le r\u00e9alisateur du multi-prim\u00e9 Petit paysan (2017),&hellip;\n","protected":false},"author":2,"featured_media":458949,"comment_status":"","ping_status":"","sticky":false,"template":"","format":"standard","meta":{"footnotes":""},"categories":[1354],"tags":[650,58,59,1346,1011,27,1360,104],"class_list":{"0":"post-458948","1":"post","2":"type-post","3":"status-publish","4":"format-standard","5":"has-post-thumbnail","7":"category-films","8":"tag-cinema","9":"tag-divertissement","10":"tag-entertainment","11":"tag-films","12":"tag-fr","13":"tag-france","14":"tag-movies","15":"tag-societe"},"share_on_mastodon":{"url":"https:\/\/pubeurope.com\/@fr\/115364859984845939","error":""},"_links":{"self":[{"href":"https:\/\/www.europesays.com\/fr\/wp-json\/wp\/v2\/posts\/458948","targetHints":{"allow":["GET"]}}],"collection":[{"href":"https:\/\/www.europesays.com\/fr\/wp-json\/wp\/v2\/posts"}],"about":[{"href":"https:\/\/www.europesays.com\/fr\/wp-json\/wp\/v2\/types\/post"}],"author":[{"embeddable":true,"href":"https:\/\/www.europesays.com\/fr\/wp-json\/wp\/v2\/users\/2"}],"replies":[{"embeddable":true,"href":"https:\/\/www.europesays.com\/fr\/wp-json\/wp\/v2\/comments?post=458948"}],"version-history":[{"count":0,"href":"https:\/\/www.europesays.com\/fr\/wp-json\/wp\/v2\/posts\/458948\/revisions"}],"wp:featuredmedia":[{"embeddable":true,"href":"https:\/\/www.europesays.com\/fr\/wp-json\/wp\/v2\/media\/458949"}],"wp:attachment":[{"href":"https:\/\/www.europesays.com\/fr\/wp-json\/wp\/v2\/media?parent=458948"}],"wp:term":[{"taxonomy":"category","embeddable":true,"href":"https:\/\/www.europesays.com\/fr\/wp-json\/wp\/v2\/categories?post=458948"},{"taxonomy":"post_tag","embeddable":true,"href":"https:\/\/www.europesays.com\/fr\/wp-json\/wp\/v2\/tags?post=458948"}],"curies":[{"name":"wp","href":"https:\/\/api.w.org\/{rel}","templated":true}]}}