{"id":458962,"date":"2025-10-13T04:07:15","date_gmt":"2025-10-13T04:07:15","guid":{"rendered":"https:\/\/www.europesays.com\/fr\/458962\/"},"modified":"2025-10-13T04:07:15","modified_gmt":"2025-10-13T04:07:15","slug":"a-vannes-victime-dun-malaise-une-participante-a-la-vannetaise-transportee-a-lhopital","status":"publish","type":"post","link":"https:\/\/www.europesays.com\/fr\/458962\/","title":{"rendered":"\u00c0 Vannes, victime d\u2019un malaise, une participante \u00e0 la Vannetaise transport\u00e9e \u00e0 l\u2019h\u00f4pital"},"content":{"rendered":"<p>Ce dimanche 12 octobre, avant midi, les secours ont \u00e9t\u00e9 appel\u00e9s d\u2019urgence pour intervenir aupr\u00e8s d\u2019une participante \u00e0 la Vannetaise, course solidaire de 6 km qui a r\u00e9uni plus de 6\u00a0000 coureuses et marcheuses pour cette 19e \u00e9dition. Selon nos informations, la jeune femme, qui participait \u00e0 la course, a \u00e9t\u00e9 victime d\u2019un malaise cardiaque pr\u00e8s du pont de K\u00e9rino. Prise en charge tr\u00e8s rapidement par les sapeurs-pompiers et le Samu, elle a \u00e9t\u00e9 \u00e9vacu\u00e9e d\u2019urgence au CHBA (centre hospitalier Bretagne Atlantique) \u00e0 Vannes, deux policiers motoris\u00e9s ouvrant la route aux secours.<\/p>\n","protected":false},"excerpt":{"rendered":"Ce dimanche 12 octobre, avant midi, les secours ont \u00e9t\u00e9 appel\u00e9s d\u2019urgence pour intervenir aupr\u00e8s d\u2019une participante \u00e0&hellip;\n","protected":false},"author":2,"featured_media":458963,"comment_status":"","ping_status":"","sticky":false,"template":"","format":"standard","meta":{"footnotes":""},"categories":[2],"tags":[11,765,118,1011,27,12,3165],"class_list":{"0":"post-458962","1":"post","2":"type-post","3":"status-publish","4":"format-standard","5":"has-post-thumbnail","7":"category-actualites","8":"tag-actualites","9":"tag-en-continu","10":"tag-faits-divers","11":"tag-fr","12":"tag-france","13":"tag-news","14":"tag-vannes"},"share_on_mastodon":{"url":"https:\/\/pubeurope.com\/@fr\/115364891389756956","error":""},"_links":{"self":[{"href":"https:\/\/www.europesays.com\/fr\/wp-json\/wp\/v2\/posts\/458962","targetHints":{"allow":["GET"]}}],"collection":[{"href":"https:\/\/www.europesays.com\/fr\/wp-json\/wp\/v2\/posts"}],"about":[{"href":"https:\/\/www.europesays.com\/fr\/wp-json\/wp\/v2\/types\/post"}],"author":[{"embeddable":true,"href":"https:\/\/www.europesays.com\/fr\/wp-json\/wp\/v2\/users\/2"}],"replies":[{"embeddable":true,"href":"https:\/\/www.europesays.com\/fr\/wp-json\/wp\/v2\/comments?post=458962"}],"version-history":[{"count":0,"href":"https:\/\/www.europesays.com\/fr\/wp-json\/wp\/v2\/posts\/458962\/revisions"}],"wp:featuredmedia":[{"embeddable":true,"href":"https:\/\/www.europesays.com\/fr\/wp-json\/wp\/v2\/media\/458963"}],"wp:attachment":[{"href":"https:\/\/www.europesays.com\/fr\/wp-json\/wp\/v2\/media?parent=458962"}],"wp:term":[{"taxonomy":"category","embeddable":true,"href":"https:\/\/www.europesays.com\/fr\/wp-json\/wp\/v2\/categories?post=458962"},{"taxonomy":"post_tag","embeddable":true,"href":"https:\/\/www.europesays.com\/fr\/wp-json\/wp\/v2\/tags?post=458962"}],"curies":[{"name":"wp","href":"https:\/\/api.w.org\/{rel}","templated":true}]}}