{"id":458964,"date":"2025-10-13T04:09:11","date_gmt":"2025-10-13T04:09:11","guid":{"rendered":"https:\/\/www.europesays.com\/fr\/458964\/"},"modified":"2025-10-13T04:09:11","modified_gmt":"2025-10-13T04:09:11","slug":"le-calvaire-dune-famille-face-aux-punaises-de-lit","status":"publish","type":"post","link":"https:\/\/www.europesays.com\/fr\/458964\/","title":{"rendered":"le calvaire d\u2019une famille face aux punaises de lit"},"content":{"rendered":"<p>Le couple Peyrache habite un appartement situ\u00e9 rue Louis-Guimet, dans le quartier de C\u00f4te-Chaude. Un logement spacieux id\u00e9al pour cette famille compos\u00e9e de cinq enfants de 10 \u00e0 21 ans. Id\u00e9al jusqu\u2019au jour o\u00f9 des boutons sont apparus sur les bras de leur petit gar\u00e7on. La rougeole\u00a0? Non. Alors, quoi\u00a0? Des punaises de lit.<\/p>\n<p>\u00ab\u00a0Nous habitons cet immeuble, qui date de 1852 et qui abritait jadis une ancienne \u00e9cole, depuis deux ans\u00a0\u00bb, explique C\u00e9line, la m\u00e8re de famille, qui reproche \u00e0 son bailleur social, Alliade habitat, de ne pas faire le n\u00e9cessaire pour se d\u00e9barrasser enfin de ses punaises de lit qui g\u00e2chent la vie de la famille depuis trop longtemps.<\/p>\n<p>Une&#8230;                        <\/p>\n","protected":false},"excerpt":{"rendered":"Le couple Peyrache habite un appartement situ\u00e9 rue Louis-Guimet, dans le quartier de C\u00f4te-Chaude. Un logement spacieux id\u00e9al&hellip;\n","protected":false},"author":2,"featured_media":458965,"comment_status":"","ping_status":"","sticky":false,"template":"","format":"standard","meta":{"footnotes":""},"categories":[9653],"tags":[1111,11,2430,7539,1777,674,107,1011,27,1908,3367,12,25,4001,7538,71,104],"class_list":{"0":"post-458964","1":"post","2":"type-post","3":"status-publish","4":"format-standard","5":"has-post-thumbnail","7":"category-saint-etienne","8":"tag-actu","9":"tag-actualites","10":"tag-auvergne-rhone-alpes","11":"tag-edition-loire-sud","12":"tag-eu","13":"tag-europe","14":"tag-fil-info","15":"tag-fr","16":"tag-france","17":"tag-logement","18":"tag-loire","19":"tag-news","20":"tag-republique-francaise","21":"tag-saint-etienne","22":"tag-saint-etienne-ville","23":"tag-sante","24":"tag-societe"},"share_on_mastodon":{"url":"https:\/\/pubeurope.com\/@fr\/115364899274835138","error":""},"_links":{"self":[{"href":"https:\/\/www.europesays.com\/fr\/wp-json\/wp\/v2\/posts\/458964","targetHints":{"allow":["GET"]}}],"collection":[{"href":"https:\/\/www.europesays.com\/fr\/wp-json\/wp\/v2\/posts"}],"about":[{"href":"https:\/\/www.europesays.com\/fr\/wp-json\/wp\/v2\/types\/post"}],"author":[{"embeddable":true,"href":"https:\/\/www.europesays.com\/fr\/wp-json\/wp\/v2\/users\/2"}],"replies":[{"embeddable":true,"href":"https:\/\/www.europesays.com\/fr\/wp-json\/wp\/v2\/comments?post=458964"}],"version-history":[{"count":0,"href":"https:\/\/www.europesays.com\/fr\/wp-json\/wp\/v2\/posts\/458964\/revisions"}],"wp:featuredmedia":[{"embeddable":true,"href":"https:\/\/www.europesays.com\/fr\/wp-json\/wp\/v2\/media\/458965"}],"wp:attachment":[{"href":"https:\/\/www.europesays.com\/fr\/wp-json\/wp\/v2\/media?parent=458964"}],"wp:term":[{"taxonomy":"category","embeddable":true,"href":"https:\/\/www.europesays.com\/fr\/wp-json\/wp\/v2\/categories?post=458964"},{"taxonomy":"post_tag","embeddable":true,"href":"https:\/\/www.europesays.com\/fr\/wp-json\/wp\/v2\/tags?post=458964"}],"curies":[{"name":"wp","href":"https:\/\/api.w.org\/{rel}","templated":true}]}}