{"id":458974,"date":"2025-10-13T04:17:10","date_gmt":"2025-10-13T04:17:10","guid":{"rendered":"https:\/\/www.europesays.com\/fr\/458974\/"},"modified":"2025-10-13T04:17:10","modified_gmt":"2025-10-13T04:17:10","slug":"votre-commune-concernee-les-552-projets-soutenus-par-la-region-dans-lherault","status":"publish","type":"post","link":"https:\/\/www.europesays.com\/fr\/458974\/","title":{"rendered":"Votre commune concern\u00e9e ? Les 552 projets soutenus par la R\u00e9gion dans l\u2019H\u00e9rault"},"content":{"rendered":"<p>            Par<br \/>\n        <strong><br \/>\n            <a href=\"https:\/\/actu.fr\/auteur\/metropoop\" title=\"Consulter tous les articles de R\u00e9daction M\u00e9tropolitain\" target=\"_blank\" rel=\"noopener\">R\u00e9daction M\u00e9tropolitain<\/a><br \/>\n        <\/strong><\/p>\n<p>        Publi\u00e9 le<\/p>\n<p>            13 oct. 2025 \u00e0 6h12        <\/p>\n<p><strong>Le 3 octobre dernier<\/strong>, \u00e0 Toulouse et Montpellier, Carole Delga, pr\u00e9sidente de la R\u00e9gion Occitanie \/ Pyr\u00e9n\u00e9es M\u00e9diterran\u00e9e, a r\u00e9uni les \u00e9lus de la Commission permanente. Ensemble, ils ont valid\u00e9 un ensemble d\u2019aides destin\u00e9es aux 13 d\u00e9partements de la r\u00e9gion.<br \/>Dans l\u2019H\u00e9rault,<strong> 552 dossiers<\/strong> obtiennent un soutien r\u00e9gional pour un montant total de 28,8 millions d\u2019euros. Ces subventions couvrent des projets vari\u00e9s : r\u00e9novation d\u2019\u00e9quipements publics, mobilit\u00e9s douces, culture, sport, logement social et transition \u00e9nerg\u00e9tique.<\/p>\n<p>B\u00e9ziers : un self au go\u00fbt du jour<\/p>\n<p class=\" wall-content\">Le lyc\u00e9e professionnel Jean Mermoz, fr\u00e9quent\u00e9 par 900 \u00e9l\u00e8ves, va b\u00e9n\u00e9ficier d\u2019une profonde r\u00e9novation de son espace de restauration. La R\u00e9gion d\u00e9bloque 7,8 millions d\u2019euros pour moderniser les cuisines et la salle de repas, tout en respectant le classement Monument Historique du b\u00e2timent. Ce chantier, inscrit dans le vaste plan d\u2019investissement de 800 millions d\u2019euros pour les lyc\u00e9es d\u2019Occitanie d\u2019ici 2027, d\u00e9butera dans deux ans, apr\u00e8s la phase d\u2019\u00e9tudes.\u00a0<\/p>\n<p>    <a href=\"https:\/\/www.google.com\/maps\/embed?pb=!1m18!1m12!1m3!1d2901.3413390568758!2d3.230851876447434!3d43.34897017111826!2m3!1f0!2f0!3f0!3m2!1i1024!2i768!4f13.1!3m3!1m2!1s0x12b10e6e7eba927b%3A0xb511fb240c1c67c8!2sVocational%20High%20School%20Jean%20Mermoz!5e0!3m2!1sen!2sfr!4v1760105319667!5m2!1sen!2sfr\" title=\"Ouvrie le lien\" target=\"_blank\" rel=\"noopener\">Cliquez ici pour visualiser le contenu<\/a><\/p>\n<p>Agde : la gare entre dans le futur<\/p>\n<p class=\" wall-content\">\u00c0 Agde, la gare se transforme pour r\u00e9pondre aux besoins croissants des voyageurs, estim\u00e9s \u00e0 1,3 million d\u2019ici 2030. La R\u00e9gion apporte 2,5 millions d\u2019euros \u00e0 ce vaste projet de modernisation. Le chantier pr\u00e9voit la cr\u00e9ation d\u2019un p\u00f4le d\u2019\u00e9changes multimodal permettant de passer facilement du train au bus, au v\u00e9lo ou \u00e0 la voiture. Une passerelle avec ascenseurs reliera les quais et le futur quartier de la M\u00e9diterran\u00e9enne d\u2019ici fin 2026. Les abords seront repens\u00e9s : 400 places de stationnement, gare routi\u00e8re, espace v\u00e9los dans l\u2019ancienne halle, zone taxis et parvis v\u00e9g\u00e9talis\u00e9.\u00a0<\/p>\n<p>Lunel : un centre aquatique attendu<\/p>\n<p class=\" wall-content\">Le futur centre aquatique de Lunel prendra forme \u00e0 l\u2019horizon 2027. Trois fois plus \u00e9tendu que l\u2019ancienne piscine, il proposera 1 200 m\u00b2 de bassins, un espace ludique et des \u00e9quipements pour les clubs. \u00c9co-responsable, le complexe utilisera les \u00e9nergies renouvelables, la r\u00e9cup\u00e9ration de chaleur et des syst\u00e8mes \u00e9conomes en eau. La R\u00e9gion soutient ce projet \u00e0 hauteur de 450 000 euros, afin de promouvoir la pratique sportive pour tous les publics.<\/p>\n<p>Vid\u00e9os : en ce moment sur ActuS\u00e8te : la Halle Marty double la mise<\/p>\n<p class=\" wall-content\">La Halle Marty poursuit sa m\u00e9tamorphose. Restructur\u00e9e et agrandie, elle comptera 1 600 places assises, un terrain aux normes, une terrasse d\u2019honneur et des espaces modernis\u00e9s.<br \/>Ce lieu accueillera le club de volley de l\u2019Arago, les scolaires, les associations et divers \u00e9v\u00e9nements culturels. La R\u00e9gion apporte 350 000 euros \u00e0 ce projet de 7 millions d\u2019euros, qui doit s\u2019achever fin 2025. La Halle deviendra ainsi un pilier du complexe sportif du Barrou et un lieu de vie pour tous les S\u00e9tois.<\/p>\n<p>Maraussan : une voie verte pour tous<\/p>\n<p class=\" wall-content\">\u00c0 Maraussan, la R\u00e9gion consacre 80 000 euros \u00e0 la cr\u00e9ation d\u2019une voie verte longeant le coll\u00e8ge et les \u00e9quipements sportifs. Longue de 770 m\u00e8tres, cette piste s\u00e9curise les trajets entre le centre du village, le stade et le tennis. Les travaux, d\u00e9coup\u00e9s en cinq phases, ont d\u00e9but\u00e9 cet \u00e9t\u00e9. Trois tron\u00e7ons seront termin\u00e9s mi-octobre. L\u2019enrob\u00e9 imitant le gravier s\u2019int\u00e8gre au paysage tout en favorisant les mobilit\u00e9s douces et la s\u00e9curit\u00e9 des coll\u00e9giens.<\/p>\n<p>Votre r\u00e9gion, votre actu !<\/p>\n<p>Recevez chaque jour les infos qui comptent pour vous.<\/p>\n<p>\t<a href=\"https:\/\/actu.fr\/newsletter\" class=\"ac-btn ac-btn--corner ac-btn--medium ac-btn--blue800\" target=\"_blank\" rel=\"noopener\">S&rsquo;incrire<\/a><br \/>\nGabian : r\u00e9novation d\u2019un espace communal<\/p>\n<p class=\" wall-content\">La salle des sports et des f\u00eates de Gabian, fr\u00e9quent\u00e9e depuis trente ans, sera enti\u00e8rement r\u00e9nov\u00e9e d\u00e9but 2026. La R\u00e9gion accorde 20 000 euros pour soutenir ces travaux. Le projet pr\u00e9voit une entr\u00e9e plus s\u00fbre, une sc\u00e8ne mise aux normes et des am\u00e9liorations \u00e9nerg\u00e9tiques : isolation renforc\u00e9e, nouvelles menuiseries, climatisation r\u00e9versible et pilotage programmable.\u00a0<\/p>\n<p>Saint-Andr\u00e9-de-Sangonis : une m\u00e9diath\u00e8que sur la friche du presbyt\u00e8re<\/p>\n<p class=\" wall-content\">\u00c0 Saint-Andr\u00e9-de-Sangonis, la biblioth\u00e8que actuelle va laisser place \u00e0 une m\u00e9diath\u00e8que moderne, b\u00e2tie sur le site de l\u2019ancien presbyt\u00e8re. La R\u00e9gion investit 180 000 euros dans ce projet culturel. En 2027, les habitants d\u00e9couvriront un lieu convivial avec espaces de lecture, multim\u00e9dia, salle de spectacle et jardin. Construit en pierre et bois, le b\u00e2timent int\u00e9grera des \u00e9l\u00e9ments patrimoniaux du rempart et utilisera la g\u00e9othermie. \u00c0 ses c\u00f4t\u00e9s, 18 logements interg\u00e9n\u00e9rationnels animeront le centre-ville.<\/p>\n<p>Montpellier : un havre social et \u00e9cologique<\/p>\n<p class=\" wall-content\">\u00c0 Montpellier, la R\u00e9gion soutient la construction de 27 logements sociaux <a href=\"https:\/\/actu.fr\/occitanie\/montpellier_34172\/residence-carre-renaissance-un-nouveau-souffle-vert-et-social-pour-montpellier-sud_61589133.html\" target=\"_blank\" rel=\"noopener\">dans le programme Carr\u00e9 Renaissance<\/a>, au sud de la ville. L\u2019aide r\u00e9gionale s\u2019\u00e9l\u00e8ve \u00e0 83 500 euros.<br \/>Ces appartements, g\u00e9r\u00e9s par ACM Habitat, accueilleront des publics vari\u00e9s : retrait\u00e9s, familles monoparentales, salari\u00e9s. Ins\u00e9r\u00e9s dans un parc arbor\u00e9, ils offriront un cadre apaisant et favorisant la mixit\u00e9 sociale. Livraison pr\u00e9vue fin 2025 !<\/p>\n<p class=\" wall-content\">Personnalisez votre actualit\u00e9 en ajoutant vos villes et m\u00e9dias en favori avec <a href=\"https:\/\/moncompte.actu.fr\" title=\"D\u00e9couvez Mon Actu\" rel=\"nofollow noopener\" data-trk=\"{&quot;cta&quot;:{&quot;action&quot;:&quot;https:\\\/\\\/moncompte.actu.fr&quot;,&quot;category&quot;:&quot;mon compte&quot;,&quot;from&quot;:&quot;article footer&quot;,&quot;name&quot;:&quot;Mon actu&quot;,&quot;type&quot;:&quot;cta&quot;}}\" target=\"_blank\">Mon Actu<\/a>.<\/p>\n","protected":false},"excerpt":{"rendered":"Par R\u00e9daction M\u00e9tropolitain Publi\u00e9 le 13 oct. 2025 \u00e0 6h12 Le 3 octobre dernier, \u00e0 Toulouse et Montpellier,&hellip;\n","protected":false},"author":2,"featured_media":458975,"comment_status":"","ping_status":"","sticky":false,"template":"","format":"standard","meta":{"footnotes":""},"categories":[9599],"tags":[1111,11,1261,33,1777,674,652,1011,27,1908,2208,12,2680,25],"class_list":{"0":"post-458974","1":"post","2":"type-post","3":"status-publish","4":"format-standard","5":"has-post-thumbnail","7":"category-montpellier","8":"tag-actu","9":"tag-actualites","10":"tag-argent","11":"tag-economie","12":"tag-eu","13":"tag-europe","14":"tag-famille","15":"tag-fr","16":"tag-france","17":"tag-logement","18":"tag-montpellier","19":"tag-news","20":"tag-occitanie","21":"tag-republique-francaise"},"share_on_mastodon":{"url":"https:\/\/pubeurope.com\/@fr\/115364930716722276","error":""},"_links":{"self":[{"href":"https:\/\/www.europesays.com\/fr\/wp-json\/wp\/v2\/posts\/458974","targetHints":{"allow":["GET"]}}],"collection":[{"href":"https:\/\/www.europesays.com\/fr\/wp-json\/wp\/v2\/posts"}],"about":[{"href":"https:\/\/www.europesays.com\/fr\/wp-json\/wp\/v2\/types\/post"}],"author":[{"embeddable":true,"href":"https:\/\/www.europesays.com\/fr\/wp-json\/wp\/v2\/users\/2"}],"replies":[{"embeddable":true,"href":"https:\/\/www.europesays.com\/fr\/wp-json\/wp\/v2\/comments?post=458974"}],"version-history":[{"count":0,"href":"https:\/\/www.europesays.com\/fr\/wp-json\/wp\/v2\/posts\/458974\/revisions"}],"wp:featuredmedia":[{"embeddable":true,"href":"https:\/\/www.europesays.com\/fr\/wp-json\/wp\/v2\/media\/458975"}],"wp:attachment":[{"href":"https:\/\/www.europesays.com\/fr\/wp-json\/wp\/v2\/media?parent=458974"}],"wp:term":[{"taxonomy":"category","embeddable":true,"href":"https:\/\/www.europesays.com\/fr\/wp-json\/wp\/v2\/categories?post=458974"},{"taxonomy":"post_tag","embeddable":true,"href":"https:\/\/www.europesays.com\/fr\/wp-json\/wp\/v2\/tags?post=458974"}],"curies":[{"name":"wp","href":"https:\/\/api.w.org\/{rel}","templated":true}]}}