{"id":458990,"date":"2025-10-13T04:28:10","date_gmt":"2025-10-13T04:28:10","guid":{"rendered":"https:\/\/www.europesays.com\/fr\/458990\/"},"modified":"2025-10-13T04:28:10","modified_gmt":"2025-10-13T04:28:10","slug":"candidat-solo-sur-la-liste-deric-ciotti-quelle-place-pour-philippe-vardon-pour-les-municipales-2026-a-nice","status":"publish","type":"post","link":"https:\/\/www.europesays.com\/fr\/458990\/","title":{"rendered":"Candidat solo, sur la liste d\u2019Eric Ciotti&#8230; Quelle place pour Philippe Vardon pour les municipales 2026\u00a0\u00e0 Nice\u00a0?"},"content":{"rendered":"<p class=\"fs-5 \">Philippe Vardon va-t-il, peut-il, se pr\u00e9senter aux \u00e9lections municipales \u00e0 Nice en mars 2026 ? Le conseiller municipal, m\u00e9tropolitain et r\u00e9gional qui embrasse d\u00e9sormais les couleurs d\u2019Identit\u00e9 Libert\u00e9s, le parti de Marion Mar\u00e9chal, a-t-il conserv\u00e9 une fen\u00eatre de tir dans ce scrutin alors qu\u2019\u00c9ric Ciotti a fait officiellement son entr\u00e9e en sc\u00e8ne, avec l\u2019Union des droites pour la R\u00e9publique, son parti alli\u00e9 au Rassemblement national ?<\/p>\n<p>                                                                                2008, 2014, 2020&#8230; Et 2026 ?<\/p>\n<p class=\"fs-5 \">En 2020, Philippe Vardon s\u2019\u00e9tait cal\u00e9 sur la ligne de d\u00e9part avec le dossard du parti de Marine Le Pen et Jordan Bardella. Au premier tour, l\u2019ex-identitaire qui n\u2019a pris sa carte au \u00ab Front \u00bb qu\u2019officiellement en 2015, avait r\u00e9colt\u00e9 16,69 % des voix. Au second, ses 21,39 % lui avaient permis de poser sept \u00e9lus sur les bancs de l\u2019opposition. En 2008 et 2014, sous l\u2019\u00e9tiquette Nissa Rebela, le mouvement nationaliste et identitaire qu\u2019il a fond\u00e9, il n\u2019avait engrang\u00e9 que 3,03 % et 4,49 % des suffrages.<\/p>\n<p class=\"fs-5 \">Depuis, liss\u00e9, mais pas trop, par les partis qu\u2019il a officiellement int\u00e9gr\u00e9s dans sa carri\u00e8re, comme Reconqu\u00eate ! entre 2022 et 2024, mais aussi adoub\u00e9 par le r\u00f4le qu\u2019il a jou\u00e9 au plus pr\u00e8s de Marine Le Pen lors de la pr\u00e9sidentielle de 2017, Philippe vardon s\u2019est forg\u00e9 nom et stature, hors la sph\u00e8re identitaire. Mais cela sera-t-il suffisant pour avoir une carte \u00e0 jouer en 2026, \u00e9cras\u00e9 par l\u2019attelage UDR-RN ?<\/p>\n<p>                                                                                \u00ab Il n\u2019a plus aucune chance \u00bb<\/p>\n<p class=\"fs-5 \">\u00ab Non \u00bb, estime un \u00e9lu azur\u00e9en. \u00ab Philippe Vardon n\u2019a plus aucune chance de passer le second tour, juste avec le soutien de Marion Mar\u00e9chal Le Pen face \u00e0 la machine RN alli\u00e9e \u00e0 Ciotti. Il est corn\u00e9ris\u00e9 \u00bb, d\u00e9crypte ce connaisseur du microcosme politique ni\u00e7ois. Qui doute m\u00eame que l\u2019\u00e9lu d\u2019opposition sortant ne retente l\u2019aventure dans six mois. \u00ab Il va se repr\u00e9senter, c\u2019est un combattant \u00bb, le contredit un proche de l\u2019\u00e9lu d\u2019extr\u00eame droite. \u00ab Chez Marion Mar\u00e9chal, il y a des gens qui font des ch\u00e8ques. Le financement de sa campagne ne sera pas un probl\u00e8me \u00bb, dit-il. \u00ab Lui et son groupe municipal se sont d\u2019ailleurs d\u00e9j\u00e0 mis en ordre de marche pour y aller \u00bb, jure encore cette source. Contact\u00e9 \u00e0 de nombreuses reprises, Philippe Vardon n\u2019a pas souhait\u00e9 s\u2019exprimer.<\/p>\n<p>                                                                                Sur la liste d\u2019Eric Ciotti ?<\/p>\n<p class=\"fs-5 \">\u00ab La possibilit\u00e9 qu\u2019il r\u00e9ussisse \u00e0 n\u00e9gocier avec \u00c9ric Ciotti est quasi-nulle \u00bb, r\u00e9v\u00e8le une autre source. \u00ab D\u00e9j\u00e0 il n\u2019y a pas d\u2019accord national entre le RN, l\u2019UDR et Identit\u00e9 Libert\u00e9s. Et les relations entre Marine et Marion sont toujours aussi ex\u00e9crables, voire pires \u00bb, insiste ce Ni\u00e7ois.<\/p>\n<p class=\"fs-5 \">Un proche d\u2019\u00c9ric Ciotti confirme que ce n\u2019est vraiment pas gagn\u00e9 : \u00ab Le d\u00e9put\u00e9 ne veut pas de Philippe Vardon sur sa liste. Les seuls contacts qu\u2019ils ont, c\u2019est par l\u2019interm\u00e9diaire de Marion Mar\u00e9chal \u00bb. Une liste en solo affaiblirait-elle celle du d\u00e9put\u00e9-candidat ? Ce n\u2019est pas ce que croit l\u2019entourage d\u2019\u00c9ric Ciotti. \u00ab Une liste Vardon recentrerait politiquement notre candidature et nous servirait de r\u00e9serve de voix au second tour \u00bb, sourit-on.<\/p>\n<p class=\"fs-5 \">Dans le camp Estrosi, on n\u2019a pas la m\u00eame analyse. Une candidature Vardon grignoterait des suffrages \u00e0 la Liste Ciotti. \u00ab Et ce serait toujours \u00e7a de pris \u00bb, sourit un proche du maire sortant Horizons, candidat \u00e0 sa r\u00e9\u00e9lection.<\/p>\n","protected":false},"excerpt":{"rendered":"Philippe Vardon va-t-il, peut-il, se pr\u00e9senter aux \u00e9lections municipales \u00e0 Nice en mars 2026 ? Le conseiller municipal,&hellip;\n","protected":false},"author":2,"featured_media":458991,"comment_status":"","ping_status":"","sticky":false,"template":"","format":"standard","meta":{"footnotes":""},"categories":[2819],"tags":[1111,11,1777,674,1011,27,3434,12,2401,882,25],"class_list":{"0":"post-458990","1":"post","2":"type-post","3":"status-publish","4":"format-standard","5":"has-post-thumbnail","7":"category-nice","8":"tag-actu","9":"tag-actualites","10":"tag-eu","11":"tag-europe","12":"tag-fr","13":"tag-france","14":"tag-municipales-2026","15":"tag-news","16":"tag-nice","17":"tag-provence-alpes-cote-dazur","18":"tag-republique-francaise"},"share_on_mastodon":{"url":"https:\/\/pubeurope.com\/@fr\/115364974019683337","error":""},"_links":{"self":[{"href":"https:\/\/www.europesays.com\/fr\/wp-json\/wp\/v2\/posts\/458990","targetHints":{"allow":["GET"]}}],"collection":[{"href":"https:\/\/www.europesays.com\/fr\/wp-json\/wp\/v2\/posts"}],"about":[{"href":"https:\/\/www.europesays.com\/fr\/wp-json\/wp\/v2\/types\/post"}],"author":[{"embeddable":true,"href":"https:\/\/www.europesays.com\/fr\/wp-json\/wp\/v2\/users\/2"}],"replies":[{"embeddable":true,"href":"https:\/\/www.europesays.com\/fr\/wp-json\/wp\/v2\/comments?post=458990"}],"version-history":[{"count":0,"href":"https:\/\/www.europesays.com\/fr\/wp-json\/wp\/v2\/posts\/458990\/revisions"}],"wp:featuredmedia":[{"embeddable":true,"href":"https:\/\/www.europesays.com\/fr\/wp-json\/wp\/v2\/media\/458991"}],"wp:attachment":[{"href":"https:\/\/www.europesays.com\/fr\/wp-json\/wp\/v2\/media?parent=458990"}],"wp:term":[{"taxonomy":"category","embeddable":true,"href":"https:\/\/www.europesays.com\/fr\/wp-json\/wp\/v2\/categories?post=458990"},{"taxonomy":"post_tag","embeddable":true,"href":"https:\/\/www.europesays.com\/fr\/wp-json\/wp\/v2\/tags?post=458990"}],"curies":[{"name":"wp","href":"https:\/\/api.w.org\/{rel}","templated":true}]}}