{"id":459003,"date":"2025-10-13T04:36:19","date_gmt":"2025-10-13T04:36:19","guid":{"rendered":"https:\/\/www.europesays.com\/fr\/459003\/"},"modified":"2025-10-13T04:36:19","modified_gmt":"2025-10-13T04:36:19","slug":"un-cadre-de-bruno-genesio-au-coeur-dune-grosse-polemique","status":"publish","type":"post","link":"https:\/\/www.europesays.com\/fr\/459003\/","title":{"rendered":"un cadre de Bruno Genesio au coeur d&rsquo;une grosse pol\u00e9mique"},"content":{"rendered":"<p>\t\t\t\t\t Quatri\u00e8me dans la hi\u00e9rarchie des gardiens turcs en s\u00e9lection, Berke \u00d6zer (25 ans) titulaire dans le onze de Bruno Genesio au LOSC, n&rsquo;a pas dig\u00e9r\u00e9 sa rel\u00e9gation en tribunes lors de la large victoire contre la Bulgarie (6-1). Selon les m\u00e9dias turcs, le portier lillois a donc d\u00e9cid\u00e9 de quitter le camp d&rsquo;entra\u00eenement \u00e0 Istanbul sans autorisation officielle, provoquant l&rsquo;ire de la F\u00e9d\u00e9ration.\u200b <\/p>\n<p>La r\u00e9action n&rsquo;a pas tard\u00e9. Dans un communiqu\u00e9 au vitriol, la F\u00e9d\u00e9ration turque a fustig\u00e9 \u00ab\u00a0un comportement inacceptable\u00a0\u00bb. \u00ab\u00a0Alors que nous nous effor\u00e7ons avec d\u00e9termination de nous qualifier pour la Coupe du monde, un tel comportement est inacceptable\u00a0\u00bb, peut-on lire dans le communiqu\u00e9 officiel. <\/p>\n<p>Berke \u00d6zer n&rsquo;est pourtant pas rest\u00e9 silencieux. Sur Instagram, le h\u00e9ros des trois penalties face \u00e0 l&rsquo;AS Rome s&rsquo;est longuement expliqu\u00e9. \u00ab\u00a0Avant de rejoindre le stage de l&rsquo;\u00e9quipe nationale, j&rsquo;ai partag\u00e9 ma douleur et ma situation avec notre \u00e9quipe technique\u00a0\u00bb, a-t-il \u00e9crit. Le gardien assure avoir obtenu l&rsquo;accord du staff pour rentrer en France : \u00ab\u00a0Avec l&rsquo;accord et la permission du staff technique et administratif, j&rsquo;ai volontairement quitt\u00e9 le camp\u00a0\u00bb.\u200b <\/p>\n<p>Une version que conteste formellement la F\u00e9d\u00e9ration turque. Selon RMC Sport, l&rsquo;instance dirigeante affirme qu&rsquo;\u00d6zer \u00ab\u00a0a quitt\u00e9 notre centre d&rsquo;entra\u00eenement sans l&rsquo;autorisation de notre encadrement technique et administratif\u00a0\u00bb.\u200b <\/p>\n<p>La situation de Berke \u00d6zer en s\u00e9lection turque refl\u00e8te une forte concurrence qui n&rsquo;est pas forc\u00e9ment \u00e9quitable. Vincenzo Montella privil\u00e9gie actuellement Ugurcan \u00c7ak\u0131r (Galatasaray) comme num\u00e9ro un, avec Altay Bay\u0131nd\u0131r (Manchester United) et Mert G\u00fcnok (Besiktas) en backup sur le banc. Cette hi\u00e9rarchie laisse le portier lillois en derni\u00e8re position, malgr\u00e9 ses r\u00e9centes performances europ\u00e9ennes.\u200b <\/p>\n<p>Le timing de cette pol\u00e9mique tombe particuli\u00e8rement mal pour la Turquie, actuellement deuxi\u00e8me du groupe E des \u00e9liminatoires du Mondial 2026 derri\u00e8re l&rsquo;Espagne. Vincenzo Montella a imm\u00e9diatement fait appel \u00e0 Muhammed \u015eengezer (Istanbul Ba\u015fak\u015fehir) pour remplacer \u00d6zer.\u200b\n\t\t\t\t <\/p>\n","protected":false},"excerpt":{"rendered":"Quatri\u00e8me dans la hi\u00e9rarchie des gardiens turcs en s\u00e9lection, Berke \u00d6zer (25 ans) titulaire dans le onze de&hellip;\n","protected":false},"author":2,"featured_media":459004,"comment_status":"","ping_status":"","sticky":false,"template":"","format":"standard","meta":{"footnotes":""},"categories":[2815],"tags":[1111,11,1777,674,1011,27,811,1307,12,25],"class_list":{"0":"post-459003","1":"post","2":"type-post","3":"status-publish","4":"format-standard","5":"has-post-thumbnail","7":"category-lille","8":"tag-actu","9":"tag-actualites","10":"tag-eu","11":"tag-europe","12":"tag-fr","13":"tag-france","14":"tag-hauts-de-france","15":"tag-lille","16":"tag-news","17":"tag-republique-francaise"},"share_on_mastodon":{"url":"https:\/\/pubeurope.com\/@fr\/115365005463534196","error":""},"_links":{"self":[{"href":"https:\/\/www.europesays.com\/fr\/wp-json\/wp\/v2\/posts\/459003","targetHints":{"allow":["GET"]}}],"collection":[{"href":"https:\/\/www.europesays.com\/fr\/wp-json\/wp\/v2\/posts"}],"about":[{"href":"https:\/\/www.europesays.com\/fr\/wp-json\/wp\/v2\/types\/post"}],"author":[{"embeddable":true,"href":"https:\/\/www.europesays.com\/fr\/wp-json\/wp\/v2\/users\/2"}],"replies":[{"embeddable":true,"href":"https:\/\/www.europesays.com\/fr\/wp-json\/wp\/v2\/comments?post=459003"}],"version-history":[{"count":0,"href":"https:\/\/www.europesays.com\/fr\/wp-json\/wp\/v2\/posts\/459003\/revisions"}],"wp:featuredmedia":[{"embeddable":true,"href":"https:\/\/www.europesays.com\/fr\/wp-json\/wp\/v2\/media\/459004"}],"wp:attachment":[{"href":"https:\/\/www.europesays.com\/fr\/wp-json\/wp\/v2\/media?parent=459003"}],"wp:term":[{"taxonomy":"category","embeddable":true,"href":"https:\/\/www.europesays.com\/fr\/wp-json\/wp\/v2\/categories?post=459003"},{"taxonomy":"post_tag","embeddable":true,"href":"https:\/\/www.europesays.com\/fr\/wp-json\/wp\/v2\/tags?post=459003"}],"curies":[{"name":"wp","href":"https:\/\/api.w.org\/{rel}","templated":true}]}}