{"id":459005,"date":"2025-10-13T04:37:10","date_gmt":"2025-10-13T04:37:10","guid":{"rendered":"https:\/\/www.europesays.com\/fr\/459005\/"},"modified":"2025-10-13T04:37:10","modified_gmt":"2025-10-13T04:37:10","slug":"lavocat-et-ex-adjoint-au-maire-jose-allegrini-vise-par-une-enquete-pour-agression-sexuelle","status":"publish","type":"post","link":"https:\/\/www.europesays.com\/fr\/459005\/","title":{"rendered":"L\u2019avocat et ex-adjoint au maire Jos\u00e9 Allegrini vis\u00e9 par une enqu\u00eate pour agression sexuelle"},"content":{"rendered":"<p>\t    L\u2019avocat et ex-adjoint au maire Jos\u00e9 Allegrini vis\u00e9 par une enqu\u00eate pour agression sexuelle &#8211; Marsactu<\/p>\n<p>&#13;<br \/>\n\t\t&#13;<\/p>\n<p>Nous utilisons des cookies pour vous garantir la meilleure exp\u00e9rience sur notre site. Vous pouvez choisir de refuser les cookies.J&rsquo;accepteNonEn savoir plus<\/p>\n<p>\t\t&#13;<\/p>\n","protected":false},"excerpt":{"rendered":"L\u2019avocat et ex-adjoint au maire Jos\u00e9 Allegrini vis\u00e9 par une enqu\u00eate pour agression sexuelle &#8211; Marsactu &#13; &#13;&hellip;\n","protected":false},"author":2,"featured_media":459006,"comment_status":"","ping_status":"","sticky":false,"template":"","format":"standard","meta":{"footnotes":""},"categories":[2814],"tags":[1111,11,24173,1777,674,1011,27,58403,884,12,882,25,4772],"class_list":{"0":"post-459005","1":"post","2":"type-post","3":"status-publish","4":"format-standard","5":"has-post-thumbnail","7":"category-marseille","8":"tag-actu","9":"tag-actualites","10":"tag-batonnier","11":"tag-eu","12":"tag-europe","13":"tag-fr","14":"tag-france","15":"tag-joseallegrini","16":"tag-marseille","17":"tag-news","18":"tag-provence-alpes-cote-dazur","19":"tag-republique-francaise","20":"tag-zalu"},"share_on_mastodon":{"url":"https:\/\/pubeurope.com\/@fr\/115365009399963547","error":""},"_links":{"self":[{"href":"https:\/\/www.europesays.com\/fr\/wp-json\/wp\/v2\/posts\/459005","targetHints":{"allow":["GET"]}}],"collection":[{"href":"https:\/\/www.europesays.com\/fr\/wp-json\/wp\/v2\/posts"}],"about":[{"href":"https:\/\/www.europesays.com\/fr\/wp-json\/wp\/v2\/types\/post"}],"author":[{"embeddable":true,"href":"https:\/\/www.europesays.com\/fr\/wp-json\/wp\/v2\/users\/2"}],"replies":[{"embeddable":true,"href":"https:\/\/www.europesays.com\/fr\/wp-json\/wp\/v2\/comments?post=459005"}],"version-history":[{"count":0,"href":"https:\/\/www.europesays.com\/fr\/wp-json\/wp\/v2\/posts\/459005\/revisions"}],"wp:featuredmedia":[{"embeddable":true,"href":"https:\/\/www.europesays.com\/fr\/wp-json\/wp\/v2\/media\/459006"}],"wp:attachment":[{"href":"https:\/\/www.europesays.com\/fr\/wp-json\/wp\/v2\/media?parent=459005"}],"wp:term":[{"taxonomy":"category","embeddable":true,"href":"https:\/\/www.europesays.com\/fr\/wp-json\/wp\/v2\/categories?post=459005"},{"taxonomy":"post_tag","embeddable":true,"href":"https:\/\/www.europesays.com\/fr\/wp-json\/wp\/v2\/tags?post=459005"}],"curies":[{"name":"wp","href":"https:\/\/api.w.org\/{rel}","templated":true}]}}