{"id":459011,"date":"2025-10-13T04:40:12","date_gmt":"2025-10-13T04:40:12","guid":{"rendered":"https:\/\/www.europesays.com\/fr\/459011\/"},"modified":"2025-10-13T04:40:12","modified_gmt":"2025-10-13T04:40:12","slug":"fermetures-et-restrictions-de-circulation-a-lyon-et-dans-la-region-cette-semaine","status":"publish","type":"post","link":"https:\/\/www.europesays.com\/fr\/459011\/","title":{"rendered":"fermetures et restrictions de circulation \u00e0 Lyon et dans la r\u00e9gion cette semaine"},"content":{"rendered":"<p>  A450\u00a0: fermeture dans les deux sens<\/p>\n<p>Attention, au sud de Lyon, l\u2019A450 sera compl\u00e8tement ferm\u00e9e entre Brignais et Pierre-B\u00e9nite, dans les deux sens. Entre lundi et jeudi inclus, de 20 heures \u00e0 5 heures pour un chantier d\u2019entretien de la chauss\u00e9e.<\/p>\n<p>  M6\u00a0: fermeture dans les deux sens<\/p>\n<p>Fermeture totale \u00e9galement de la M6, au nord de Lyon, entre Limonest et le n\u0153ud du Valvert (Tassin) pour un chantier d\u2019entretien de la chauss\u00e9e. Les deux sens sont concern\u00e9s, de lundi \u00e0 jeudi, de 20\u00a0h\u00a030 \u00e0 6 heures.<\/p>\n<p>  Boulevard urbain sud\u00a0: fermeture totale<\/p>\n<p>Le BUS (D301) au sud-est de Lyon, qui permet notamment de connecter l\u2019A46 \u00e0 l\u2019A7, sera ferm\u00e9 dans les deux sens ouest-est entre Feyzin et V\u00e9nissieux. Le chantier aura lieu de lundi \u00e0 jeudi, entre 20\u00a0h\u00a030 et 6 heures.<\/p>\n<p>  L\u2019A89, dans la nuit du 14\u00a0octobre, entre Balbigny et Tarare <\/p>\n<p>Sur l\u2019A89, un exercice annuel de s\u00e9curit\u00e9 mobilisera les tunnels de Violay, Bussi\u00e8re et Chalosset entre 20\u00a0h et 6\u00a0h au cours de la nuit du mardi 14\u00a0octobre 2025. Pour l\u2019occasion, l\u2019A89 sera ferm\u00e9e entre les \u00e9changeurs de Balbigny (n\u00b033) et de Tarare est (n\u00b035) dans les deux sens de circulation. Des itin\u00e9raires de d\u00e9viation seront mis en place pour accompagner les conducteurs pendant ces fermetures.<\/p>\n<p>  L\u2019A89, dans la nuit du 16\u00a0octobre, au niveau du Haut Forez sud<\/p>\n<p>En raison du programme d\u2019entretien des \u00e9quipements, Vinci Autoroutes va proc\u00e9der \u00e0 des travaux de r\u00e9novation des chauss\u00e9es au niveau de l\u2019aire de services du Haut Forez sud, situ\u00e9e sur l\u2019autoroute A89, accessible pour les v\u00e9hicules circulant en direction de Saint-Etienne. Ces op\u00e9rations n\u00e9cessiteront la fermeture de l\u2019aire de services au cours de la nuit du jeudi 16\u00a0octobre 2025, de 17\u00a0h \u00e0 5\u00a0h le lendemain. Par cons\u00e9quent, le service de recharge \u00e9lectrique sera lui aussi inaccessible.<\/p>\n<p>  L\u2019A7, dans la nuit du 13\u00a0octobre, \u00e0 Tain-l\u2019Hermitage<\/p>\n<p>Au cours de la nuit du 13 au 14\u00a0octobre, des travaux de r\u00e9novation des bordures du rond-point situ\u00e9 en amont de l\u2019\u00e9changeur de Tain-l\u2019Hermitage sur l\u2019A7 entra\u00eeneront une fermeture des bretelles d\u2019entr\u00e9es. De 22\u00a0h \u00e0 6\u00a0h le lendemain, les conducteurs souhaitant emprunter l\u2019A7 en direction de Lyon ou de Marseille devront suivre la RN7 en direction <a href=\"https:\/\/www.leprogres.fr\/faits-divers-justice\/2025\/10\/06\/un-poids-lourd-en-feu-sur-l-a7-l-autoroute-coupee-en-direction-de-lyon\" target=\"_blank\" rel=\"nofollow noopener\">de Bourg-l\u00e8s-Valence<\/a> , avant de retrouver l\u2019A7.<\/p>\n<p>En cas d\u2019intemp\u00e9ries, les travaux pourront \u00eatre report\u00e9s la nuit du mardi\u00a014 au mercredi 15\u00a0octobre dans les m\u00eames conditions.<\/p>\n<p>  L\u2019A7 du 13 au 30\u00a0octobre, \u00e0 Loriol<\/p>\n<p>Des travaux de r\u00e9novation des chauss\u00e9es et des marquages au sol au niveau de l\u2019\u00e9changeur de Loriol sur l\u2019A7 auront lieu de nuit du lundi au jeudi entre le 13 et le 30\u00a0octobre, de 22\u00a0h \u00e0 5\u00a0h le lendemain. Ils n\u00e9cessiteront toutefois la fermeture de cet \u00e9changeur.<\/p>\n<p>Par cons\u00e9quent, en direction de Lyon, les conducteurs devront suivre la RN7, afin de rejoindre l\u2019autoroute au niveau de l\u2019\u00e9changeur de Valence\/Romans. En provenance de Lyon, les conducteurs souhaitant rejoindre le secteur devront sortir au niveau de l\u2019\u00e9changeur de Valence\/Romans et suivre la RN7 direction Marseille.<\/p>\n","protected":false},"excerpt":{"rendered":"A450\u00a0: fermeture dans les deux sens Attention, au sud de Lyon, l\u2019A450 sera compl\u00e8tement ferm\u00e9e entre Brignais et&hellip;\n","protected":false},"author":2,"featured_media":459012,"comment_status":"","ping_status":"","sticky":false,"template":"","format":"standard","meta":{"footnotes":""},"categories":[1889],"tags":[1111,11,2430,3542,2757,1777,674,1011,27,2428,2756,12,25,2429,104,2803],"class_list":{"0":"post-459011","1":"post","2":"type-post","3":"status-publish","4":"format-standard","5":"has-post-thumbnail","7":"category-lyon","8":"tag-actu","9":"tag-actualites","10":"tag-auvergne-rhone-alpes","11":"tag-circulation","12":"tag-edition-lyon-villeurbanne","13":"tag-eu","14":"tag-europe","15":"tag-fr","16":"tag-france","17":"tag-lyon","18":"tag-lyon-bassin","19":"tag-news","20":"tag-republique-francaise","21":"tag-rhone","22":"tag-societe","23":"tag-transport"},"share_on_mastodon":{"url":"https:\/\/pubeurope.com\/@fr\/115365021179373778","error":""},"_links":{"self":[{"href":"https:\/\/www.europesays.com\/fr\/wp-json\/wp\/v2\/posts\/459011","targetHints":{"allow":["GET"]}}],"collection":[{"href":"https:\/\/www.europesays.com\/fr\/wp-json\/wp\/v2\/posts"}],"about":[{"href":"https:\/\/www.europesays.com\/fr\/wp-json\/wp\/v2\/types\/post"}],"author":[{"embeddable":true,"href":"https:\/\/www.europesays.com\/fr\/wp-json\/wp\/v2\/users\/2"}],"replies":[{"embeddable":true,"href":"https:\/\/www.europesays.com\/fr\/wp-json\/wp\/v2\/comments?post=459011"}],"version-history":[{"count":0,"href":"https:\/\/www.europesays.com\/fr\/wp-json\/wp\/v2\/posts\/459011\/revisions"}],"wp:featuredmedia":[{"embeddable":true,"href":"https:\/\/www.europesays.com\/fr\/wp-json\/wp\/v2\/media\/459012"}],"wp:attachment":[{"href":"https:\/\/www.europesays.com\/fr\/wp-json\/wp\/v2\/media?parent=459011"}],"wp:term":[{"taxonomy":"category","embeddable":true,"href":"https:\/\/www.europesays.com\/fr\/wp-json\/wp\/v2\/categories?post=459011"},{"taxonomy":"post_tag","embeddable":true,"href":"https:\/\/www.europesays.com\/fr\/wp-json\/wp\/v2\/tags?post=459011"}],"curies":[{"name":"wp","href":"https:\/\/api.w.org\/{rel}","templated":true}]}}