{"id":459020,"date":"2025-10-13T04:46:16","date_gmt":"2025-10-13T04:46:16","guid":{"rendered":"https:\/\/www.europesays.com\/fr\/459020\/"},"modified":"2025-10-13T04:46:16","modified_gmt":"2025-10-13T04:46:16","slug":"lobb-supprime-les-trains-de-nuit-entre-paris-et-vienne-montez-a-bord-de-ces-trains-de-nuit-alternatifs","status":"publish","type":"post","link":"https:\/\/www.europesays.com\/fr\/459020\/","title":{"rendered":"L&rsquo;\u00d6BB supprime les trains de nuit entre Paris et Vienne. Montez \u00e0 bord de ces trains de nuit alternatifs"},"content":{"rendered":"<p>          <img decoding=\"async\" class=\"c-ad__placeholder__logo\" src=\"https:\/\/static.euronews.com\/website\/images\/logos\/logo-euronews-stacked-outlined-72x72-grey-9.svg\" width=\"72\" height=\"72\" alt=\"\" loading=\"lazy\"\/><br \/>\n          PUBLICIT\u00c9<\/p>\n<p>Les trains de nuit reliant Paris \u00e0 Vienne et Berlin seront supprim\u00e9s \u00e0 partir de la mi-d\u00e9cembre, a annonc\u00e9 l&rsquo;op\u00e9rateur ferroviaire national autrichien \u00d6BB.<\/p>\n<p>Cette d\u00e9cision fait suite au retrait du financement par le gouvernement fran\u00e7ais.<\/p>\n<p>Les services NightJet ont \u00e9t\u00e9 lanc\u00e9s en 2023 en partenariat avec la SNCF (France), la Deutsche Bahn (Allemagne) et la SNCB (Belgique).<\/p>\n<p>\u00ab\u00a0Les trains de nuit ne peuvent \u00eatre exploit\u00e9s qu&rsquo;avec la participation de partenaires internationaux\u00a0\u00bb, a d\u00e9clar\u00e9 \u00d6BB dans un communiqu\u00e9, exprimant ses regrets pour l&rsquo;interruption.<\/p>\n<p>Nightjet supprime les trains-couchettes Paris-Berlin-Vienne<\/p>\n<p>Les services <a href=\"https:\/\/fr.euronews.com\/voyages\/2024\/04\/13\/confortables-mais-exigus-comment-les-trains-de-nuit-europeens-se-comparent-en-matiere-de-s\" target=\"_blank\" rel=\"noopener\"><strong>Nightjet<\/strong><\/a> reliant Paris, Berlin et Vienne ne seront plus propos\u00e9s \u00e0 partir du 14 d\u00e9cembre 2025.<\/p>\n<p>\u00ab\u00a0L&rsquo;exploitation des trains de nuit est en effet un \u00e9norme d\u00e9fi \u00e9conomique\u00a0\u00bb, a d\u00e9clar\u00e9 l&rsquo;op\u00e9rateur fran\u00e7ais SNCF dans un communiqu\u00e9.<\/p>\n<p>Elle a ajout\u00e9 que m\u00eame avec un taux d&rsquo;occupation moyen de 70 %, les services de nuit transfrontaliers \u00ab\u00a0ne sont pas \u00e9conomiquement viables sans subventions publiques\u00a0\u00bb.<\/p>\n<p>\u00ab\u00a0Alors qu&rsquo;un si\u00e8ge dans un avion peut \u00eatre vendu jusqu&rsquo;\u00e0 cinq fois par jour et un si\u00e8ge dans un train de jour jusqu&rsquo;\u00e0 quatre fois, un si\u00e8ge dans un <a href=\"https:\/\/fr.euronews.com\/voyages\/2024\/12\/28\/des-billets-a-10-euros-au-grand-luxe-les-nouveaux-itineraires-ferroviaires-les-plus-intere\" target=\"_blank\" rel=\"noopener\"><strong>train de nuit<\/strong><\/a> ne peut \u00eatre vendu qu&rsquo;une fois par jour\u00a0\u00bb, a d\u00e9clar\u00e9 la SNCF.<\/p>\n<p>\u00ab\u00a0De plus, les co\u00fbts de personnel sont plus \u00e9lev\u00e9s sur les trains de nuit (plus de personnel de service, plus de personnel de cabine en raison du passage des fronti\u00e8res, et le co\u00fbt des services de nuit est plus \u00e9lev\u00e9). Les longs trajets entra\u00eenent des co\u00fbts li\u00e9s \u00e0 l&rsquo;acc\u00e8s aux infrastructures dans plusieurs pays et des co\u00fbts \u00e9nerg\u00e9tiques \u00e9lev\u00e9s.\u00a0\u00bb<\/p>\n<p>\u00d6BB a confirm\u00e9 qu&rsquo;elle maintiendrait son service <a href=\"https:\/\/fr.euronews.com\/voyages\/2023\/06\/27\/voyager-sans-avion-voici-les-meilleurs-nouveaux-itineraires-ferroviaires-europeens\" target=\"_blank\" rel=\"noopener\"><strong>Nightjet<\/strong><\/a> trois fois par semaine entre Vienne et Bruxelles jusqu&rsquo;en 2026, ainsi que sur des liaisons populaires telles que Vienne-Amsterdam et Munich-Rome.<\/p>\n<p>Autres trains de nuit entre Paris et les capitales europ\u00e9ennes<\/p>\n<p>Si vous souhaitez faire l&rsquo;exp\u00e9rience de la nuit au d\u00e9part de la capitale fran\u00e7aise, il existe de nombreux autres itin\u00e9raires.<\/p>\n<p>L&rsquo;op\u00e9rateur italien Thello propose des services entre Paris et Dijon en France et Brescia, Bologne, Florence, Milan, Padoue, Venise, V\u00e9rone et Vicence en <a href=\"https:\/\/fr.euronews.com\/voyages\/2024\/08\/22\/nouveau-train-de-nuit-bruxelles-venise-les-9-villes-du-trajet-le-cout-et-les-modalites-de-\" target=\"_blank\" rel=\"noopener\"><strong>Italie<\/strong><\/a>.<\/p>\n<p>Les passagers ont le choix entre des cabines couchettes de 6 et 4 couchettes &#8211; toutes deux climatis\u00e9es et comprenant une bouteille d&rsquo;eau &#8211; et des cabines couchettes de 3, 2 et 1 couchettes.<\/p>\n<p>Les cabines couchettes disposent d&rsquo;un lavabo avec eau chaude et froide, d&rsquo;un vrai lit, d&rsquo;une trousse de toilette gratuite et d&rsquo;une bouteille d&rsquo;eau.<\/p>\n<p>\u00c0 l&rsquo;arriv\u00e9e, les passagers re\u00e7oivent une boisson de bienvenue. Le matin, les agents servent un petit-d\u00e9jeuner continental accompagn\u00e9 du journal du jour dans la voiture-restaurant (tous deux inclus dans le prix du billet).<\/p>\n<p>En France, il existe des dizaines de trains Intercit\u00e9s de Nuit entre Paris et des villes comme Brian\u00e7on, Nice et Toulouse.<\/p>\n<p>Les passagers peuvent choisir une couchette \u00e0 quatre lits en premi\u00e8re ou en deuxi\u00e8me classe.<\/p>\n<p>Si vous souhaitez vous rendre de Paris \u00e0 Berlin, vous pouvez combiner l&rsquo;Eurostar et l&rsquo;<a href=\"https:\/\/fr.euronews.com\/voyages\/2025\/06\/12\/ce-nouveau-train-de-nuit-promet-de-desservir-100-villes-europeennes-pour-un-prix-inferieur\" target=\"_blank\" rel=\"noopener\"><strong>European Sleeper<\/strong><\/a>.<\/p>\n<p>Pour ce faire, les voyageurs doivent prendre l&rsquo;Eurostar jusqu&rsquo;\u00e0 Bruxelles, d&rsquo;o\u00f9 le Good Night Train assure la liaison avec Berlin. Il est \u00e9galement possible de prendre le <a href=\"https:\/\/fr.euronews.com\/voyages\/2023\/03\/10\/voyage-de-reve-comment-le-reseau-europeen-de-trains-de-nuit-va-se-developper\" target=\"_blank\" rel=\"noopener\"><strong>train-couchettes<\/strong><\/a> pour plusieurs autres destinations, dont Amsterdam, Dresde et Prague.<\/p>\n<p>Trains-couchettes de luxe au d\u00e9part de Paris<\/p>\n<p>Paris est \u00e9galement le point de d\u00e9part de deux des plus belles exp\u00e9riences ferroviaires d&rsquo;Europe.<\/p>\n<p>Les trains de luxe Golden Eagle proposent une <a href=\"https:\/\/fr.euronews.com\/voyages\/2025\/06\/09\/jai-fait-un-voyage-de-7-jours-de-paris-a-istanbul-a-bord-du-plus-recent-train-transcontine\" target=\"_blank\" rel=\"noopener\"><strong>odyss\u00e9e de l&rsquo;opulence de sept jours<\/strong><\/a> entre la capitale fran\u00e7aise et Istanbul.<\/p>\n<p>Le voyage d\u00e9bute par une r\u00e9ception au champagne \u00e0 la gare et se poursuit avec un <a href=\"https:\/\/fr.euronews.com\/voyages\/2024\/08\/14\/decouvrez-linterieur-du-nouveau-train-orient-express-reimagine-par-un-architecte-francais-\" target=\"_blank\" rel=\"noopener\"><strong>niveau de luxe constant<\/strong><\/a>.<\/p>\n<p>Il y a des arr\u00eats \u00e0 Reims pour visiter une maison de champagne, un apr\u00e8s-midi \u00e0 la grotte de Postojna en Slov\u00e9nie, une d\u00e9gustation de spiritueux \u00e0 Belgrade et une visite de Sofia.<\/p>\n<p>Vous pouvez \u00e9galement faire l&rsquo;exp\u00e9rience de la splendeur s\u00e9culaire du <a href=\"https:\/\/fr.euronews.com\/voyages\/2025\/09\/08\/de-lecosse-a-venise-voici-quelques-uns-des-trajets-en-train-les-plus-pittoresques-deurope\" target=\"_blank\" rel=\"noopener\"><strong>Venice Simplon Orient Express<\/strong><\/a> lors d&rsquo;un voyage de Paris \u00e0 Venise.<\/p>\n<p>Les passagers passent le voyage dans des wagons restaur\u00e9s des ann\u00e9es 1920, entre la voiture-restaurant tapiss\u00e9e de velours et les cabines dot\u00e9es de luminaires Art d\u00e9co et de salles de bains en marbre.<\/p>\n<p>Sources additionnelles<strong> \u2022 adaptation : Serge Duch\u00eane<\/strong><\/p>\n","protected":false},"excerpt":{"rendered":"PUBLICIT\u00c9 Les trains de nuit reliant Paris \u00e0 Vienne et Berlin seront supprim\u00e9s \u00e0 partir de la mi-d\u00e9cembre,&hellip;\n","protected":false},"author":2,"featured_media":459021,"comment_status":"","ping_status":"","sticky":false,"template":"","format":"standard","meta":{"footnotes":""},"categories":[1888],"tags":[11,1898,1777,674,1011,27,5886,12,626,25,6917,1584],"class_list":{"0":"post-459020","1":"post","2":"type-post","3":"status-publish","4":"format-standard","5":"has-post-thumbnail","7":"category-paris","8":"tag-actualites","9":"tag-berlin","10":"tag-eu","11":"tag-europe","12":"tag-fr","13":"tag-france","14":"tag-istanbul","15":"tag-news","16":"tag-paris","17":"tag-republique-francaise","18":"tag-transport-ferroviaire","19":"tag-vienne"},"share_on_mastodon":{"url":"https:\/\/pubeurope.com\/@fr\/115365045500610125","error":""},"_links":{"self":[{"href":"https:\/\/www.europesays.com\/fr\/wp-json\/wp\/v2\/posts\/459020","targetHints":{"allow":["GET"]}}],"collection":[{"href":"https:\/\/www.europesays.com\/fr\/wp-json\/wp\/v2\/posts"}],"about":[{"href":"https:\/\/www.europesays.com\/fr\/wp-json\/wp\/v2\/types\/post"}],"author":[{"embeddable":true,"href":"https:\/\/www.europesays.com\/fr\/wp-json\/wp\/v2\/users\/2"}],"replies":[{"embeddable":true,"href":"https:\/\/www.europesays.com\/fr\/wp-json\/wp\/v2\/comments?post=459020"}],"version-history":[{"count":0,"href":"https:\/\/www.europesays.com\/fr\/wp-json\/wp\/v2\/posts\/459020\/revisions"}],"wp:featuredmedia":[{"embeddable":true,"href":"https:\/\/www.europesays.com\/fr\/wp-json\/wp\/v2\/media\/459021"}],"wp:attachment":[{"href":"https:\/\/www.europesays.com\/fr\/wp-json\/wp\/v2\/media?parent=459020"}],"wp:term":[{"taxonomy":"category","embeddable":true,"href":"https:\/\/www.europesays.com\/fr\/wp-json\/wp\/v2\/categories?post=459020"},{"taxonomy":"post_tag","embeddable":true,"href":"https:\/\/www.europesays.com\/fr\/wp-json\/wp\/v2\/tags?post=459020"}],"curies":[{"name":"wp","href":"https:\/\/api.w.org\/{rel}","templated":true}]}}