{"id":459047,"date":"2025-10-13T05:04:15","date_gmt":"2025-10-13T05:04:15","guid":{"rendered":"https:\/\/www.europesays.com\/fr\/459047\/"},"modified":"2025-10-13T05:04:15","modified_gmt":"2025-10-13T05:04:15","slug":"carapaz-echappe-a-une-lourde-blessure-apres-sa-chute-sur-le-tour-de-lombardie","status":"publish","type":"post","link":"https:\/\/www.europesays.com\/fr\/459047\/","title":{"rendered":"Carapaz \u00e9chappe \u00e0 une lourde blessure apr\u00e8s sa chute sur le Tour de Lombardie"},"content":{"rendered":"<p class=\"date\">\n                                                            Mathieu Warnier, Media365, publi\u00e9 le dimanche 12 octobre 2025 \u00e0 15h20\n                                                    <\/p>\n<p>Parti \u00e0 la faute dans la descente du Passo di Ganda, ce samedi sur le Tour de Lombardie, Richard Carapaz souffre de blessures mineures.<\/p>\n<p>C&rsquo;est une image qui a fait froid dans le dos. Alors que Tadej Pogacar s&rsquo;\u00e9tait lanc\u00e9 dans une escapade en solitaire dont il a le secret, le final du Tour de Lombardie a \u00e9t\u00e9 marqu\u00e9 par la chute de Richard Carapaz. Chef de file de l&rsquo;\u00e9quipe EF Education-EasyPost apr\u00e8s la d\u00e9faillance pr\u00e9coce de Ben Healy, le coureur \u00e9quatorien avait su prendre place dans un groupe en chasse derri\u00e8re le double champion du monde en titre. Toutefois, dans la tr\u00e8s rapide descente du Passo di Ganda, l&rsquo;ancien champion olympique est parti \u00e0 la faute. Il a heurt\u00e9 la paroi rocheuse situ\u00e9e sur la droite de la chauss\u00e9e, terminant sur le dos et n&rsquo;\u00e9tant alors pas en mesure de boucler le parcours de 241 kilom\u00e8tres trac\u00e9 entre C\u00f4me et Bergame. Quelques heures apr\u00e8s la cinqui\u00e8me victoire cons\u00e9cutive de Tadej Pogacar sur la \u00ab\u00a0classique des feuilles mortes\u00a0\u00bb, la formation am\u00e9ricaine a donn\u00e9 quelques nouvelles assez positives de son coureur par l&rsquo;interm\u00e9diaire d&rsquo;un communiqu\u00e9.<\/p>\n<p>Carapaz : \u00ab\u00a0Juste de la peinture et de la t\u00f4le tordue\u00a0\u00bb<\/p>\n<p>\u00ab\u00a0Richard Carapaz a souffert d&rsquo;\u00e9raflures mais n&rsquo;a pas subi de fractures lors de sa chute \u00e0 30 kilom\u00e8tres de la ligne d&rsquo;arriv\u00e9e, a ainsi affirm\u00e9 l&rsquo;\u00e9quipe EF Education-EasyPost dans un message publi\u00e9 sur les r\u00e9seaux sociaux. Les premiers examens ont confirm\u00e9 qu&rsquo;il ne souffrait pas de commotion c\u00e9r\u00e9brale mais notre \u00e9quipe m\u00e9dicale va continuer de le surveiller dans les prochains jours.\u00a0\u00bb En fin de soir\u00e9e, le vainqueur de l&rsquo;\u00e9dition 2019 du Giro a pris la parole par l&rsquo;interm\u00e9diaire d&rsquo;un message publi\u00e9 sur les r\u00e9seaux sociaux dans lequel il a tenu \u00e0 rassurer tous ses supporters. \u00ab\u00a0Juste de la peinture et de la t\u00f4le tordue, a-t-il lanc\u00e9 en commentant une photo sur laquelle on le voit avec un l\u00e9ger sourire et le pouce lev\u00e9. Une saison de plus dans la valise, la vie continue. Rendez-vous en 2026.\u00a0\u00bb Un dernier Monument de la saison qui restera \u00e0 oublier pour l&rsquo;\u00e9quipe EF Education-EasyPost, dont seuls deux des sept coureurs engag\u00e9s ont vu l&rsquo;arriv\u00e9e. En effet, le Fran\u00e7ais Alex Baudin a pris la 29eme place \u00e0 quasiment sept minutes quand Rui Costa a termin\u00e9 66eme \u00e0 plus de 18 minutes.<\/p>\n","protected":false},"excerpt":{"rendered":"Mathieu Warnier, Media365, publi\u00e9 le dimanche 12 octobre 2025 \u00e0 15h20 Parti \u00e0 la faute dans la descente&hellip;\n","protected":false},"author":2,"featured_media":459048,"comment_status":"","ping_status":"","sticky":false,"template":"","format":"standard","meta":{"footnotes":""},"categories":[1411],"tags":[1154,207,1011,27,60],"class_list":{"0":"post-459047","1":"post","2":"type-post","3":"status-publish","4":"format-standard","5":"has-post-thumbnail","7":"category-cyclisme","8":"tag-cycling","9":"tag-cyclisme","10":"tag-fr","11":"tag-france","12":"tag-sports"},"share_on_mastodon":{"url":"https:\/\/pubeurope.com\/@fr\/115365115609236073","error":""},"_links":{"self":[{"href":"https:\/\/www.europesays.com\/fr\/wp-json\/wp\/v2\/posts\/459047","targetHints":{"allow":["GET"]}}],"collection":[{"href":"https:\/\/www.europesays.com\/fr\/wp-json\/wp\/v2\/posts"}],"about":[{"href":"https:\/\/www.europesays.com\/fr\/wp-json\/wp\/v2\/types\/post"}],"author":[{"embeddable":true,"href":"https:\/\/www.europesays.com\/fr\/wp-json\/wp\/v2\/users\/2"}],"replies":[{"embeddable":true,"href":"https:\/\/www.europesays.com\/fr\/wp-json\/wp\/v2\/comments?post=459047"}],"version-history":[{"count":0,"href":"https:\/\/www.europesays.com\/fr\/wp-json\/wp\/v2\/posts\/459047\/revisions"}],"wp:featuredmedia":[{"embeddable":true,"href":"https:\/\/www.europesays.com\/fr\/wp-json\/wp\/v2\/media\/459048"}],"wp:attachment":[{"href":"https:\/\/www.europesays.com\/fr\/wp-json\/wp\/v2\/media?parent=459047"}],"wp:term":[{"taxonomy":"category","embeddable":true,"href":"https:\/\/www.europesays.com\/fr\/wp-json\/wp\/v2\/categories?post=459047"},{"taxonomy":"post_tag","embeddable":true,"href":"https:\/\/www.europesays.com\/fr\/wp-json\/wp\/v2\/tags?post=459047"}],"curies":[{"name":"wp","href":"https:\/\/api.w.org\/{rel}","templated":true}]}}