{"id":459049,"date":"2025-10-13T05:05:20","date_gmt":"2025-10-13T05:05:20","guid":{"rendered":"https:\/\/www.europesays.com\/fr\/459049\/"},"modified":"2025-10-13T05:05:20","modified_gmt":"2025-10-13T05:05:20","slug":"la-confession-de-mbappe-sur-le-real-madrid-qui-va-faire-enrager-le-psg","status":"publish","type":"post","link":"https:\/\/www.europesays.com\/fr\/459049\/","title":{"rendered":"La confession de Mbapp\u00e9 sur le Real Madrid qui va faire enrager le PSG"},"content":{"rendered":"<p><strong>En signant au Real Madrid, le club de ses r\u00eaves, Kylian Mbapp\u00e9 a \u00e9galement rejoint le plus grand club du monde selon lui. Et il n\u2019a pas manqu\u00e9 de le faire savoir au PSG.<\/strong><\/p>\n<p>Dans un long entretien pour Movistar, <a href=\"https:\/\/www.butfootballclub.fr\/622894-kylian-mbappe-balance-tout-sur-lionel-messi\/\" rel=\"noreferrer noopener\" target=\"_blank\">Kylian Mbapp\u00e9 est revenu sur les moments cl\u00e9s de sa carri\u00e8re<\/a>, notamment ses d\u00e9cisions cruciales entre le PSG et le Real Madrid. \u00c0 13 ans, il avait \u00e9t\u00e9 \u00e0 l\u2019essai au Real Madrid, un club qui lui avait propos\u00e9 de rester. Mais il avait choisi de retourner en France. <\/p>\n<p>Mbapp\u00e9 voulait jouer<\/p>\n<p>\u00c0 ce sujet, il explique : \u00ab Ce n\u2019est pas par rapport \u00e0 la famille non, parce que je prends toujours mes d\u00e9cisions. Et ils les ont comprises ; c\u2019est une des choses positives d\u2019avoir une famille de sportifs, qui savent que la carri\u00e8re de l\u2019un est une chose personnelle. \u00bb<\/p>\n<p><a href=\"https:\/\/www.butfootballclub.fr\/622703-real-madrid-mbappe-absent-pour-le-clasico-la-reponse-est-tombee\/\" rel=\"noreferrer noopener\" target=\"_blank\">Mbapp\u00e9<\/a> souligne l\u2019importance de ses choix personnels dans sa progression : \u00ab Quand je suis parti de Monaco, \u00e0 18 ans, j\u2019avais tr\u00e8s clair que je voulais jouer\u2026 et le Madrid avait Benzema, Cristiano ou Bale. Et je ne voulais pas \u00eatre sur le banc. Tous les clubs d\u2019Europe me disaient que je jouerais dans leurs \u00e9quipes, mais je savais que le Madrid, avec tout le respect qu\u2019ils m\u2019avaient, ne pourrait pas me faire jouer tous les matchs. \u00bb<\/p>\n<p>Le Real comme meilleur club du monde, pas le PSG<\/p>\n<p>Malgr\u00e9 son r\u00eave de jouer au Real Madrid depuis son enfance, <a href=\"https:\/\/www.butfootballclub.fr\/622883-real-madrid-le-secret-de-mbappe-avec-cristiano-ronaldo-enfin-devoile\/\" rel=\"noreferrer noopener\" target=\"_blank\">Mbapp\u00e9<\/a> a fait le choix de signer \u00e0 Paris en 2017 : \u00ab Le r\u00eave de jouer au Real Madrid, je l\u2019avais depuis tout petit. Mais \u00eatre titulaire est un privil\u00e8ge, il m\u2019est apparu la possibilit\u00e9 de rester chez moi, \u00e0 Paris, et c\u2019\u00e9tait une superbe opportunit\u00e9. Sept ann\u00e9es incroyables. L\u2019orgueil de jouer dans la ville o\u00f9 tu es n\u00e9 est quelque chose de tr\u00e8s sp\u00e9cial. Mais bien s\u00fbr, je gardais le r\u00eave de jouer au Real Madrid, que j\u2019ai r\u00e9alis\u00e9 l\u2019an dernier. Je suis tr\u00e8s heureux. \u00bb<\/p>\n<p>Enfin, il compare l\u2019exp\u00e9rience au PSG et au Real Madrid, avec une phrase assez forte : \u00ab Une diff\u00e9rence entre le Real et le PSG ? Non, non, non ! La seule diff\u00e9rence, c\u2019est que ce club est le meilleur du monde (le Real). Tu vois tous les joueurs qui sont pass\u00e9s et les titres qu\u2019ils ont remport\u00e9s. Et c\u2019est toi qui te mets la pression pour r\u00e9ussir. \u00c0 la pression du public, je suis habitu\u00e9. Mais c\u2019est toi-m\u00eame qui te dis : je suis dans le meilleur club du monde, je dois gagner, bien faire, \u00eatre un exemple pour mes co\u00e9quipiers, pour les gens\u2026 C\u2019est une pression que tu te mets toi-m\u00eame et qui est positive, car elle t\u2019aide \u00e0 \u00e9lever ton niveau. \u00c0 aider l\u2019\u00e9quipe. \u00bb<\/p>\n<p>Une d\u00e9claration plut\u00f4t logique en somme, m\u00eame s\u2019il faut dire que le PSG s\u2019est r\u00e9cemment affirm\u00e9 comme le meilleur club du monde actuellement, en remportant notamment la Ligue des Champions, un an apr\u00e8s le d\u00e9part\u2026 de Kylian Mbapp\u00e9.<\/p>\n<p><strong>Propos rapport\u00e9s par <a href=\"https:\/\/as.com\/futbol\/primera\/mbappe-espero-que-algun-dia-la-gente-suene-conmigo-como-con-cristiano-f202510-n\/\" rel=\"noreferrer noopener\" target=\"_blank\">AS<\/a>.<\/strong><\/p>\n","protected":false},"excerpt":{"rendered":"En signant au Real Madrid, le club de ses r\u00eaves, Kylian Mbapp\u00e9 a \u00e9galement rejoint le plus grand&hellip;\n","protected":false},"author":2,"featured_media":459050,"comment_status":"","ping_status":"","sticky":false,"template":"","format":"standard","meta":{"footnotes":""},"categories":[1410],"tags":[11,448,63,1011,27,66,3388,12,60,10662],"class_list":{"0":"post-459049","1":"post","2":"type-post","3":"status-publish","4":"format-standard","5":"has-post-thumbnail","7":"category-football","8":"tag-actualites","9":"tag-champions-league","10":"tag-football","11":"tag-fr","12":"tag-france","13":"tag-ligue-1","14":"tag-matchs","15":"tag-news","16":"tag-sports","17":"tag-transferts"},"share_on_mastodon":{"url":"https:\/\/pubeurope.com\/@fr\/115365119736604550","error":""},"_links":{"self":[{"href":"https:\/\/www.europesays.com\/fr\/wp-json\/wp\/v2\/posts\/459049","targetHints":{"allow":["GET"]}}],"collection":[{"href":"https:\/\/www.europesays.com\/fr\/wp-json\/wp\/v2\/posts"}],"about":[{"href":"https:\/\/www.europesays.com\/fr\/wp-json\/wp\/v2\/types\/post"}],"author":[{"embeddable":true,"href":"https:\/\/www.europesays.com\/fr\/wp-json\/wp\/v2\/users\/2"}],"replies":[{"embeddable":true,"href":"https:\/\/www.europesays.com\/fr\/wp-json\/wp\/v2\/comments?post=459049"}],"version-history":[{"count":0,"href":"https:\/\/www.europesays.com\/fr\/wp-json\/wp\/v2\/posts\/459049\/revisions"}],"wp:featuredmedia":[{"embeddable":true,"href":"https:\/\/www.europesays.com\/fr\/wp-json\/wp\/v2\/media\/459050"}],"wp:attachment":[{"href":"https:\/\/www.europesays.com\/fr\/wp-json\/wp\/v2\/media?parent=459049"}],"wp:term":[{"taxonomy":"category","embeddable":true,"href":"https:\/\/www.europesays.com\/fr\/wp-json\/wp\/v2\/categories?post=459049"},{"taxonomy":"post_tag","embeddable":true,"href":"https:\/\/www.europesays.com\/fr\/wp-json\/wp\/v2\/tags?post=459049"}],"curies":[{"name":"wp","href":"https:\/\/api.w.org\/{rel}","templated":true}]}}