{"id":459051,"date":"2025-10-13T05:06:11","date_gmt":"2025-10-13T05:06:11","guid":{"rendered":"https:\/\/www.europesays.com\/fr\/459051\/"},"modified":"2025-10-13T05:06:11","modified_gmt":"2025-10-13T05:06:11","slug":"si-je-lavais-suivi-hugues-aufray-devaste-en-evoquant-le-suicide-de-son-frere","status":"publish","type":"post","link":"https:\/\/www.europesays.com\/fr\/459051\/","title":{"rendered":"\u00ab\u00a0Si je l\u2019avais suivi\u2026\u00a0\u00bb : Hugues Aufray d\u00e9vast\u00e9 en \u00e9voquant le suicide de son fr\u00e8re"},"content":{"rendered":"<p data-start=\"286\" data-end=\"518\">Il y a des plaies qui ne se<br \/>\nreferment malheureusement jamais. Si Hugues Aufray a eu une<br \/>\ncarri\u00e8re couronn\u00e9e de succ\u00e8s, le chanteur a connu des moments tr\u00e8s<br \/>\ndifficiles dans sa vie priv\u00e9e, notamment <a href=\"https:\/\/www.closermag.fr\/people\/ma-vie-a-ete-brisee-hugues-aufray-se-confie-sur-le-suicide-de-son-grand-frere-a-27-ans-1470078\" rel=\"nofollow noopener\" target=\"_blank\"><br \/>\nle suicide de son fr\u00e8re Francesco.<\/a><\/p>\n<p data-start=\"520\" data-end=\"767\">Si, pour l\u2019interpr\u00e8te de<br \/>\nSantiano, le sujet est<br \/>\ntoujours difficile \u00e0 \u00e9voquer, il en parle aujourd\u2019hui sans tabou.<br \/>\nDimanche 12 octobre, dans Vivement Dimanche, il a fait part d\u2019un \u00e9l\u00e9ment qui<br \/>\naurait, selon lui, pu changer la vie de son fr\u00e8re.<\/p>\n<p>Hugues Aufray revient sur la<br \/>\nmort de son fr\u00e8re<\/p>\n<p data-start=\"823\" data-end=\"1125\">Francesco n\u2019avait que 27 ans<br \/>\nlorsqu\u2019il s\u2019est \u00f4t\u00e9 la vie. \u00c0 ce moment-l\u00e0, l\u2019artiste en devenir<br \/>\n\u00e9tait parti vivre au Canada, seul. Hugues Aufray est, quant \u00e0 lui,<br \/>\nrest\u00e9 en France : <strong>\u201cMalheureusement, je n\u2019ai pas pu le suivre<\/strong><br \/>\n(\u2026) Si je l\u2019avais suivi, <a href=\"https:\/\/www.closermag.fr\/people\/hugues-aufray-ses-terribles-confidences-sur-le-suicide-de-son-frere-1528446\" rel=\"nofollow noopener\" target=\"_blank\"><br \/>\njamais il ne serait mort<\/a>\u201d, explique-t-il, tr\u00e8s \u00e9mu.<\/p>\n<p data-start=\"1127\" data-end=\"1566\">Alors qu\u2019il avait tout pour<br \/>\ndevenir un grand artiste, il s\u2019est donn\u00e9 la mort suite \u00e0 un chagrin<br \/>\nd\u2019amour. Francesco \u00e9tait tomb\u00e9 amoureux d\u2019une jeune Chinoise de<br \/>\nquinze ans, mais les parents de la jeune fille s\u2019opposaient<br \/>\nfermement \u00e0 cette union, rendant leur histoire impossible :<br \/>\n\u201cJamais elle n\u00a0\u00bb\u00e9pousera un<br \/>\nEurop\u00e9en. Et mon fr\u00e8re, qui avait une nature dramatique, qui vivait<br \/>\ndans Wagner, s&rsquo;est suicid\u00e9 par amour\u201d, confie Hugues<br \/>\nAufray.<\/p>\n<p>Qui<br \/>\n\u00e9tait le fr\u00e8re d\u2019Hugues Aufray ?<\/p>\n<p data-start=\"1612\" data-end=\"2123\">Aujourd\u2019hui encore, <a href=\"https:\/\/www.closermag.fr\/people\/hugues-aufray-boitant-et-lunettes-noires-sur-le-nez-le-chanteur-de-96-ans-fait-une-apparition-remarquee-3575798\" rel=\"nofollow noopener\" target=\"_blank\"><br \/>\nle chanteur de 96 ans<\/a> semble porter en lui <a href=\"https:\/\/www.closermag.fr\/people\/comment-peut-on-decider-ca-hugues-aufray-en-larmes-en-evoquant-la-mort-de-son-frere-3523284\" rel=\"nofollow noopener\" target=\"_blank\"><br \/>\ncette blessure profonde.<\/a> Il n\u2019a d\u2019ailleurs jamais cach\u00e9 son<br \/>\nadmiration pour son fr\u00e8re : \u201cIl a commenc\u00e9 \u00e0 pr\u00e9parer ses \u00e9tudes de musique classique,<br \/>\nil voulait \u00eatre chef d\u2019orchestre symphonique alors qu\u2019il avait une<br \/>\nvoix d\u2019op\u00e9ra exceptionnelle\u201d, d\u00e9taille <a href=\"https:\/\/www.closermag.fr\/people\/hugues-aufray-bientot-papa-a-95-ans-les-revelations-etonnantes-du-chanteur-3542107\" rel=\"nofollow noopener\" target=\"_blank\"><br \/>\nle mari de Murielle<\/a>. Le chanteur a \u00e0 plusieurs reprises<br \/>\nexpliqu\u00e9 que son fr\u00e8re r\u00eavait d\u2019une carri\u00e8re internationale, qu\u2019il<br \/>\naimait la musique classique et qu\u2019il avait une voix<br \/>\nexceptionnelle.<\/p>\n<p data-start=\"2125\" data-end=\"2568\">Si Francesco n\u2019a pas eu le<br \/>\ntemps de r\u00e9aliser ses r\u00eaves, Hugues Aufray l\u2019a fait pour lui, en<br \/>\ndevenant un chanteur renomm\u00e9. C\u2019est d\u2019ailleurs suite \u00e0 <a href=\"https:\/\/www.closermag.fr\/people\/hugues-aufray-infinie-tristesse-le-chanteur-endeuille-pleure-un-ami-qui-a-joue-un-role-majeur-a-ses-cotes-3568339\" rel=\"nofollow noopener\" target=\"_blank\"><br \/>\ncette perte tragique<\/a> qu\u2019il s\u2019est lanc\u00e9 dans la musique :<br \/>\n\u201c<strong>En fait, je suis<br \/>\ndevenu chanteur professionnel par transfert,<\/strong> car je<br \/>\nn&rsquo;\u00e9tais absolument pas destin\u00e9 \u00e0 faire \u00e7a\u201d, avait-il confi\u00e9<br \/>\ndans Paris Match.<br \/>\nPourtant, il est \u00e0 l\u2019origine de titres tr\u00e8s connus, comme<br \/>\nSantiano ou<br \/>\nJe reviens.<\/p>\n","protected":false},"excerpt":{"rendered":"Il y a des plaies qui ne se referment malheureusement jamais. Si Hugues Aufray a eu une carri\u00e8re&hellip;\n","protected":false},"author":2,"featured_media":459052,"comment_status":"","ping_status":"","sticky":false,"template":"","format":"standard","meta":{"footnotes":""},"categories":[1359],"tags":[58,59,1011,27,2840,973,878],"class_list":{"0":"post-459051","1":"post","2":"type-post","3":"status-publish","4":"format-standard","5":"has-post-thumbnail","7":"category-people","8":"tag-divertissement","9":"tag-entertainment","10":"tag-fr","11":"tag-france","12":"tag-hugues-aufray","13":"tag-people","14":"tag-vivement-dimanche"},"share_on_mastodon":{"url":"https:\/\/pubeurope.com\/@fr\/115365123575937218","error":""},"_links":{"self":[{"href":"https:\/\/www.europesays.com\/fr\/wp-json\/wp\/v2\/posts\/459051","targetHints":{"allow":["GET"]}}],"collection":[{"href":"https:\/\/www.europesays.com\/fr\/wp-json\/wp\/v2\/posts"}],"about":[{"href":"https:\/\/www.europesays.com\/fr\/wp-json\/wp\/v2\/types\/post"}],"author":[{"embeddable":true,"href":"https:\/\/www.europesays.com\/fr\/wp-json\/wp\/v2\/users\/2"}],"replies":[{"embeddable":true,"href":"https:\/\/www.europesays.com\/fr\/wp-json\/wp\/v2\/comments?post=459051"}],"version-history":[{"count":0,"href":"https:\/\/www.europesays.com\/fr\/wp-json\/wp\/v2\/posts\/459051\/revisions"}],"wp:featuredmedia":[{"embeddable":true,"href":"https:\/\/www.europesays.com\/fr\/wp-json\/wp\/v2\/media\/459052"}],"wp:attachment":[{"href":"https:\/\/www.europesays.com\/fr\/wp-json\/wp\/v2\/media?parent=459051"}],"wp:term":[{"taxonomy":"category","embeddable":true,"href":"https:\/\/www.europesays.com\/fr\/wp-json\/wp\/v2\/categories?post=459051"},{"taxonomy":"post_tag","embeddable":true,"href":"https:\/\/www.europesays.com\/fr\/wp-json\/wp\/v2\/tags?post=459051"}],"curies":[{"name":"wp","href":"https:\/\/api.w.org\/{rel}","templated":true}]}}