{"id":459055,"date":"2025-10-13T05:08:10","date_gmt":"2025-10-13T05:08:10","guid":{"rendered":"https:\/\/www.europesays.com\/fr\/459055\/"},"modified":"2025-10-13T05:08:10","modified_gmt":"2025-10-13T05:08:10","slug":"32-000-33-000-visiteurs-nouveau-record-de-frequentation-pour-la-20e-edition","status":"publish","type":"post","link":"https:\/\/www.europesays.com\/fr\/459055\/","title":{"rendered":"\u00ab\u00a032\u00a0000-33\u00a0000 visiteurs\u00a0\u00bb, nouveau record de fr\u00e9quentation pour la 20e \u00e9dition"},"content":{"rendered":"<p>Neige Sinno et Emmanuel Carr\u00e8re devisent sur \u00ab\u00a0l\u2019intime et le r\u00e9cit\u00a0\u00bb, devant un th\u00e9\u00e2tre des Quatre Saisons plein comme un \u0153uf, dimanche 12\u00a0octobre, dernier jour du festival Lire en poche, \u00e0 Gradignan. Mieux, ils s\u2019interpellent. Elle\u00a0: \u00ab\u00a0Au moment de l\u2019\u00e9criture, il y a une cruaut\u00e9 vis-\u00e0-vis de moi-m\u00eame, de ma famille, du lecteur. C\u2019est \u00e0 la relecture que se fait tout un travail d\u2019autocensure. Est-ce que vous coupez, vous\u00a0?\u00a0\u00bb Lui\u00a0: \u00ab\u00a0\u00c7a m\u2019est arriv\u00e9. Mais pas \u00e9norm\u00e9ment.\u00a0\u00bb Des auteurs qui jouent le jeu des \u00ab\u00a0rencontres\u00a0\u00bb ou \u00ab\u00a0grand entretien\u00a0\u00bb, que demander de plus \u00e0 un festival qui n\u2019en finit plus de grandir, et affiche dimanche soir \u00ab\u00a032\u00a0000-33\u00a0000 visiteurs\u00a0\u00bb, selon son commissaire g\u00e9n\u00e9ral Lionel Destremau, bien au-del\u00e0 des 30\u00a0000 recens\u00e9s l\u2019an dernier. Le plateau tr\u00e8s fourni et, sans doute, le temps estival ont permis \u00e0 cette 20e \u00e9dition de crever le plafond.<\/p>\n<p>\u00c0 l\u2019heure du bilan, la prestation du duo Sinno-Carr\u00e8re est d\u2019ailleurs r\u00e9v\u00e9latrice\u00a0: si 400\u00a0personnes ont pris place dans l\u2019auditorium, il en restait encore 80 dans les deux files d\u2019attente. Pas d\u2019empoignade ni d\u2019\u00e9clats de voix, l\u2019amateur de livre est sans doute le plus civilis\u00e9 des festivaliers, mais la vingti\u00e8me \u00e9dition place un peu plus haut la barre. \u00ab\u00a0On avait l\u2019impression d\u2019avoir franchi un palier l\u2019an dernier en fr\u00e9quentation. On est encore un cran au-dessus\u00a0\u00bb, confirme Caroline Dieny, patronne de la Colline aux livres, la librairie de Bergerac qui a ses habitudes sous le chapiteau du livre jeunesse.<\/p>\n<p>\u00ab\u00a0Probl\u00e8me de riche\u00a0\u00bb<\/p>\n<p>La libraire met dans la balance la capacit\u00e9 des uns et des autres \u00e0 s\u2019entendre pour mettre de l\u2019huile dans les rouages face \u00e0 un tel afflux. \u00ab\u00a0Il y a un bel esprit collectif, en tout cas dans l\u2019espace jeunesse. Chaque libraire redirige un visiteur vers l\u2019autre, et c\u2019est tr\u00e8s agr\u00e9able de travailler ensemble.\u00a0\u00bb D\u2019ailleurs, observe-t-elle, les familles ne viennent pas \u00ab\u00a0que pour les d\u00e9dicaces\u00a0\u00bb, mais aussi pour les fonds des maisons d\u2019\u00e9dition mis \u00e0 disposition des librairies. <a href=\"https:\/\/www.sudouest.fr\/culture\/litterature\/lire-en-poche-a-gradignan-sourires-bribes-de-confidence-et-moments-de-grace-les-dedicaces-marathon-des-auteurs-a-succes-26293130.php\" target=\"_blank\" rel=\"follow nofollow noopener\">M\u00eame constat d\u2019une forte affluence<\/a>, d\u00e8s samedi apr\u00e8s-midi, \u00e0 la caisse du stand d\u2019une librairie bordelaise\u00a0: \u00ab\u00a0Il y a beaucoup de monde. En ville aussi, apparemment\u00a0!\u00a0\u00bb<\/p>\n<blockquote><p>\u201cOn est au paroxysme de ce qu\u2019on est capable de faire, en essayant de conserver l\u2019amabilit\u00e9 qui pr\u00e9vaut au festival\u201d<\/p><\/blockquote>\n<p>\u00ab\u00a0La journ\u00e9e de samedi a \u00e9t\u00e9 exceptionnelle\u00a0\u00bb, confirme Lionel Destremau, relayant des hausses de chiffre d\u2019affaires \u00ab\u00a0jusqu\u2019\u00e0 25\u00a0%\u00a0\u00bb dans les stands des librairies. Au-del\u00e0 du tintement du tiroir-caisse, le commissaire g\u00e9n\u00e9ral du salon loue \u00ab\u00a0la participation tr\u00e8s importante du public, et une participation active\u00a0\u00bb aux divers \u00e9v\u00e9nements. Reste la difficult\u00e9 \u00e0 stationner, r\u00e9currente, et l\u2019attente. \u00ab\u00a0Un probl\u00e8me de riche qu\u2019on a identifi\u00e9\u00a0\u00bb, convient le directeur. \u00ab\u00a0Ce sont les 20\u00a0ans, avec beaucoup de t\u00eates d\u2019affiche, beaucoup d\u2019auteurs, dans des registres diff\u00e9rents. On est au paroxysme de ce qu\u2019on est capable de faire, en essayant de conserver l\u2019amabilit\u00e9 qui pr\u00e9vaut au festival. Les gens sont tr\u00e8s patients. Dans l\u2019ensemble, \u00e7a s\u2019est tr\u00e8s bien pass\u00e9, avec assez peu de couacs et de d\u00e9sistements.\u00a0\u00bb<\/p>\n","protected":false},"excerpt":{"rendered":"Neige Sinno et Emmanuel Carr\u00e8re devisent sur \u00ab\u00a0l\u2019intime et le r\u00e9cit\u00a0\u00bb, devant un th\u00e9\u00e2tre des Quatre Saisons plein&hellip;\n","protected":false},"author":2,"featured_media":459056,"comment_status":"","ping_status":"","sticky":false,"template":"","format":"standard","meta":{"footnotes":""},"categories":[1357],"tags":[1379,58,59,1011,27,1380],"class_list":{"0":"post-459055","1":"post","2":"type-post","3":"status-publish","4":"format-standard","5":"has-post-thumbnail","7":"category-livres","8":"tag-books","9":"tag-divertissement","10":"tag-entertainment","11":"tag-fr","12":"tag-france","13":"tag-livres"},"share_on_mastodon":{"url":"https:\/\/pubeurope.com\/@fr\/115365131521461496","error":""},"_links":{"self":[{"href":"https:\/\/www.europesays.com\/fr\/wp-json\/wp\/v2\/posts\/459055","targetHints":{"allow":["GET"]}}],"collection":[{"href":"https:\/\/www.europesays.com\/fr\/wp-json\/wp\/v2\/posts"}],"about":[{"href":"https:\/\/www.europesays.com\/fr\/wp-json\/wp\/v2\/types\/post"}],"author":[{"embeddable":true,"href":"https:\/\/www.europesays.com\/fr\/wp-json\/wp\/v2\/users\/2"}],"replies":[{"embeddable":true,"href":"https:\/\/www.europesays.com\/fr\/wp-json\/wp\/v2\/comments?post=459055"}],"version-history":[{"count":0,"href":"https:\/\/www.europesays.com\/fr\/wp-json\/wp\/v2\/posts\/459055\/revisions"}],"wp:featuredmedia":[{"embeddable":true,"href":"https:\/\/www.europesays.com\/fr\/wp-json\/wp\/v2\/media\/459056"}],"wp:attachment":[{"href":"https:\/\/www.europesays.com\/fr\/wp-json\/wp\/v2\/media?parent=459055"}],"wp:term":[{"taxonomy":"category","embeddable":true,"href":"https:\/\/www.europesays.com\/fr\/wp-json\/wp\/v2\/categories?post=459055"},{"taxonomy":"post_tag","embeddable":true,"href":"https:\/\/www.europesays.com\/fr\/wp-json\/wp\/v2\/tags?post=459055"}],"curies":[{"name":"wp","href":"https:\/\/api.w.org\/{rel}","templated":true}]}}