{"id":459105,"date":"2025-10-13T05:37:10","date_gmt":"2025-10-13T05:37:10","guid":{"rendered":"https:\/\/www.europesays.com\/fr\/459105\/"},"modified":"2025-10-13T05:37:10","modified_gmt":"2025-10-13T05:37:10","slug":"strasbourg-marcel-loeffler-en-balade-au-bateau-du-rhin","status":"publish","type":"post","link":"https:\/\/www.europesays.com\/fr\/459105\/","title":{"rendered":"Strasbourg. Marcel L\u0153ffler en balade au Bateau du Rhin"},"content":{"rendered":"<p>Sa musique est sans fronti\u00e8res. Bach, le jazz manouche, la soul music, l\u2019improvisation, la chanson fran\u00e7aise, le musette. <a href=\"https:\/\/www.dna.fr\/culture-loisirs\/2022\/08\/09\/chez-les-loeffler-musiciens-manouches-d-alsace-la-musique-comme-une-religion\" target=\"_blank\" rel=\"nofollow noopener\">L\u2019accord\u00e9oniste Marcel Loeffler<\/a> aime surprendre son public, suivre ses envies.<\/p>\n<p>Il publie un nouvel album, le 15e\u00a0 , Balade en \u00e9motions.  Avec le sens du groove qui le caract\u00e9rise, l\u2019artiste croise des compositions originales, des hits de Stevie Wonder, des classiques de Dizzy Gillespie, Horace Silver.<\/p>\n<p>Cet opus c\u00e9l\u00e8bre aussi l\u2019alliance avec l\u2019orgue, un instrument qu\u2019il affectionne particuli\u00e8rement. Des musiques sacr\u00e9es au rock des ann\u00e9es 1970, l\u2019orgue impose ses sonorit\u00e9s uniques. Et il y a plus qu\u2019une affinit\u00e9 entre le piano \u00e0 bretelles et l\u2019orgue Hammond tenu ici par Jean-Yves Jung.<\/p>\n<p>Autre complice du combo de haut vol qui accompagne l\u2019accord\u00e9oniste : Jean-Marc Robin, \u00e0 la batterie, Franck Wolf au saxophone et Jean-Philippe Rykiel, au piano.<\/p>\n<p>Au Bateau du Rhin, Marcel et ses amis larguent les amarres et promettent une balade aux horizons tr\u00e8s divers. Tout en \u00e9motions.<\/p>\n<p class=\"note\"><a href=\"https:\/\/www.bateaudurhin.fr\/d-tails-et-inscription\/sortie-nouvel-album-marcel-loeffler\" target=\"_blank\" rel=\"nofollow noopener\">Le Bateau du Rhin<\/a> , 20 rue du Port du Rhin \u00e0 Strasbourg, samedi 18\u00a0octobre \u00e0 20\u00a0h\u00a030. \u2706 03\u00a088 61\u00a047\u00a077.<\/p>\n","protected":false},"excerpt":{"rendered":"Sa musique est sans fronti\u00e8res. Bach, le jazz manouche, la soul music, l\u2019improvisation, la chanson fran\u00e7aise, le musette.&hellip;\n","protected":false},"author":2,"featured_media":459106,"comment_status":"","ping_status":"","sticky":false,"template":"","format":"standard","meta":{"footnotes":""},"categories":[2820],"tags":[1111,11,2389,1687,2880,1777,674,107,1011,27,775,873,12,25,640,2879],"class_list":{"0":"post-459105","1":"post","2":"type-post","3":"status-publish","4":"format-standard","5":"has-post-thumbnail","7":"category-strasbourg","8":"tag-actu","9":"tag-actualites","10":"tag-alsace","11":"tag-culture-loisirs","12":"tag-edition-strasbourg","13":"tag-eu","14":"tag-europe","15":"tag-fil-info","16":"tag-fr","17":"tag-france","18":"tag-grand-est","19":"tag-musique","20":"tag-news","21":"tag-republique-francaise","22":"tag-strasbourg","23":"tag-strasbourg-ville"},"share_on_mastodon":{"url":"https:\/\/pubeurope.com\/@fr\/115365245377320685","error":""},"_links":{"self":[{"href":"https:\/\/www.europesays.com\/fr\/wp-json\/wp\/v2\/posts\/459105","targetHints":{"allow":["GET"]}}],"collection":[{"href":"https:\/\/www.europesays.com\/fr\/wp-json\/wp\/v2\/posts"}],"about":[{"href":"https:\/\/www.europesays.com\/fr\/wp-json\/wp\/v2\/types\/post"}],"author":[{"embeddable":true,"href":"https:\/\/www.europesays.com\/fr\/wp-json\/wp\/v2\/users\/2"}],"replies":[{"embeddable":true,"href":"https:\/\/www.europesays.com\/fr\/wp-json\/wp\/v2\/comments?post=459105"}],"version-history":[{"count":0,"href":"https:\/\/www.europesays.com\/fr\/wp-json\/wp\/v2\/posts\/459105\/revisions"}],"wp:featuredmedia":[{"embeddable":true,"href":"https:\/\/www.europesays.com\/fr\/wp-json\/wp\/v2\/media\/459106"}],"wp:attachment":[{"href":"https:\/\/www.europesays.com\/fr\/wp-json\/wp\/v2\/media?parent=459105"}],"wp:term":[{"taxonomy":"category","embeddable":true,"href":"https:\/\/www.europesays.com\/fr\/wp-json\/wp\/v2\/categories?post=459105"},{"taxonomy":"post_tag","embeddable":true,"href":"https:\/\/www.europesays.com\/fr\/wp-json\/wp\/v2\/tags?post=459105"}],"curies":[{"name":"wp","href":"https:\/\/api.w.org\/{rel}","templated":true}]}}