{"id":459113,"date":"2025-10-13T05:41:42","date_gmt":"2025-10-13T05:41:42","guid":{"rendered":"https:\/\/www.europesays.com\/fr\/459113\/"},"modified":"2025-10-13T05:41:42","modified_gmt":"2025-10-13T05:41:42","slug":"le-busway-arrive-dans-cette-commune-a-lest-de-nantes","status":"publish","type":"post","link":"https:\/\/www.europesays.com\/fr\/459113\/","title":{"rendered":"Le busway arrive dans cette commune \u00e0 l\u2019est de Nantes"},"content":{"rendered":"<p>Lors du conseil m\u00e9tropolitain du vendredi 3\u00a0octobre, le nouveau contrat de transport public a \u00e9t\u00e9 adopt\u00e9. Il pr\u00e9voit notamment la mise en service, d\u2019ici fin 2027, de la ligne 8\u00a0du busway, reliant Thouar\u00e9 \u00e0 Bouguenais, en passant par Sainte-Luce-sur-Loire. Parmi les nouveaut\u00e9s, cette ligne permettra de relier, sans changement, la commune de Bouguenais \u00e0 Thouar\u00e9-sur-Loire. Elle passera par Sainte-Luce, boulevard de Doulon, l\u2019\u00eele de Nantes et Rez\u00e9. Il s\u2019agit d\u2019une nouvelle opportunit\u00e9 de d\u00e9placement pour les habitants de l\u2019est de la m\u00e9tropole. Elle remplacera la ligne C7, qui relie actuellement Thouar\u00e9 \u00e0 Souillarderie. La ligne 8\u00a0du Busway devrait \u00eatre mise en service en 2027 et permettra de rejoindre directement les autres lignes 2, 3, 4, 5, 6, 7.<\/p>\n<p>D\u2019autres \u00e9volutions<\/p>\n<p>D\u2019autres \u00e9volutions sont pr\u00e9vues. D\u2019ici 2032, la connexion entre la ligne 2 et la ligne 6\u00a0permettra aux habitants de Sainte-Luce ou de Thouar\u00e9 de se rendre aux universit\u00e9s sans passer par la place du Commerce.<\/p>\n<p>\u00a0<\/p>\n","protected":false},"excerpt":{"rendered":"Lors du conseil m\u00e9tropolitain du vendredi 3\u00a0octobre, le nouveau contrat de transport public a \u00e9t\u00e9 adopt\u00e9. Il pr\u00e9voit&hellip;\n","protected":false},"author":2,"featured_media":459114,"comment_status":"","ping_status":"","sticky":false,"template":"","format":"standard","meta":{"footnotes":""},"categories":[2818],"tags":[1111,11,15200,5381,7052,1777,674,1011,27,766,12,2636,25,3272],"class_list":{"0":"post-459113","1":"post","2":"type-post","3":"status-publish","4":"format-standard","5":"has-post-thumbnail","7":"category-nantes","8":"tag-actu","9":"tag-actualites","10":"tag-arrive","11":"tag-busway","12":"tag-commune","13":"tag-eu","14":"tag-europe","15":"tag-fr","16":"tag-france","17":"tag-nantes","18":"tag-news","19":"tag-pays-de-la-loire","20":"tag-republique-francaise","21":"tag-saint-nazaire"},"share_on_mastodon":{"url":"https:\/\/pubeurope.com\/@fr\/115365261055313535","error":""},"_links":{"self":[{"href":"https:\/\/www.europesays.com\/fr\/wp-json\/wp\/v2\/posts\/459113","targetHints":{"allow":["GET"]}}],"collection":[{"href":"https:\/\/www.europesays.com\/fr\/wp-json\/wp\/v2\/posts"}],"about":[{"href":"https:\/\/www.europesays.com\/fr\/wp-json\/wp\/v2\/types\/post"}],"author":[{"embeddable":true,"href":"https:\/\/www.europesays.com\/fr\/wp-json\/wp\/v2\/users\/2"}],"replies":[{"embeddable":true,"href":"https:\/\/www.europesays.com\/fr\/wp-json\/wp\/v2\/comments?post=459113"}],"version-history":[{"count":0,"href":"https:\/\/www.europesays.com\/fr\/wp-json\/wp\/v2\/posts\/459113\/revisions"}],"wp:featuredmedia":[{"embeddable":true,"href":"https:\/\/www.europesays.com\/fr\/wp-json\/wp\/v2\/media\/459114"}],"wp:attachment":[{"href":"https:\/\/www.europesays.com\/fr\/wp-json\/wp\/v2\/media?parent=459113"}],"wp:term":[{"taxonomy":"category","embeddable":true,"href":"https:\/\/www.europesays.com\/fr\/wp-json\/wp\/v2\/categories?post=459113"},{"taxonomy":"post_tag","embeddable":true,"href":"https:\/\/www.europesays.com\/fr\/wp-json\/wp\/v2\/tags?post=459113"}],"curies":[{"name":"wp","href":"https:\/\/api.w.org\/{rel}","templated":true}]}}