{"id":459120,"date":"2025-10-13T05:45:13","date_gmt":"2025-10-13T05:45:13","guid":{"rendered":"https:\/\/www.europesays.com\/fr\/459120\/"},"modified":"2025-10-13T05:45:13","modified_gmt":"2025-10-13T05:45:13","slug":"trafic-perturbe-sur-9-kilometres-sur-la64-au-sud-de-toulouse-ce-lundi","status":"publish","type":"post","link":"https:\/\/www.europesays.com\/fr\/459120\/","title":{"rendered":"Trafic perturb\u00e9 sur 9 kilom\u00e8tres sur l&rsquo;A64, au Sud de Toulouse, ce lundi"},"content":{"rendered":"<p><strong>La circulation a \u00e9t\u00e9 perturb\u00e9 tr\u00e8s t\u00f4t ce lundi 13 octobre 2025 sur les routes toulousaines. Avant 7h30, plusieurs bouchons ont \u00e9t\u00e9 recens\u00e9s tout autour de la Ville rose, notamment dans le Sud. Bison Fut\u00e9 a signal\u00e9 des ralentissements importants sur 9 kilom\u00e8tres sur l\u2019A64, dans le sens Bayonne \u2013 Toulouse. Le Journal Toulousain fait le point sur le trafic routier. <\/strong><\/p>\n<p><img fetchpriority=\"high\" decoding=\"async\" width=\"1200\" height=\"800\" src=\"https:\/\/www.europesays.com\/fr\/wp-content\/uploads\/2025\/10\/Depositphotos_8171290_XL.jpg\" alt=\"Trafic perturb\u00e9 sur 9 kilom\u00e8tres sur l'A64, au Sud de Toulouse, ce lundi\"  \/><\/p>\n<p>Trafic perturb\u00e9 sur 9 kilom\u00e8tres sur l\u2019A64, au Sud de Toulouse, ce lundi \u00a9 gemphoto \/ Depositphotos <\/p>\n<p><strong>Au Sud de Toulouse : <\/strong><a href=\"http:\/\/lejournaltoulousain.fr\/occitanie\/haute-garonne\/toulouse\/trafic-routier-fortement-perturbe-toulouse-mardi-a64-a68-339485\/\" data-type=\"link\" data-id=\"lejournaltoulousain.fr\/occitanie\/haute-garonne\/toulouse\/trafic-routier-fortement-perturbe-toulouse-mardi-a64-a68-339485\/\" rel=\"nofollow noopener\" target=\"_blank\">Comme tous les matins, le trafic est perturb\u00e9 sur l\u2019A64,<\/a> dans le sens Bayonne \u2013 Toulouse. Des ralentissements sont \u00e0 d\u00e9plorer sur 9 kilom\u00e8tres entre Muret et Portet-sur-Garonne, \u00e0 cause du r\u00e9tr\u00e9cissement des voies. Sur l\u2019A620, dans le sens int\u00e9rieur de Toulouse sud vers Toulouse nord, \u00e0 hauteur du quartier Basso Cambo, les automobilistes sont \u00e0 l\u2019arr\u00eat sur 2 kilom\u00e8tres. <\/p>\n<p><strong>A l\u2019Ouest de Toulouse : <\/strong>Un bouchon de 3 kilom\u00e8tres \u00e9tait d\u00e9j\u00e0 signal\u00e9 par <a href=\"https:\/\/www.bison-fute.gouv.fr\/maintenant.html\" target=\"_blank\" data-type=\"link\" data-id=\"https:\/\/www.bison-fute.gouv.fr\/maintenant.html\" rel=\"noopener nofollow\">Bison Fut\u00e9<\/a> avant 7h30, ce lundi 13 octobre 2025, sur l\u2019A624, de Colomiers vers Toulouse. La circulation est \u00e9galement perturb\u00e9 sur la route nationale 124 entre Pibrac et Colomiers. <\/p>\n<p><strong>A l\u2019Est de Toulouse : <\/strong>A 7h30, pr\u00e8s de 4 kilom\u00e8tres d\u2019embouteillage ont \u00e9t\u00e9 recens\u00e9s sur l\u2019A620, de Toulouse sud vers Toulouse nord, entre Rangueil et Montaudran. <\/p>\n<p><strong>Au Nord de Toulouse : <\/strong>La circulation est au ralenti sur plus de 3 kilom\u00e8tres sur l\u2019A62, dans le sens ext\u00e9rieur de Toulouse vers Bordeaux. En cause : le r\u00e9tr\u00e9cissement des voies. Du c\u00f4t\u00e9 de l\u2019A68, de Albi vers la Ville rose, des ralentissements sont \u00e9galement \u00e0 d\u00e9plorer sur plus de 3 kilom\u00e8tres entre Saint-Jean et Toulouse. <\/p>\n","protected":false},"excerpt":{"rendered":"La circulation a \u00e9t\u00e9 perturb\u00e9 tr\u00e8s t\u00f4t ce lundi 13 octobre 2025 sur les routes toulousaines. Avant 7h30,&hellip;\n","protected":false},"author":2,"featured_media":459121,"comment_status":"","ping_status":"","sticky":false,"template":"","format":"standard","meta":{"footnotes":""},"categories":[2816],"tags":[1111,11,56873,56874,1777,674,1011,27,12,2680,25,2312,58409],"class_list":{"0":"post-459120","1":"post","2":"type-post","3":"status-publish","4":"format-standard","5":"has-post-thumbnail","7":"category-toulouse","8":"tag-actu","9":"tag-actualites","10":"tag-au-sud-de-toulouse","11":"tag-ce-lundi","12":"tag-eu","13":"tag-europe","14":"tag-fr","15":"tag-france","16":"tag-news","17":"tag-occitanie","18":"tag-republique-francaise","19":"tag-toulouse","20":"tag-trafic-perturbu00e9-sur-9-kilomu00e8tres-sur-la64"},"share_on_mastodon":{"url":"https:\/\/pubeurope.com\/@fr\/115365277172560106","error":""},"_links":{"self":[{"href":"https:\/\/www.europesays.com\/fr\/wp-json\/wp\/v2\/posts\/459120","targetHints":{"allow":["GET"]}}],"collection":[{"href":"https:\/\/www.europesays.com\/fr\/wp-json\/wp\/v2\/posts"}],"about":[{"href":"https:\/\/www.europesays.com\/fr\/wp-json\/wp\/v2\/types\/post"}],"author":[{"embeddable":true,"href":"https:\/\/www.europesays.com\/fr\/wp-json\/wp\/v2\/users\/2"}],"replies":[{"embeddable":true,"href":"https:\/\/www.europesays.com\/fr\/wp-json\/wp\/v2\/comments?post=459120"}],"version-history":[{"count":0,"href":"https:\/\/www.europesays.com\/fr\/wp-json\/wp\/v2\/posts\/459120\/revisions"}],"wp:featuredmedia":[{"embeddable":true,"href":"https:\/\/www.europesays.com\/fr\/wp-json\/wp\/v2\/media\/459121"}],"wp:attachment":[{"href":"https:\/\/www.europesays.com\/fr\/wp-json\/wp\/v2\/media?parent=459120"}],"wp:term":[{"taxonomy":"category","embeddable":true,"href":"https:\/\/www.europesays.com\/fr\/wp-json\/wp\/v2\/categories?post=459120"},{"taxonomy":"post_tag","embeddable":true,"href":"https:\/\/www.europesays.com\/fr\/wp-json\/wp\/v2\/tags?post=459120"}],"curies":[{"name":"wp","href":"https:\/\/api.w.org\/{rel}","templated":true}]}}