{"id":459134,"date":"2025-10-13T05:56:11","date_gmt":"2025-10-13T05:56:11","guid":{"rendered":"https:\/\/www.europesays.com\/fr\/459134\/"},"modified":"2025-10-13T05:56:11","modified_gmt":"2025-10-13T05:56:11","slug":"cest-mal-gere-a-paris-panique-et-colere-dans-des-ecoles-du-xie-apres-la-suspension-de-deux-animateurs","status":"publish","type":"post","link":"https:\/\/www.europesays.com\/fr\/459134\/","title":{"rendered":"\u00ab\u00a0C\u2019est mal g\u00e9r\u00e9\u00a0\u00bb\u00a0: \u00e0 Paris, panique et col\u00e8re dans des \u00e9coles du XIe apr\u00e8s la suspension de deux animateurs"},"content":{"rendered":"<p class=\"paragraph text_align_left lp-f-body-02\">Pour l\u2019un d\u2019entre eux, ces actes remonteraient \u00e0 l\u2019ann\u00e9e derni\u00e8re, pour l\u2019autre, ils auraient eu lieu entre la rentr\u00e9e scolaire et sa suspension, le vendredi 26 septembre. Si les accusations s\u2019av\u00e8rent fond\u00e9es, plusieurs enfants seraient concern\u00e9s. Certains, en classe de grande maternelle l\u2019an pass\u00e9, seraient d\u00e9sormais scolaris\u00e9s \u00e0 l\u2019\u00e9cole Keller, situ\u00e9e juste \u00e0 c\u00f4t\u00e9. Le deuxi\u00e8me animateur suspendu aurait \u00e9galement travaill\u00e9 au sein de cet \u00e9tablissement pendant le mois o\u00f9 il a exerc\u00e9.<\/p>\n","protected":false},"excerpt":{"rendered":"Pour l\u2019un d\u2019entre eux, ces actes remonteraient \u00e0 l\u2019ann\u00e9e derni\u00e8re, pour l\u2019autre, ils auraient eu lieu entre la&hellip;\n","protected":false},"author":2,"featured_media":459135,"comment_status":"","ping_status":"","sticky":false,"template":"","format":"standard","meta":{"footnotes":""},"categories":[1888],"tags":[1111,1928,11,1927,1777,674,118,1011,27,1944,12,1926,626,1925,25],"class_list":{"0":"post-459134","1":"post","2":"type-post","3":"status-publish","4":"format-standard","5":"has-post-thumbnail","7":"category-paris","8":"tag-actu","9":"tag-actu-paris","10":"tag-actualites","11":"tag-actualites-paris","12":"tag-eu","13":"tag-europe","14":"tag-faits-divers","15":"tag-fr","16":"tag-france","17":"tag-ma-ville","18":"tag-news","19":"tag-news-paris","20":"tag-paris","21":"tag-paris-news","22":"tag-republique-francaise"},"share_on_mastodon":{"url":"https:\/\/pubeurope.com\/@fr\/115365320062165829","error":""},"_links":{"self":[{"href":"https:\/\/www.europesays.com\/fr\/wp-json\/wp\/v2\/posts\/459134","targetHints":{"allow":["GET"]}}],"collection":[{"href":"https:\/\/www.europesays.com\/fr\/wp-json\/wp\/v2\/posts"}],"about":[{"href":"https:\/\/www.europesays.com\/fr\/wp-json\/wp\/v2\/types\/post"}],"author":[{"embeddable":true,"href":"https:\/\/www.europesays.com\/fr\/wp-json\/wp\/v2\/users\/2"}],"replies":[{"embeddable":true,"href":"https:\/\/www.europesays.com\/fr\/wp-json\/wp\/v2\/comments?post=459134"}],"version-history":[{"count":0,"href":"https:\/\/www.europesays.com\/fr\/wp-json\/wp\/v2\/posts\/459134\/revisions"}],"wp:featuredmedia":[{"embeddable":true,"href":"https:\/\/www.europesays.com\/fr\/wp-json\/wp\/v2\/media\/459135"}],"wp:attachment":[{"href":"https:\/\/www.europesays.com\/fr\/wp-json\/wp\/v2\/media?parent=459134"}],"wp:term":[{"taxonomy":"category","embeddable":true,"href":"https:\/\/www.europesays.com\/fr\/wp-json\/wp\/v2\/categories?post=459134"},{"taxonomy":"post_tag","embeddable":true,"href":"https:\/\/www.europesays.com\/fr\/wp-json\/wp\/v2\/tags?post=459134"}],"curies":[{"name":"wp","href":"https:\/\/api.w.org\/{rel}","templated":true}]}}