{"id":459146,"date":"2025-10-13T06:02:12","date_gmt":"2025-10-13T06:02:12","guid":{"rendered":"https:\/\/www.europesays.com\/fr\/459146\/"},"modified":"2025-10-13T06:02:12","modified_gmt":"2025-10-13T06:02:12","slug":"guerre-commerciale-usa-chine-donald-trump-fait-marche-arriere-et-relance-le-marche-crypto","status":"publish","type":"post","link":"https:\/\/www.europesays.com\/fr\/459146\/","title":{"rendered":"Guerre commerciale USA-Chine : Donald Trump fait marche arri\u00e8re et relance le march\u00e9 crypto"},"content":{"rendered":"<p data-beyondwords-marker=\"dffa35f8-a407-4953-aacf-68357cbe87cd\">Apr\u00e8s une semaine de tensions commerciales entre les \u00c9tats-Unis et la Chine et <strong><a href=\"https:\/\/journalducoin.com\/bitcoin\/btc-tombe-acteurs-confiants-bitcoin-11-octobre\/\" data-wpel-link=\"internal\" target=\"_self\" rel=\"follow noopener noreferrer\" class=\"plausible-event-name=Liens+internes\">une nuit noire en d\u00e9but de week end pour les cryptos<\/a><\/strong>, les march\u00e9s semblent enfin respirer. Les d\u00e9clarations apaisantes de Washington et P\u00e9kin ont permis un l\u00e9ger rebond, notamment pour le Bitcoin qui a retrouv\u00e9 un niveau au-dessus de 114 000 $. Retour sur les \u00e9v\u00e9nements.<\/p>\n<p><strong style=\"font-size: 18px\">Les points cl\u00e9s de cet article :<\/strong><\/p>\n<ul style=\"font-size: 18px\">\n<li>Les march\u00e9s ont repris leur souffle apr\u00e8s une semaine tendue entre les \u00c9tats-Unis et la Chine, avec le Bitcoin repassant au-dessus de 114 000 $.<\/li>\n<li>Les d\u00e9clarations apaisantes de Trump et du minist\u00e8re chinois du Commerce ont eu un effet imm\u00e9diat, provoquant un rebond des cryptomonnaies, bien que les pertes de la semaine pr\u00e9c\u00e9dente ne soient pas encore enti\u00e8rement r\u00e9cup\u00e9r\u00e9es.<\/li>\n<\/ul>\n<p>Trump calme le jeu avec la Chine<\/p>\n<p data-beyondwords-marker=\"562e6e00-f683-4631-9d57-7dbb603ea996\">Dans la nuit de samedi \u00e0 dimanche, le <strong>minist\u00e8re chinois du Commerce<\/strong> a annonc\u00e9 que les <strong>restrictions sur l\u2019exportation de terres rares<\/strong> ne seraient pas des interdictions totales. Les demandes \u00e9ligibles continueront de recevoir des licences, a pr\u00e9cis\u00e9 le minist\u00e8re, ajoutant que ces mesures n\u2019auraient qu\u2019un \u00ab impact minimal \u00bb sur la production mondiale et les cha\u00eenes d\u2019approvisionnement.<\/p>\n<p data-beyondwords-marker=\"862d6831-32ab-4a5e-b473-2f204a04f923\">Du c\u00f4t\u00e9 de Washington, le vice-pr\u00e9sident Vance a d\u00e9clar\u00e9 que le pr\u00e9sident Trump appr\u00e9ciait son amiti\u00e9 avec le Premier ministre chinois Xi Jinping et qu\u2019il \u00e9tait pr\u00eat \u00e0 \u00eatre un n\u00e9gociateur raisonnable. Trump lui-m\u00eame a <a href=\"https:\/\/truthsocial.com\/@realDonaldTrump\/posts\/115362196088273474\" target=\"_blank\" rel=\"noreferrer noopener nofollow\" data-wpel-link=\"external\">tent\u00e9<\/a> de d\u00e9tendre l\u2019atmosph\u00e8re sur Truth Social en affirmant que tout irait bien avec la Chine.<\/p>\n<blockquote data-beyondwords-marker=\"4dfd093e-b7ca-40c6-a051-3967a3a468bb\" class=\"wp-block-quote is-layout-flow wp-block-quote-is-layout-flow\">\n<p data-beyondwords-marker=\"9e485c82-ac22-4dc0-9c37-8aefa08a5c79\"><strong>\u00ab Ne vous inqui\u00e9tez pas pour la Chine, tout ira bien ! Le pr\u00e9sident Xi, tr\u00e8s respect\u00e9, a juste eu un mauvais moment. Il ne veut pas de d\u00e9pression pour ce pays, et moi non plus. Les \u00c9tats-Unis veulent aider la Chine, pas lui faire du mal !!! \u00bb<\/strong><\/p>\n<\/blockquote>\n<p><img fetchpriority=\"high\" decoding=\"async\" width=\"1920\" height=\"1080\" alt=\"\" class=\"wp-image-745294 lazyload\" src=\"https:\/\/www.europesays.com\/fr\/wp-content\/uploads\/2025\/10\/V4_ChineVsUSA_BrasdeFer_Xi_Xinping_Donald_Trump_Clash_Catch_Ring_Humour.jpg\" loading=\"lazy\"  data- data-eio-rwidth=\"1920\" data-eio-rheight=\"1080\"\/>La Chine est les USA en plein bras de fer <\/p>\n<p>Les march\u00e9s reprennent : fin de la guele de bois pour bitcoin ?<\/p>\n<p data-beyondwords-marker=\"7f8bc06d-ec3f-4160-b944-cefb879c73b8\">Ces <strong>d\u00e9clarations<\/strong> ont eu un effet imm\u00e9diat sur les march\u00e9s. Le Bitcoin a repris environ 3 % en 24 heures, <a href=\"https:\/\/journalducoin.com\/coinmarketcap\/bitcoin-btc\/\" data-wpel-link=\"internal\" target=\"_self\" rel=\"follow noopener noreferrer\" class=\"plausible-event-name=Liens+internes\">passant au-dessus de 114 000 $<\/a>. Les altcoins, qui avaient \u00e9t\u00e9 plus durement touch\u00e9s, ont \u00e9galement rebondi. L\u2019Ether, le Solana et le Dogecoin ont enregistr\u00e9 des hausses comprises entre 6 % et 8 %.<\/p>\n<p data-beyondwords-marker=\"71061810-1176-424a-9fe8-03fdf761db50\">Cependant, ce <strong>rebond reste modeste<\/strong> par rapport aux pertes subies la semaine derni\u00e8re. Le Bitcoin est encore en baisse de 7 % sur les sept derniers jours, l\u2019Ether de 8 %, et le Dogecoin de 19 %.<\/p>\n<p data-beyondwords-marker=\"f28d3da8-4871-46ac-9faa-ce356b531c4b\">Bien que les tensions soient loin d\u2019\u00eatre enti\u00e8rement r\u00e9solues, cette accalmie pourrait offrir un r\u00e9pit bienvenu aux investisseurs. Reste \u00e0 voir si les promesses de Trump et de la Chine se concr\u00e9tiseront dans les semaines \u00e0 venir.<\/p>\n","protected":false},"excerpt":{"rendered":"Apr\u00e8s une semaine de tensions commerciales entre les \u00c9tats-Unis et la Chine et une nuit noire en d\u00e9but&hellip;\n","protected":false},"author":2,"featured_media":459147,"comment_status":"","ping_status":"","sticky":false,"template":"","format":"standard","meta":{"footnotes":""},"categories":[1589],"tags":[11,309,73,2474,1866,2112,12,1864,1865,1863,308],"class_list":{"0":"post-459146","1":"post","2":"type-post","3":"status-publish","4":"format-standard","5":"has-post-thumbnail","7":"category-etats-unis","8":"tag-actualites","9":"tag-chine","10":"tag-etats-unis","11":"tag-etats-unis-usa","12":"tag-etats-unis-damerique","13":"tag-marches-financiers","14":"tag-news","15":"tag-united-states","16":"tag-united-states-of-america","17":"tag-us","18":"tag-usa"},"share_on_mastodon":{"url":"","error":""},"_links":{"self":[{"href":"https:\/\/www.europesays.com\/fr\/wp-json\/wp\/v2\/posts\/459146","targetHints":{"allow":["GET"]}}],"collection":[{"href":"https:\/\/www.europesays.com\/fr\/wp-json\/wp\/v2\/posts"}],"about":[{"href":"https:\/\/www.europesays.com\/fr\/wp-json\/wp\/v2\/types\/post"}],"author":[{"embeddable":true,"href":"https:\/\/www.europesays.com\/fr\/wp-json\/wp\/v2\/users\/2"}],"replies":[{"embeddable":true,"href":"https:\/\/www.europesays.com\/fr\/wp-json\/wp\/v2\/comments?post=459146"}],"version-history":[{"count":0,"href":"https:\/\/www.europesays.com\/fr\/wp-json\/wp\/v2\/posts\/459146\/revisions"}],"wp:featuredmedia":[{"embeddable":true,"href":"https:\/\/www.europesays.com\/fr\/wp-json\/wp\/v2\/media\/459147"}],"wp:attachment":[{"href":"https:\/\/www.europesays.com\/fr\/wp-json\/wp\/v2\/media?parent=459146"}],"wp:term":[{"taxonomy":"category","embeddable":true,"href":"https:\/\/www.europesays.com\/fr\/wp-json\/wp\/v2\/categories?post=459146"},{"taxonomy":"post_tag","embeddable":true,"href":"https:\/\/www.europesays.com\/fr\/wp-json\/wp\/v2\/tags?post=459146"}],"curies":[{"name":"wp","href":"https:\/\/api.w.org\/{rel}","templated":true}]}}