{"id":459155,"date":"2025-10-13T06:07:13","date_gmt":"2025-10-13T06:07:13","guid":{"rendered":"https:\/\/www.europesays.com\/fr\/459155\/"},"modified":"2025-10-13T06:07:13","modified_gmt":"2025-10-13T06:07:13","slug":"en-direct-gaza-7-otages-du-hamas-remis-ce-matin-a-la-croix-rouge-la-foule-exulte-a-tel-aviv","status":"publish","type":"post","link":"https:\/\/www.europesays.com\/fr\/459155\/","title":{"rendered":"EN DIRECT &#8211; Gaza : 7 otages du Hamas remis ce matin \u00e0 la Croix-Rouge, la foule exulte \u00e0 Tel-Aviv"},"content":{"rendered":"<ul class=\"jsx-862013697 ArticleChapo__List\">\n<li class=\"jsx-862013697 ArticleChapo__List_Item flex\">Le Hamas a remis ce lundi matin \u00e0 la Croix-Rouge 7 des 20 otages vivants, dans le cadre de l&rsquo;accord ouvrant la voie \u00e0 la prochaine \u00e9tape du plan du pr\u00e9sident am\u00e9ricain Donald Trump pour Gaza.<\/li>\n<li class=\"jsx-862013697 ArticleChapo__List_Item flex\">Ce m\u00eame jour, un sommet international se r\u00e9unira en \u00c9gypte autour de Donald Trump, dont le plan en 20 points vise \u00e0 mettre fin \u00e0 la guerre d\u00e9clench\u00e9e le 7 octobre 2023 par l&rsquo;attaque sanglante du Hamas sur le sol isra\u00e9lien.<\/li>\n<li class=\"jsx-862013697 ArticleChapo__List_Item flex\">Suivez les derni\u00e8res informations.<\/li>\n<\/ul>\n<p><a href=\"https:\/\/www.tf1info.fr\/actualite\/guerre-israel-hamas-le-plan-de-paix-de-donald-trump-enfin-un-tournant-dans-la-guerre-a-gaza-13863\/\" rel=\"noopener\" class=\"jsx-484472199 Link jsx-1428418400 jsx-554215408\" target=\"_blank\"><\/p>\n<p style=\"font-weight:400\" class=\"jsx-1837267516\">Suivez la couverture compl\u00e8te<\/p>\n<p style=\"font-weight:800\" class=\"jsx-1837267516\">Le plan de paix de Trump, enfin un tournant dans la guerre \u00e0 Gaza ?<\/p>\n<p><\/a>Minute par minuteTEL AVIV07:51<\/p>\n<p>Aussit\u00f4t que les m\u00e9dias isra\u00e9liens ont annonc\u00e9 que les otages isra\u00e9liens avaient \u00e9t\u00e9 remis \u00e0 la Croix-Rouge, des milliers de personnes r\u00e9unies sur la place des Otages \u00e0 Tel-Aviv applaudissent \u00e0 tout rompre.<\/p>\n<p>L&rsquo;arm\u00e9e l&rsquo;a confirm\u00e9, mais les images des captifs ne sont pas encore diffus\u00e9es sur les t\u00e9l\u00e9visions. En attendant, cette mar\u00e9e humaine, au milieu de laquelle flottent des drapeaux isra\u00e9liens, laisse exploser sa joie.<\/p>\n<p><img decoding=\"async\" src=\"https:\/\/www.europesays.com\/fr\/wp-content\/uploads\/2025\/10\/tel-aviv-place-des-otages-d1a91b-0@1x.jpeg\" alt=\"AFP\" loading=\"lazy\" importance=\"low\" fetchpriority=\"low\" class=\"\"\/>AFPSEPT OTAGES LIB\u00c9R\u00c9S07:32<\/p>\n<p>Selon l&rsquo;arm\u00e9e isra\u00e9lienne et les m\u00e9dias locaux, sept premiers otages ont \u00e9t\u00e9 remis \u00e0 la Croix-Rouge.<\/p>\n<p>Parmi eux : Matan Angrest, 22 ans Il a \u00e9t\u00e9 captur\u00e9 dans son char en lisi\u00e8re de la bande de Gaza apr\u00e8s avoir tent\u00e9 d&#8217;emp\u00eacher l&rsquo;infiltration des commandos du mouvement islamiste palestinien pr\u00e8s de la base de Nahal Oz.<\/p>\n<p>LA CROIX-ROUGE EN ROUTE07:01<\/p>\n<p>Des v\u00e9hicules du Comit\u00e9 international de la Croix-Rouge (CICR) sont en route lundi matin vers un point convenu du nord de la bande de Gaza pour y r\u00e9cup\u00e9rer des otages devant \u00eatre lib\u00e9r\u00e9s par le Hamas, selon l&rsquo;arm\u00e9e isra\u00e9lienne.<\/p>\n<p>\u00ab\u00a0La Croix-Rouge est en route vers un point de rencontre dans le nord de la bande de Gaza, o\u00f9 plusieurs otages seront remis \u00e0 sa garde\u00a0\u00bb, \u00e9crit l&rsquo;arm\u00e9e isra\u00e9lienne dans un bref communiqu\u00e9, pr\u00e9cisant \u00eatre pr\u00eate \u00ab\u00a0\u00e0 accueillir d&rsquo;autres otages devant \u00eatre remis \u00e0 la Croix-Rouge ult\u00e9rieurement\u00a0\u00bb.<\/p>\n<p>TRUMP BIENT\u00d4T D\u00c9COR\u00c906:42<\/p>\n<p>Le pr\u00e9sident isra\u00e9lien \u00a0Herzog veut d\u00e9cerner \u00e0 son homologue am\u00e9ricain Donald Trump la plus haute d\u00e9coration civile de son pays en remerciement pour sa contribution \u00e0 la lib\u00e9ration des otages retenus \u00e0 Gaza.<\/p>\n<p>Donald Trump doit atterrir ce matin \u00e0 Tel-Aviv et prononcer un discours \u00e0 la Knesset, le parlement isra\u00e9lien, \u00e0 J\u00e9rusalem, en fin de matin\u00e9e. Isaac Herzog compte l&rsquo;informer \u00e0 cette occasion \u00ab\u00a0de sa d\u00e9cision de lui attribuer la m\u00e9daille du pr\u00e9sident isra\u00e9lien en reconnaissance de ses efforts pour ramener les otages chez eux\u00a0\u00bb, indique un communiqu\u00e9 de la pr\u00e9sidence, pr\u00e9cisant que la d\u00e9coration serait remise dans les mois \u00e0 venir.<\/p>\n<p>LISTE DES OTAGES06:11<\/p>\n<p>La branche arm\u00e9e du Hamas publie la liste des noms des 20 otages vivants dont la lib\u00e9ration est pr\u00e9vue. \u00ab\u00a0Dans le cadre de l&rsquo;accord (de cessez-le-feu et) pour l&rsquo;\u00e9change de prisonniers, les Brigades al-Qassam ont d\u00e9cid\u00e9 de lib\u00e9rer les prisonniers sionistes vivants suivants\u00a0\u00bb, indique un communiqu\u00e9 du groupe arm\u00e9 en publiant la liste des noms de vingt otages qui \u00e9taient jusque-l\u00e0 pr\u00e9sum\u00e9s vivants. Retrouvez ici <a href=\"https:\/\/www.tf1info.fr\/international\/cessez-le-feu-a-gaza-que-sait-on-des-otages-israeliens-qui-doivent-etre-liberes-2399893.html\" target=\"_blank\" rel=\"noopener\">notre article qui leur est consacr\u00e9<\/a>.\u00a0<\/p>\n<p>\u00c9CHANGE IMMINENT06:03<\/p>\n<p>Le Hamas devrait remettre t\u00f4t ce matin \u00e0 Isra\u00ebl les derniers otages vivants qu&rsquo;il d\u00e9tient dans la bande de Gaza en \u00e9change de prisonniers palestiniens, \u00e0 quelques heures d&rsquo;un sommet de la paix en \u00c9gypte en pr\u00e9sence de Donald Trump.<\/p>\n<p>Il s&rsquo;agit de la premi\u00e8re \u00e9tape du plan pr\u00e9sent\u00e9 par le pr\u00e9sident am\u00e9ricain pour faire taire les armes, le retour en Isra\u00ebl des 48 otages, vivants ou morts, doit s&rsquo;accompagner de la lib\u00e9ration par Isra\u00ebl de 250 d\u00e9tenus pour des \u00ab\u00a0raisons de s\u00e9curit\u00e9\u00a0\u00bb, dont de nombreux condamn\u00e9s pour des attentats meurtriers anti-isra\u00e9liens, et de 1.700 Palestiniens arr\u00eat\u00e9s \u00e0 Gaza depuis octobre 2023.<\/p>\n<p>BONJOUR06:03<\/p>\n<p>Bonjour et bienvenue dans ce direct consacr\u00e9 \u00e0 l&rsquo;\u00e9change d&rsquo;otages contre prisonniers entre Isra\u00ebl et le Hamas. Retrouvez ici les moments marquants de cette journ\u00e9e du 13 octobre.<\/p>\n<p data-module=\"article-paragraph\" class=\"jsx-3046738180 Paragraph\">Le Hamas devrait lib\u00e9rer t\u00f4t lundi les otages isra\u00e9liens encore en vie pour ouvrir la voie \u00e0 <a href=\"https:\/\/www.tf1info.fr\/international\/video-tf1-j-ai-le-sentiment-qu-il-a-change-l-histoire-trump-encense-lors-du-rassemblement-geant-pour-les-otages-a-tel-aviv-2400109.html\" target=\"_blank\" rel=\"noopener\">la prochaine \u00e9tape du plan du pr\u00e9sident am\u00e9ricain Donald Trump pour Gaza<\/a>. En vertu de l&rsquo;accord, doivent \u00eatre rendus \u00e0 Isra\u00ebl avant lundi \u00e0 9h, les 48 otages ou d\u00e9pouilles d&rsquo;otages encore retenus dans la bande de Gaza, parmi lesquels 20 sont vivants.\u00a0<\/p>\n<p data-module=\"article-paragraph\" class=\"jsx-3046738180 Paragraph\">En \u00e9change, Isra\u00ebl doit lib\u00e9rer 250 Palestiniens d\u00e9tenus pour des \u00ab\u00a0raisons de s\u00e9curit\u00e9\u00a0\u00bb, dont de nombreux condamn\u00e9s pour des attentats meurtriers anti-isra\u00e9liens, et 1.700 Palestiniens arr\u00eat\u00e9s \u00e0 Gaza depuis le d\u00e9but de la guerre.<\/p>\n<p data-module=\"article-paragraph\" class=\"jsx-3046738180 Paragraph Paragraph__End\">Le Hamas et ses alli\u00e9s ont \u00ab\u00a0termin\u00e9 les pr\u00e9paratifs\u00a0\u00bb en vue de la lib\u00e9ration pr\u00e9vue lundi des otages vivants, mais le mouvement islamiste continue d&rsquo;exiger la lib\u00e9ration de chefs palestiniens par Isra\u00ebl dans le cadre de l&rsquo;\u00e9change, ont indiqu\u00e9 dimanche deux sources proches de n\u00e9gociations et du Hamas.<\/p>\n<p data-module=\"article-paragraph\" class=\"jsx-3046738180 Paragraph\">Les pr\u00e9sidents \u00e9gyptien Abdel Fattah al-Sissi et am\u00e9ricain Donald Trump pr\u00e9sideront lundi \u00e0 Charm el-Cheikh <a href=\"https:\/\/www.tf1info.fr\/international\/treve-a-gaza-donald-trump-en-visite-express-en-israel-et-en-egypte-lundi-13-octobre-2025-pour-acter-l-accord-de-paix-2400081.html\" target=\"_blank\" rel=\"noopener\">un \u00ab\u00a0sommet pour la paix\u00a0\u00bb consacr\u00e9 \u00e0 Gaza<\/a>, en pr\u00e9sence de dirigeants de plus de 20 pays et du secr\u00e9taire g\u00e9n\u00e9ral de l&rsquo;ONU Antonio Guterres. Ni Isra\u00ebl ni le Hamas ne participeront \u00e0 la r\u00e9union. \u00a0<\/p>\n<p data-module=\"article-paragraph\" class=\"jsx-3046738180 Paragraph Paragraph__End\">Selon Le Caire, les pays repr\u00e9sent\u00e9s sont : \u00c9gypte, \u00c9tats-Unis, Allemagne,<a href=\"https:\/\/www.tf1info.fr\/international\/paix-a-gaza-emmanuel-macron-attendu-en-egypte-lundi-13-octobre-en-soutien-au-plan-de-donald-trump-2400024.html\" target=\"_blank\" rel=\"noopener\"> France<\/a>, Royaume-Uni, Italie, Jordanie, Turquie, Indon\u00e9sie, \u00c9mirats arabes unis, Pakistan, Inde, Bahre\u00efn, Kowe\u00eft, Oman, Chypre, Gr\u00e8ce, Azerba\u00efdjan, Espagne, Arm\u00e9nie, Hongrie, Norv\u00e8ge et Pays-Bas. L&rsquo;Iran dit avoir \u00e9t\u00e9 invit\u00e9, mais ne confirme pas sa participation.<\/p>\n<p>La r\u00e9daction de TF1info<\/p>\n","protected":false},"excerpt":{"rendered":"Le Hamas a remis ce lundi matin \u00e0 la Croix-Rouge 7 des 20 otages vivants, dans le cadre&hellip;\n","protected":false},"author":2,"featured_media":459156,"comment_status":"","ping_status":"","sticky":false,"template":"","format":"standard","meta":{"footnotes":""},"categories":[2],"tags":[1111,11,1921,75,1073,56635,1011,27,3519,1922,664,56634,12,19141,3518,25,133,1920],"class_list":{"0":"post-459155","1":"post","2":"type-post","3":"status-publish","4":"format-standard","5":"has-post-thumbnail","7":"category-actualites","8":"tag-actu","9":"tag-actualites","10":"tag-article-video","11":"tag-donald-trump","12":"tag-emmanuel-macron","13":"tag-enfin-un-tournant-dans-la-guerre-a-gaza","14":"tag-fr","15":"tag-france","16":"tag-hamas","17":"tag-info","18":"tag-israel","19":"tag-le-plan-de-paix-de-trump","20":"tag-news","21":"tag-otages","22":"tag-palestine","23":"tag-republique-francaise","24":"tag-video","25":"tag-video-international"},"share_on_mastodon":{"url":"https:\/\/pubeurope.com\/@fr\/115365363802296209","error":""},"_links":{"self":[{"href":"https:\/\/www.europesays.com\/fr\/wp-json\/wp\/v2\/posts\/459155","targetHints":{"allow":["GET"]}}],"collection":[{"href":"https:\/\/www.europesays.com\/fr\/wp-json\/wp\/v2\/posts"}],"about":[{"href":"https:\/\/www.europesays.com\/fr\/wp-json\/wp\/v2\/types\/post"}],"author":[{"embeddable":true,"href":"https:\/\/www.europesays.com\/fr\/wp-json\/wp\/v2\/users\/2"}],"replies":[{"embeddable":true,"href":"https:\/\/www.europesays.com\/fr\/wp-json\/wp\/v2\/comments?post=459155"}],"version-history":[{"count":0,"href":"https:\/\/www.europesays.com\/fr\/wp-json\/wp\/v2\/posts\/459155\/revisions"}],"wp:featuredmedia":[{"embeddable":true,"href":"https:\/\/www.europesays.com\/fr\/wp-json\/wp\/v2\/media\/459156"}],"wp:attachment":[{"href":"https:\/\/www.europesays.com\/fr\/wp-json\/wp\/v2\/media?parent=459155"}],"wp:term":[{"taxonomy":"category","embeddable":true,"href":"https:\/\/www.europesays.com\/fr\/wp-json\/wp\/v2\/categories?post=459155"},{"taxonomy":"post_tag","embeddable":true,"href":"https:\/\/www.europesays.com\/fr\/wp-json\/wp\/v2\/tags?post=459155"}],"curies":[{"name":"wp","href":"https:\/\/api.w.org\/{rel}","templated":true}]}}