{"id":459165,"date":"2025-10-13T06:13:17","date_gmt":"2025-10-13T06:13:17","guid":{"rendered":"https:\/\/www.europesays.com\/fr\/459165\/"},"modified":"2025-10-13T06:13:17","modified_gmt":"2025-10-13T06:13:17","slug":"blesse-a-la-hanche-de-minaur-renonce-a-luts-a-hong-kong","status":"publish","type":"post","link":"https:\/\/www.europesays.com\/fr\/459165\/","title":{"rendered":"Bless\u00e9 \u00e0 la hanche, de Minaur renonce \u00e0 l\u2019UTS \u00e0 Hong-Kong"},"content":{"rendered":"<p>                <img decoding=\"async\" src=\"https:\/\/www.europesays.com\/fr\/wp-content\/uploads\/2025\/10\/wduv.jpg\" fetchpriority=\"high\" alt=\"Bless\u00e9 \u00e0 la hanche, de Minaur renonce \u00e0 l\u2019UTS \u00e0 Hong-Kong\"\/><\/p>\n<p>Alors qu\u2019il devait prendre part \u00e0 l\u2019\u00e9dition de l\u2019UTS \u00e0 Hong-Kong les 14 et 15 octobre, Alex de Minaur vient d\u2019y renoncer.<\/p>\n<p>Touch\u00e9 \u00e0 la hanche, l\u2019Australien a d\u00e9clar\u00e9 forfait alors qu\u2019il s\u2019y \u00e9tait rendu et s\u2019\u00e9tait entra\u00een\u00e9. Il explique : \u00ab J\u2019\u00e9tais tr\u00e8s impatient de participer au premier \u00e9v\u00e9nement UTS organis\u00e9 \u00e0 Hong Kong.<\/p>\n<p>Cependant, il semble que je n&rsquo;aie pas r\u00e9cup\u00e9r\u00e9 assez vite physiquement, car je ressentais d\u00e9j\u00e0 la douleur avant m\u00eame de m&rsquo;entra\u00eener sur le terrain. Apr\u00e8s discussion avec mon \u00e9quipe, je n&rsquo;ai eu d&rsquo;autre choix que de me retirer et de consulter mes m\u00e9decins pour un bilan complet.<\/p>\n<p>J&rsquo;ai \u00e9t\u00e9 impressionn\u00e9 par l&rsquo;excellent site choisi pour l&rsquo;\u00e9tape de Hong Kong et par la composition exceptionnelle du plateau, qui promet \u00e0 coup s\u00fbr un tournoi incroyablement passionnant pour tous.<\/p>\n<p>J&rsquo;esp\u00e8re que tout le monde appr\u00e9ciera pleinement la comp\u00e9tition et j&rsquo;ai h\u00e2te de revenir bient\u00f4t \u00e0 Hong Kong pour vous offrir un superbe spectacle. \u00bb<\/p>\n","protected":false},"excerpt":{"rendered":"Alors qu\u2019il devait prendre part \u00e0 l\u2019\u00e9dition de l\u2019UTS \u00e0 Hong-Kong les 14 et 15 octobre, Alex de&hellip;\n","protected":false},"author":2,"featured_media":459166,"comment_status":"","ping_status":"","sticky":false,"template":"","format":"standard","meta":{"footnotes":""},"categories":[1415],"tags":[1011,27,60,1467],"class_list":{"0":"post-459165","1":"post","2":"type-post","3":"status-publish","4":"format-standard","5":"has-post-thumbnail","7":"category-tennis","8":"tag-fr","9":"tag-france","10":"tag-sports","11":"tag-tennis"},"share_on_mastodon":{"url":"https:\/\/pubeurope.com\/@fr\/115365387716791149","error":""},"_links":{"self":[{"href":"https:\/\/www.europesays.com\/fr\/wp-json\/wp\/v2\/posts\/459165","targetHints":{"allow":["GET"]}}],"collection":[{"href":"https:\/\/www.europesays.com\/fr\/wp-json\/wp\/v2\/posts"}],"about":[{"href":"https:\/\/www.europesays.com\/fr\/wp-json\/wp\/v2\/types\/post"}],"author":[{"embeddable":true,"href":"https:\/\/www.europesays.com\/fr\/wp-json\/wp\/v2\/users\/2"}],"replies":[{"embeddable":true,"href":"https:\/\/www.europesays.com\/fr\/wp-json\/wp\/v2\/comments?post=459165"}],"version-history":[{"count":0,"href":"https:\/\/www.europesays.com\/fr\/wp-json\/wp\/v2\/posts\/459165\/revisions"}],"wp:featuredmedia":[{"embeddable":true,"href":"https:\/\/www.europesays.com\/fr\/wp-json\/wp\/v2\/media\/459166"}],"wp:attachment":[{"href":"https:\/\/www.europesays.com\/fr\/wp-json\/wp\/v2\/media?parent=459165"}],"wp:term":[{"taxonomy":"category","embeddable":true,"href":"https:\/\/www.europesays.com\/fr\/wp-json\/wp\/v2\/categories?post=459165"},{"taxonomy":"post_tag","embeddable":true,"href":"https:\/\/www.europesays.com\/fr\/wp-json\/wp\/v2\/tags?post=459165"}],"curies":[{"name":"wp","href":"https:\/\/api.w.org\/{rel}","templated":true}]}}