{"id":459169,"date":"2025-10-13T06:16:12","date_gmt":"2025-10-13T06:16:12","guid":{"rendered":"https:\/\/www.europesays.com\/fr\/459169\/"},"modified":"2025-10-13T06:16:12","modified_gmt":"2025-10-13T06:16:12","slug":"jean-alesi-met-en-vente-sa-formule-1-ferrari-emblematique-de-1992","status":"publish","type":"post","link":"https:\/\/www.europesays.com\/fr\/459169\/","title":{"rendered":"Jean Alesi met en vente sa Formule 1 Ferrari embl\u00e9matique de 1992"},"content":{"rendered":"<p>Publi\u00e913. octobre 2025, 08:08<\/p>\n<p>Automobile: Jean Alesi va vendre une de ses embl\u00e9matiques F1 Ferrari<\/p>\n<p>L&rsquo;ancien pilote s&rsquo;appr\u00eate \u00e0 mettre aux ench\u00e8res une de ses Formule 1 Ferrari de 1992, une pi\u00e8ce unique estim\u00e9e \u00e0 plusieurs millions d&rsquo;euros.<\/p>\n<p><img loading=\"lazy\" decoding=\"async\" src=\"https:\/\/www.europesays.com\/fr\/wp-content\/uploads\/2025\/10\/5f21582f-b256-4943-adfc-2a028dc66303.jpg\" alt=\"\" title=\"\"  width=\"680\" height=\"356\"\/>X<\/p>\n<p>La monoplace rouge, en parfait \u00e9tat de marche avec son moteur V12 de 750 chevaux, avait \u00e9t\u00e9 offerte au pilote avignonnais par la Scuderia \u00e0 l&rsquo;issue de la saison 1992, o\u00f9 il avait pris la septi\u00e8me place d&rsquo;un Championnat du monde remport\u00e9 par le Britannique Nigel Mansell (Williams-Renault). Elle tr\u00f4nait depuis dans la salle de sport de la villa de l&rsquo;ancien pilote.<\/p>\n<p>\u00abLors du dernier Grand Prix de Monza, j&rsquo;ai eu le bonheur de reprendre le volant de ma Formule 1 Ferrari de 1995, aussi \u00e9quip\u00e9e d&rsquo;un V12 \u00e0 la musicalit\u00e9 si caract\u00e9ristique, explique Jean Alesi. En rentrant \u00e0 la maison, voir ma F92A de 1992 pos\u00e9e dans ma salle de sport m&rsquo;a convaincu que sa place \u00e9tait sur un circuit. J&rsquo;ai donc d\u00e9cid\u00e9 de la mettre en vente pour qu&rsquo;un passionn\u00e9 lui redonne vie et fasse de nouveau rugir ce V12 de l\u00e9gende! Elle sera remplac\u00e9e chez moi par la premi\u00e8re Tyrrell Formule 1 de ma carri\u00e8re que j&rsquo;ai encore la chance de poss\u00e9der.\u00bb<\/p>\n<p>Jean Alesi, 61 ans, a disput\u00e9 184 Grands Prix, remportant celui du Canada en 1995 sous les couleurs de la Scuderia, pour qui il a pilot\u00e9 durant cinq saisons (1991-1995). L&rsquo;ancien pilote est aujourd&rsquo;hui pr\u00e9sident du Circuit Paul-Ricard.<\/p>\n<p>Une prestigieuse collection de 69 anciennes F1<\/p>\n<p>\u00abLa voiture est estim\u00e9e entre trois et quatre millions d&rsquo;euros et le march\u00e9 d\u00e9cidera de son prix, souligne Matthieu Lamoure, pr\u00e9sident d&rsquo;Artcurial Motorcars. Ce qui rend cette voiture vraiment unique, c&rsquo;est sa provenance: elle vient directement du pilote usine, certainement le plus populaire de sa g\u00e9n\u00e9ration, au coup de volant spectaculaire, \u00e0 qui la Scuderia l&rsquo;avait offerte \u00e0 la fin de la saison 1992. C&rsquo;est rarissime qu&rsquo;un pilote aussi embl\u00e9matique mette lui-m\u00eame en vente sa propre F1. En g\u00e9n\u00e9ral, ces voitures appartiennent encore aux \u00e9curies ou \u00e0 des collectionneurs priv\u00e9s.\u00bb<\/p>\n<p>La vente aux ench\u00e8res, au cours de laquelle 65 voitures de prestige seront mises \u00e0 l&rsquo;encan, se d\u00e9roulera le 27 janvier prochain \u00e0 l&rsquo;H\u00f4tel Peninsula, \u00e0 Paris.<\/p>\n<p>Les ventes de Formule 1 sur le march\u00e9 sont rares: il s&rsquo;en vend en g\u00e9n\u00e9ral une \u00e0 deux par an, m\u00eame si cette ann\u00e9e fait exception: Bernie Ecclestone, l&rsquo;ancien \u00abgrand argentier de la F1\u00bb a vendu il y a quelques mois sa prestigieuse collection priv\u00e9e de 69 anciennes F1. Elles ont toutes \u00e9t\u00e9 rachet\u00e9es par le milliardaire autrichien Mark Mateschitz, h\u00e9ritier de la marque Red Bull. Et par ailleurs, plusieurs monoplaces seront \u00e9galement mises aux ench\u00e8res par Artcurial Motorcars en d\u00e9cembre.<\/p>\n<p>Tu nous suis d\u00e9j\u00e0 sur WhatsApp?<\/p>\n<p>Abonne-toi \u00e0 notre cha\u00eene, active la petite \ud83d\udd14 et tu recevras un <strong>r\u00e9cap de l&rsquo;actu<\/strong> chaque jour en <strong>d\u00e9but de soir\u00e9e<\/strong>.<\/p>\n<p>(afp\/pp)<\/p>\n","protected":false},"excerpt":{"rendered":"Publi\u00e913. octobre 2025, 08:08 Automobile: Jean Alesi va vendre une de ses embl\u00e9matiques F1 Ferrari L&rsquo;ancien pilote s&rsquo;appr\u00eate&hellip;\n","protected":false},"author":2,"featured_media":459170,"comment_status":"","ping_status":"","sticky":false,"template":"","format":"standard","meta":{"footnotes":""},"categories":[1412],"tags":[1451,1452,1453,1454,1455,1011,27,60],"class_list":{"0":"post-459169","1":"post","2":"type-post","3":"status-publish","4":"format-standard","5":"has-post-thumbnail","7":"category-f1","8":"tag-f1","9":"tag-formula-1","10":"tag-formula1","11":"tag-formule-1","12":"tag-formule1","13":"tag-fr","14":"tag-france","15":"tag-sports"},"share_on_mastodon":{"url":"https:\/\/pubeurope.com\/@fr\/115365398745544291","error":""},"_links":{"self":[{"href":"https:\/\/www.europesays.com\/fr\/wp-json\/wp\/v2\/posts\/459169","targetHints":{"allow":["GET"]}}],"collection":[{"href":"https:\/\/www.europesays.com\/fr\/wp-json\/wp\/v2\/posts"}],"about":[{"href":"https:\/\/www.europesays.com\/fr\/wp-json\/wp\/v2\/types\/post"}],"author":[{"embeddable":true,"href":"https:\/\/www.europesays.com\/fr\/wp-json\/wp\/v2\/users\/2"}],"replies":[{"embeddable":true,"href":"https:\/\/www.europesays.com\/fr\/wp-json\/wp\/v2\/comments?post=459169"}],"version-history":[{"count":0,"href":"https:\/\/www.europesays.com\/fr\/wp-json\/wp\/v2\/posts\/459169\/revisions"}],"wp:featuredmedia":[{"embeddable":true,"href":"https:\/\/www.europesays.com\/fr\/wp-json\/wp\/v2\/media\/459170"}],"wp:attachment":[{"href":"https:\/\/www.europesays.com\/fr\/wp-json\/wp\/v2\/media?parent=459169"}],"wp:term":[{"taxonomy":"category","embeddable":true,"href":"https:\/\/www.europesays.com\/fr\/wp-json\/wp\/v2\/categories?post=459169"},{"taxonomy":"post_tag","embeddable":true,"href":"https:\/\/www.europesays.com\/fr\/wp-json\/wp\/v2\/tags?post=459169"}],"curies":[{"name":"wp","href":"https:\/\/api.w.org\/{rel}","templated":true}]}}