{"id":459171,"date":"2025-10-13T06:17:13","date_gmt":"2025-10-13T06:17:13","guid":{"rendered":"https:\/\/www.europesays.com\/fr\/459171\/"},"modified":"2025-10-13T06:17:13","modified_gmt":"2025-10-13T06:17:13","slug":"le-fait-de-pouvoir-remonter-sur-un-velo-tony-moggio-se-lance-dans-un-nouveau-defi-en-handbike-de-royan-a-sete-700km-le-long-du-canal-des-deux-mers","status":"publish","type":"post","link":"https:\/\/www.europesays.com\/fr\/459171\/","title":{"rendered":"\u00ab\u00a0Le fait de pouvoir remonter sur un v\u00e9lo\u2026\u00a0\u00bb Tony Moggio se lance dans un nouveau d\u00e9fi\u00a0: en handbike, de Royan \u00e0 S\u00e8te, 700km le long du Canal des Deux-Mers\u00a0!"},"content":{"rendered":"<p>\n                                                                    l&rsquo;essentiel<br \/>\n                                                                Devenu t\u00e9trapl\u00e9gique en 2010 au cours d\u2019un match de rugby, Tony Moggio n\u2019a jamais cess\u00e9 d\u2019avancer. Inspirant pour les autres, le Toulousain va r\u00e9aliser un nouveau d\u00e9fi pour passer un message mais aussi se sentir vivant. Rendez-vous du 10 au 25\u00a0juin 2026.\n                            <\/p>\n<p>\u00ab\u00a0Je ne marche plus, mais j\u2019avance toujours.\u00a0\u00bb Cette phrase, elle colle \u00e0 la peau de Tony Moggio. Il se l\u2019est m\u00eame tatou\u00e9e sur le triceps gauche. Plus qu\u2019une devise, un leitmotiv qui en dit long sur la r\u00e9silience de l\u2019ancien talonneur devenu t\u00e9trapl\u00e9gique \u00e0 l\u2019\u00e2ge de 24 ans.<\/p>\n<p>        <img decoding=\"async\" class=\"std-img__img responsive-img\" src=\"https:\/\/www.europesays.com\/fr\/wp-content\/uploads\/2025\/10\/1760336233_780_image.jpg\" alt=\"Tony Moggio dans les locaux de La D\u00e9p\u00eache mercredi 8\u00a0octobre.\"\/><\/p>\n<p>                Tony Moggio dans les locaux de La D\u00e9p\u00eache mercredi 8\u00a0octobre.<br \/>\n                                    DDM &#8211; NATHALIE SAINT-AFFRE<\/p>\n<p>\u00ab\u00a0Cette phrase elle me parle bien car elle est vraie. Quand on m\u2019a annonc\u00e9 apr\u00e8s l\u2019accident que je n\u2019allais plus pouvoir marcher, le monde s\u2019est \u00e9croul\u00e9. J\u2019avais 24 ans, j\u2019\u00e9tais dans le feu de l\u2019action, je venais de rencontrer ma femme, et m\u00eame si le chemin est fait de hauts et de bas, je n\u2019ai jamais voulu que mon handicap prenne le dessus sur ma vie.\u00a0\u00bb Comme il le dit si bien, il n\u2019est pas en querelle avec son handicap, mais ce dernier lui joue parfois des tours.<\/p>\n<p>700km \u00e0 la force de ses bras<\/p>\n<p>En attendant, l\u2019ancien rugbyman de Castelginest \u00e2g\u00e9 de 40 ans est en pleine pr\u00e9paration pour ce d\u00e9fi, son plus grand. Du 10 au 25\u00a0juin 2026, il reliera Royan \u00e0 S\u00e8te en longeant le Canal des Deux-Mers. Un p\u00e9riple de 15 jours durant lequel il effectuera 13 \u00e9tapes de 60 kilom\u00e8tres environ. Son moyen de locomotion\u00a0? Un handbike. Un v\u00e9lo avec deux roues avant et une arri\u00e8re qu\u2019il va pouvoir utiliser gr\u00e2ce \u00e0 ses bras. Un plaisir pour cet amoureux de la Petite Reine.<\/p>\n<p class=\"std-elt__inline\">\n        <strong>\u00c0 lire aussi :<\/strong><br \/>\n        <a href=\"https:\/\/www.ladepeche.fr\/2025\/10\/08\/ce-defi-nest-pas-seulement-sportif-cest-un-message-tony-moggio-va-rallier-sete-depuis-royan-en-handbike-700-km-a-la-force-des-bras-12979845.php\" rel=\"nofollow noopener\" target=\"_blank\">\u00ab\u00a0Ce d\u00e9fi n\u2019est pas seulement sportif, c\u2019est un message\u00a0\u00bb\u00a0: Tony Moggio va rallier S\u00e8te depuis Royan en handbike, 700\u00a0km \u00e0 la force des bras<\/a>\n    <\/p>\n<p>\u00ab\u00a0Le v\u00e9lo \u00e9tait quelque chose qui m\u2019animait beaucoup lorsque j\u2019\u00e9tais valide, et il n\u2019y avait aucune solution pour que je puisse en refaire, jusqu\u2019\u00e0 maintenant. Le fait de pouvoir remonter sur un v\u00e9lo, voir le paysage d\u00e9filer, c\u2019est quelque chose de merveilleux, d\u2019autant plus en le partageant avec des gens que j\u2019aime.\u00a0\u00bb Pour ce d\u00e9fi, sa monture a \u00e9t\u00e9 ajust\u00e9e sur-mesure, de quoi lui permettre d\u2019\u00eatre dans les meilleures conditions. \u00ab\u00a0L\u2019une des particularit\u00e9s de ce d\u00e9fi, c\u2019est qu\u2019il va falloir tenir sans blessures. C\u2019est pour cela que mon handbike a \u00e9t\u00e9 \u00e9tudi\u00e9 de sorte que mes jambes soient bien positionn\u00e9es, qu\u2019elles n\u2019aient aucun contact avec la structure du v\u00e9lo car cela pourrait me blesser.\u00a0\u00bb<\/p>\n<p class=\"std-elt__inline\">\n        <strong>\u00c0 lire aussi :<\/strong><br \/>\n        <a href=\"https:\/\/www.ladepeche.fr\/2025\/09\/17\/tetraplegique-tony-moggio-defie-limpossible-avec-un-nouveau-periple-de-700-km-12936029.php\" rel=\"nofollow noopener\" target=\"_blank\">T\u00e9trapl\u00e9gique, Tony Moggio d\u00e9fie l\u2019impossible avec un nouveau p\u00e9riple de 700\u00a0km<\/a>\n    <\/p>\n<p>Le dossier a lui aussi \u00e9t\u00e9 modifi\u00e9, lui permettant de se guider. Paralys\u00e9 \u00e0 partir du thorax, il peut bouger ses bras, mais n\u2019a pas de motricit\u00e9 ni de sensibilit\u00e9 au niveau de ses doigts. Au quotidien, il est aussi priv\u00e9 de 50\u00a0% de son souffle.<\/p>\n<p>Une affaire de famille<\/p>\n<p>S\u2019il rayonne de par ses exploits, Tony Moggio n\u2019en est pas moins tr\u00e8s bien entour\u00e9. Pour cela, et comme tout Italien qui se respecte, c\u2019est en famille qu\u2019il r\u00e9alise ses performances depuis des ann\u00e9es. Pour ce qui est de la garde rapproch\u00e9e, celle qui sera sur la route avec lui, son papa Jean-Claude et son beau-fr\u00e8re Gr\u00e9gory. Le dernier nomm\u00e9, ambulancier de m\u00e9tier, dirigera le convoi. C\u2019est lui qui g\u00e8re l\u2019itin\u00e9raire et les passages en zone compliqu\u00e9e comme les ponts. Le paternel quant \u00e0 lui, qui a valid\u00e9 les tests \u00e0 l\u2019effort \u00e0 68 ans, assurera le volet m\u00e9dical. Mais plus que cela, les deux hommes seront un soutien psychologique pour Tony. Son \u00e9pouse est aussi sollicit\u00e9e pour faire le lien avec les \u00ab\u00a0villages \u00e9tapes\u00a0\u00bb.<\/p>\n<p class=\"std-elt__inline\">\n        <strong>\u00c0 lire aussi :<\/strong><br \/>\n        <a href=\"https:\/\/www.ladepeche.fr\/2024\/02\/02\/ce-nest-pas-un-fauteuil-roulant-qui-va-mempecher-de-me-surpasser-assure-tony-moggio-apres-avoir-descendu-laiguille-du-midi-11739880.php\" rel=\"nofollow noopener\" target=\"_blank\">VIDEO. \u00ab\u00a0Ce n&rsquo;est pas un fauteuil roulant qui va m&#8217;emp\u00eacher de me surpasser\u00a0\u00bb assure\u00a0Tony Moggio apr\u00e8s avoir descendu l&rsquo;Aiguille du Midi<\/a>\n    <\/p>\n<p>Enfin, et ce n\u2019est pas n\u00e9gligeable, son fils de 5 ans, Gianni, l\u2019accompagnera sur quelques \u00e9tapes. Tout comme sa m\u00e8re ou encore sa s\u0153ur, une \u00e9quipe tr\u00e8s soud\u00e9e dont il a besoin. \u00ab\u00a0Sans eux rien ne serait possible. Je leur tire mon chapeau. C\u2019est compliqu\u00e9 de concilier mes d\u00e9fis et ma famille. Mon fils a besoin de moi donc je ne peux pas \u00eatre tout le temps \u00e0 droite, \u00e0 gauche. Et quand je vois leurs regards, je vois qu\u2019ils sont fiers et \u00e7a n\u2019a pas de prix.\u00a0\u00bb<\/p>\n<p>Plus qu\u2019un message, une renaissance<\/p>\n<p>Outre ces moments en famille, Tony Moggio fait surtout ce d\u00e9fi pour passer une nouvelle fois un message. \u00ab\u00a0On pense que parce que l\u2019on est en situation de handicap, on est triste, on ne peut pas travailler, ni faire de sport \u00e0 haut niveau. Je voulais contrer ces pr\u00e9jug\u00e9s et montrer que m\u00eame si notre vie peut changer du jour au lendemain, que m\u00eame avec un lourd handicap, on peut faire de grandes choses.\u00a0\u00bb<\/p>\n<p class=\"std-elt__inline\">\n        <strong>\u00c0 lire aussi :<\/strong><br \/>\n        <a href=\"https:\/\/www.ladepeche.fr\/2024\/01\/29\/entretien-tony-moggio-tous-les-risques-sur-ces-24-km-de-descente-tony-moggio-en-piste-pour-son-nouveau-defi-11729405.php\" rel=\"nofollow noopener\" target=\"_blank\">ENTRETIEN. Tony Moggio : \u00ab\u00a0Tous les risques sur ces 24 km de descente !\u00a0\u00bb T\u00e9trapl\u00e9gique, le Toulousain est en piste pour un nouveau d\u00e9fi extr\u00eame<\/a>\n    <\/p>\n<p>Et s\u2019il veut donner ce t\u00e9moignage aux autres, c\u2019est aussi pour que, lui, se sente plus vivant que jamais. \u00ab\u00a0J\u2019ai besoin de cela car \u00e7a me fait rena\u00eetre. Apr\u00e8s mon accident, j\u2019ai \u00e9crit des livres, je suis devenu conf\u00e9rencier et c\u2019est tr\u00e8s bien car \u00e7a a r\u00e9veill\u00e9 de nombreuses choses en moi, mais au fond ce n\u2019est pas mon ADN. On me connaissait car j\u2019allais courir le matin, je faisais du v\u00e9lo et avec l\u2019accident j\u2019avais perdu cet aspect que j\u2019ai retrouv\u00e9 \u00e0 travers mes d\u00e9fis.\u00a0\u00bb Et forc\u00e9ment, dans la t\u00eate de Tony Moggio, il y a d\u00e9j\u00e0 un autre d\u00e9fi\u2026<\/p>\n","protected":false},"excerpt":{"rendered":"l&rsquo;essentiel Devenu t\u00e9trapl\u00e9gique en 2010 au cours d\u2019un match de rugby, Tony Moggio n\u2019a jamais cess\u00e9 d\u2019avancer. Inspirant&hellip;\n","protected":false},"author":2,"featured_media":459172,"comment_status":"","ping_status":"","sticky":false,"template":"","format":"standard","meta":{"footnotes":""},"categories":[1411],"tags":[1154,207,1011,27,60],"class_list":{"0":"post-459171","1":"post","2":"type-post","3":"status-publish","4":"format-standard","5":"has-post-thumbnail","7":"category-cyclisme","8":"tag-cycling","9":"tag-cyclisme","10":"tag-fr","11":"tag-france","12":"tag-sports"},"share_on_mastodon":{"url":"https:\/\/pubeurope.com\/@fr\/115365402698692857","error":""},"_links":{"self":[{"href":"https:\/\/www.europesays.com\/fr\/wp-json\/wp\/v2\/posts\/459171","targetHints":{"allow":["GET"]}}],"collection":[{"href":"https:\/\/www.europesays.com\/fr\/wp-json\/wp\/v2\/posts"}],"about":[{"href":"https:\/\/www.europesays.com\/fr\/wp-json\/wp\/v2\/types\/post"}],"author":[{"embeddable":true,"href":"https:\/\/www.europesays.com\/fr\/wp-json\/wp\/v2\/users\/2"}],"replies":[{"embeddable":true,"href":"https:\/\/www.europesays.com\/fr\/wp-json\/wp\/v2\/comments?post=459171"}],"version-history":[{"count":0,"href":"https:\/\/www.europesays.com\/fr\/wp-json\/wp\/v2\/posts\/459171\/revisions"}],"wp:featuredmedia":[{"embeddable":true,"href":"https:\/\/www.europesays.com\/fr\/wp-json\/wp\/v2\/media\/459172"}],"wp:attachment":[{"href":"https:\/\/www.europesays.com\/fr\/wp-json\/wp\/v2\/media?parent=459171"}],"wp:term":[{"taxonomy":"category","embeddable":true,"href":"https:\/\/www.europesays.com\/fr\/wp-json\/wp\/v2\/categories?post=459171"},{"taxonomy":"post_tag","embeddable":true,"href":"https:\/\/www.europesays.com\/fr\/wp-json\/wp\/v2\/tags?post=459171"}],"curies":[{"name":"wp","href":"https:\/\/api.w.org\/{rel}","templated":true}]}}