{"id":459183,"date":"2025-10-13T06:24:15","date_gmt":"2025-10-13T06:24:15","guid":{"rendered":"https:\/\/www.europesays.com\/fr\/459183\/"},"modified":"2025-10-13T06:24:15","modified_gmt":"2025-10-13T06:24:15","slug":"amazon-promet-de-devoiler-des-images-exclusives-dans-son-documentaire-sur-melania-trump","status":"publish","type":"post","link":"https:\/\/www.europesays.com\/fr\/459183\/","title":{"rendered":"Amazon promet de d\u00e9voiler \u00ab\u00a0des images exclusives\u00a0\u00bb dans son documentaire sur Melania Trump"},"content":{"rendered":"<p>\n    Devant la cam\u00e9ra de Brett Ratner, la premi\u00e8re dame raconte les coulisses de son arriv\u00e9e \u00e0 la Maison Blanche, dans les vingt jours qui ont pr\u00e9c\u00e9d\u00e9 l\u2019investiture de Donald Trump en janvier 2025.<\/p>\n<p class=\"fig-paragraph\">Dix mois apr\u00e8s son annonce, le documentaire consacr\u00e9 \u00e0 Melania Trump commence \u00e0 se d\u00e9voiler. Produit par\u00a0<a href=\"http:\/\/www.lefigaro.fr\/culture\/les-studios-amazon-mgm-peuvent-ils-tuer-james-bond-20250315\" target=\"_blank\" data-fig-type=\"Article\" rel=\"noopener\" data-gtm-custom-categorie=\"navigation\" data-gtm-custom-action=\"crossclick\" data-gtm-custom-label=\"Contextuel\" data-gtm-event=\"customEventSPE\" data-fig-domain=\"LEFIGARO\">Amazon Studios<\/a>\u00a0et r\u00e9alis\u00e9 par\u00a0<a href=\"https:\/\/www.lefigaro.fr\/cinema\/2017\/11\/17\/03002-20171117ARTFIG00297--wonder-woman-2-le-producteur-brett-ratner-officiellement-evince.php\" target=\"_blank\" data-fig-type=\"Article\" rel=\"noopener\" data-gtm-custom-categorie=\"navigation\" data-gtm-custom-action=\"crossclick\" data-gtm-custom-label=\"Contextuel\" data-gtm-event=\"customEventSPE\" data-fig-domain=\"LEFIGARO\">Brett Ratner<\/a>, le film devrait sortir en janvier prochain au cin\u00e9ma, offrant un regard in\u00e9dit sur la vie de la premi\u00e8re dame am\u00e9ricaine. Il suit la premi\u00e8re dame durant les 20 jours pr\u00e9c\u00e9dant l\u2019investiture de son mari<a href=\"https:\/\/video.lefigaro.fr\/figaro\/international\/donald-trump-les-images-heure-par-heure-de-la-soiree-dinvestiture-20250121\" target=\"_blank\" data-fig-type=\"Video\" rel=\"sponsored noopener\" data-gtm-custom-categorie=\"navigation\" data-gtm-custom-action=\"crossclick\" data-gtm-custom-label=\"Contextuel\" data-gtm-event=\"customEventSPE\" data-fig-domain=\"LEFIGARO\">\u00a0le 20 janvier 2025<\/a>.<\/p>\n<p class=\"fig-paragraph\">Le long-m\u00e9trage, dont Melania Trump est elle-m\u00eame productrice, promet de livrer \u00ab des images exclusives capturant des r\u00e9unions cruciales, des conversations priv\u00e9es et des environnements in\u00e9dits\u00a0\u00bb, selon le communiqu\u00e9 transmis par la plateforme au\u00a0<a href=\"https:\/\/www.theguardian.com\/film\/2025\/oct\/09\/amazon-melania-trump-documentary\" target=\"_blank\" rel=\"sponsored noopener\" data-gtm-custom-categorie=\"navigation\" data-gtm-custom-action=\"crossclick\" data-gtm-custom-label=\"Contextuel\" data-gtm-event=\"customEventSPE\">Guardian<\/a> . Le co\u00fbt de production du projet s\u2019\u00e9l\u00e8verait \u00e0 40 millions de dollars.<\/p>\n<p>                                    <a class=\"fig-a11y-skip a11y-hidden\" href=\"#fig-a11y-skip-main-inarticle\"><br \/>\n        Passer la publicit\u00e9<br \/>\n    <\/a><\/p>\n<p>Les coulisses de son arriv\u00e9e \u00e0 la Maison Blanche<\/p>\n<p class=\"fig-paragraph\">\u00ab\u00a0Nous avons commenc\u00e9 le tournage en novembre et nous sommes en train de tourner. C\u2019est mon quotidien, ce que je fais, mes responsabilit\u00e9s\u00a0\u00bb, a expliqu\u00e9 Melania Trump lors d\u2019une\u00a0<a href=\"https:\/\/www.foxnews.com\/video\/6367025633112\" target=\"_blank\" rel=\"sponsored noopener\" data-gtm-custom-categorie=\"navigation\" data-gtm-custom-action=\"crossclick\" data-gtm-custom-label=\"Contextuel\" data-gtm-event=\"customEventSPE\">interview sur Fox &amp; Friends\u00a0<\/a>en janvier 2025. \u00ab\u00a0C\u2019est aussi l\u2019emm\u00e9nagement \u00e0 la Maison-Blanche, en passant par l\u2019emballage, la constitution de mon \u00e9quipe, le bureau de la premi\u00e8re dame, tout ce qu\u2019il faut pour que la r\u00e9sidence devienne votre foyer, et pour embaucher les personnes dont vous avez besoin\u00a0\u00bb, a-t-elle expliqu\u00e9.<\/p>\n<p class=\"fig-paragraph\">En marge de la sortie du documentaire, Amazon diffusera \u00e9galement une s\u00e9rie documentaire en trois parties sur Melania Trump, montrant sa vie entre New York, Washington DC et Palm Beach, fief de la famille Trump en Floride. Rarement expos\u00e9e aux c\u00f4t\u00e9s de son mari lors des obligations de repr\u00e9sentations publiques, Melania Trump s\u2019est d\u00e9j\u00e0 livr\u00e9e en octobre 2024 dans son autobiographie intitul\u00e9e\u00a0<a href=\"http:\/\/www.lefigaro.fr\/international\/les-etranges-memoires-de-l-etrange-melania-trump-20241007\" target=\"_blank\" data-fig-type=\"NewsFlash\" rel=\"noopener\" data-gtm-custom-categorie=\"navigation\" data-gtm-custom-action=\"crossclick\" data-gtm-custom-label=\"Contextuel\" data-gtm-event=\"customEventSPE\" data-fig-domain=\"LEFIGARO\">Melania<\/a> .<\/p>\n","protected":false},"excerpt":{"rendered":"Devant la cam\u00e9ra de Brett Ratner, la premi\u00e8re dame raconte les coulisses de son arriv\u00e9e \u00e0 la Maison&hellip;\n","protected":false},"author":2,"featured_media":459184,"comment_status":"","ping_status":"","sticky":false,"template":"","format":"standard","meta":{"footnotes":""},"categories":[1354],"tags":[58,1190,75,59,1346,1011,27,21831,1360],"class_list":{"0":"post-459183","1":"post","2":"type-post","3":"status-publish","4":"format-standard","5":"has-post-thumbnail","7":"category-films","8":"tag-divertissement","9":"tag-documentaire","10":"tag-donald-trump","11":"tag-entertainment","12":"tag-films","13":"tag-fr","14":"tag-france","15":"tag-melania-trump","16":"tag-movies"},"share_on_mastodon":{"url":"https:\/\/pubeurope.com\/@fr\/115365430155459471","error":""},"_links":{"self":[{"href":"https:\/\/www.europesays.com\/fr\/wp-json\/wp\/v2\/posts\/459183","targetHints":{"allow":["GET"]}}],"collection":[{"href":"https:\/\/www.europesays.com\/fr\/wp-json\/wp\/v2\/posts"}],"about":[{"href":"https:\/\/www.europesays.com\/fr\/wp-json\/wp\/v2\/types\/post"}],"author":[{"embeddable":true,"href":"https:\/\/www.europesays.com\/fr\/wp-json\/wp\/v2\/users\/2"}],"replies":[{"embeddable":true,"href":"https:\/\/www.europesays.com\/fr\/wp-json\/wp\/v2\/comments?post=459183"}],"version-history":[{"count":0,"href":"https:\/\/www.europesays.com\/fr\/wp-json\/wp\/v2\/posts\/459183\/revisions"}],"wp:featuredmedia":[{"embeddable":true,"href":"https:\/\/www.europesays.com\/fr\/wp-json\/wp\/v2\/media\/459184"}],"wp:attachment":[{"href":"https:\/\/www.europesays.com\/fr\/wp-json\/wp\/v2\/media?parent=459183"}],"wp:term":[{"taxonomy":"category","embeddable":true,"href":"https:\/\/www.europesays.com\/fr\/wp-json\/wp\/v2\/categories?post=459183"},{"taxonomy":"post_tag","embeddable":true,"href":"https:\/\/www.europesays.com\/fr\/wp-json\/wp\/v2\/tags?post=459183"}],"curies":[{"name":"wp","href":"https:\/\/api.w.org\/{rel}","templated":true}]}}