{"id":459193,"date":"2025-10-13T06:30:15","date_gmt":"2025-10-13T06:30:15","guid":{"rendered":"https:\/\/www.europesays.com\/fr\/459193\/"},"modified":"2025-10-13T06:30:15","modified_gmt":"2025-10-13T06:30:15","slug":"les-sept-premiers-otages-vivants-ont-ete-liberes","status":"publish","type":"post","link":"https:\/\/www.europesays.com\/fr\/459193\/","title":{"rendered":"Les sept premiers otages vivants ont \u00e9t\u00e9 lib\u00e9r\u00e9s&#8230;"},"content":{"rendered":"<p>\u00ab\u00a0Il reste de la tristesse\u00a0\u00bb<\/p>\n<p> \u00abOn attendait ce moment mais il reste de la tristesse pour ceux qui ne rentrent pas et pour les presque 2.000 morts de la guerre, deux ans de folie qui se terminent\u2026 Mais c\u2019est une belle journ\u00e9e, celle qu\u2019on attend depuis deux ans\u00a0\u00bb, a t\u00e9moign\u00e9 Ronny Edry, un enseignant de 54 ans, aupr\u00e8s de l\u2019AFP.<\/p>\n<p>Les sept otages lib\u00e9r\u00e9s, au quatri\u00e8me jour du cessez-le-feu entre Isra\u00ebl et le Hamas, avaient \u00e9t\u00e9 enlev\u00e9s le 7\u00a0octobre 2023 lors de l\u2019attaque sanglante men\u00e9e par le mouvement islamiste palestinien sur le sol isra\u00e9lien, qui a d\u00e9clench\u00e9 une offensive isra\u00e9lienne d\u00e9vastatrice sur la bande de Gaza.<\/p>\n<p>Ce jour-l\u00e0, 251 personnes ont \u00e9t\u00e9 enlev\u00e9es par le Hamas et ses alli\u00e9s. Depuis lors, plus de 67.806 Palestiniens ont \u00e9t\u00e9 tu\u00e9s dans la bande de Gaza dans la campagne de repr\u00e9sailles isra\u00e9lienne, selon les chiffres du minist\u00e8re de la Sant\u00e9 du gouvernement du Hamas, jug\u00e9s fiables par l\u2019ONU.<\/p>\n<p>Macron estime que \u00ab la paix devient possible pour Isra\u00ebl, pour Gaza et la r\u00e9gion \u00bb<\/p>\n<p> \u00abJe partage la joie des familles et du peuple isra\u00e9lien alors que sept otages viennent d&rsquo;\u00eatre remis \u00e0 la Croix-Rouge \u00bb, a \u00e9crit sur X le chef de l&rsquo;Etat fran\u00e7ais, \u00e0 son arriv\u00e9e \u00e0 Charm el-Cheikh en Egypte pour un \u00ab sommet pour la paix \u00bb consacr\u00e9 \u00e0 Gaza. Au total, 20 otages isra\u00e9liens encore vivants doivent \u00eatre rendus \u00e0 Isra\u00ebl lundi matin.<\/p>\n<p>Sur la place des otages, l\u2019ambassadeur de France arbore un tee-shirt \u00ab\u00a0Bring Them Home\u00a0\u00bb<\/p>\n<p>L\u2019ambassadeur de France en Isra\u00ebl, Fr\u00e9d\u00e9ric Journ\u00e8s, qui avait affich\u00e9 les visages d\u2019otages franco-isra\u00e9liens devant l\u2019ambassade, sourit au milieu de la foule, en arborant un tee-shirt \u00ab\u00a0Bring them home\u00a0\u00bb (\u00ab ramenez-les \u00e0 la maison\u00a0\u00bb).<\/p>\n<p class=\"mb-xxl@xs color-ultramarine font-weight-semi-bold@xs font-source-serif-pro heading-s@xs\">L\u2019acc\u00e8s \u00e0 ce contenu a \u00e9t\u00e9 bloqu\u00e9 afin de respecter votre choix de consentement<\/p>\n<p class=\"mb-m@xs text-l@xs\">En cliquant sur\u00ab J\u2019accepte \u00bb, vous acceptez le d\u00e9p\u00f4t de cookies par des services externes et aurez ainsi acc\u00e8s aux contenus de nos partenaires.<\/p>\n<p class=\"mb-xl@xs text-s@xs\">Plus d\u2019informations sur la page<a href=\"https:\/\/www.20minutes.fr\/gestion-cookies\" class=\"mx-xxs@xs color-ultramarine\" target=\"_blank\" rel=\"noopener\">Politique de gestion des cookies<\/a><\/p>\n<p>J\u2019accepteC&rsquo;est la premi\u00e8re \u00e9tape du plan de Trump<\/p>\n<p>Premi\u00e8re \u00e9tape du plan pr\u00e9sent\u00e9 par le pr\u00e9sident am\u00e9ricain pour faire taire les armes apr\u00e8s deux ans de guerre, le retour en Isra\u00ebl des 48 otages, vivants ou morts, doit s\u2019accompagner de la lib\u00e9ration par Isra\u00ebl de 250 d\u00e9tenus pour des \u00ab\u00a0raisons de s\u00e9curit\u00e9\u00a0\u00bb, dont de nombreux condamn\u00e9s pour des attentats meurtriers anti-isra\u00e9liens, et de 1.700 Palestiniens arr\u00eat\u00e9s \u00e0 Gaza depuis octobre\u00a02023.<\/p>\n<p>Tapis rouge pour Donald Trump en Isra\u00ebl<\/p>\n<p>Le pr\u00e9sident des Etats-Unis est attendu en grande pompe en Isra\u00ebl ce lundi. Donald Trump a se rendra ensuite en Egypte pour un sommet de la paix consacr\u00e9 \u00e0 Gaza. Il sera notamment accueilli par cet immense signe de remerciement pour son r\u00f4le dans le retour des otages.<\/p>\n<blockquote class=\"twitter-tweet\" align=\"center\" data-lang=\"fr_FR\">\n<p lang=\"en\" dir=\"ltr\">*Tel Aviv:* An enormous mural will  greet president Trump as he crosses over the shores of Israel in Air Force 1.<br \/>\u2764\ufe0f\ud83e\udd0d\ud83d\udc99\ud83c\uddfa\ud83c\uddf8\ud83c\uddee\ud83c\uddf1\u2721\ufe0f\ud83c\udf97\ufe0f <a href=\"https:\/\/t.co\/mBv93hQwlS\">pic.twitter.com\/mBv93hQwlS<\/a><\/p>\n<p>\u2014 K\ud83c\udf97\ufe0f (@westport60) <a href=\"https:\/\/twitter.com\/westport60\/status\/1977612985129693528?ref_src=twsrc%5Etfw\" target=\"_blank\" rel=\"noopener\">October 13, 2025<\/a><\/p><\/blockquote>\n<p class=\"mb-xxl@xs color-ultramarine font-weight-semi-bold@xs font-source-serif-pro heading-s@xs\">L\u2019acc\u00e8s \u00e0 ce contenu a \u00e9t\u00e9 bloqu\u00e9 afin de respecter votre choix de consentement<\/p>\n<p class=\"mb-m@xs text-l@xs\">En cliquant sur\u00ab J\u2019accepte \u00bb, vous acceptez le d\u00e9p\u00f4t de cookies par des services externes et aurez ainsi acc\u00e8s aux contenus de nos partenaires.<\/p>\n<p class=\"mb-xl@xs text-s@xs\">Plus d\u2019informations sur la page<a href=\"https:\/\/www.20minutes.fr\/gestion-cookies\" class=\"mx-xxs@xs color-ultramarine\" target=\"_blank\" rel=\"noopener\">Politique de gestion des cookies<\/a><\/p>\n<p>J\u2019accepteL&rsquo;arm\u00e9e isra\u00e9lienne confirme que sept otages ont \u00e9t\u00e9 remis \u00e0 la Croix-Rouge<\/p>\n<p> \u00abSelon les informations fournies par la Croix-Rouge, sept otages lui ont \u00e9t\u00e9 remis et sont en route \u00bb pour \u00eatre remis \u00e0 des soldats isra\u00e9liens et \u00e0 des membres du Shin Bet (s\u00e9curit\u00e9 int\u00e9rieure) \u00ab \u00e0 l&rsquo;int\u00e9rieur de la bande de Gaza \u00bb, \u00e9crit l&rsquo;arm\u00e9e dans un communiqu\u00e9.<\/p>\n<p>La foule exulte sur la place des Otages \u00e0 l&rsquo;annonce de la remise de 7 captifs \u00e0 la Croix-Rouge<\/p>\n<p>A l&rsquo;annonce de cette nouvelle, la foule compacte rassembl\u00e9e sur la \u00ab place des Otages \u00bb de Tel-Aviv, lieu embl\u00e9matique de la mobilisation pour le retour des captifs depuis leur enl\u00e8vement le 7 octobre 2023, a exult\u00e9.<\/p>\n<p>Sept premiers otages ont \u00e9t\u00e9 lib\u00e9r\u00e9s vivants et remis \u00e0 la Croix-Rouge<\/p>\n<p>Le Hamas a remis lundi matin \u00e0 Gaza-ville sept otages isra\u00e9liens vivants \u00e0 la Croix-Rouge, rapporte la radio-t\u00e9l\u00e9vision publique isra\u00e9lienne en citant une source s\u00e9curitaire.<\/p>\n<p>Echange imminent d\u2019otages contre prisonniers entre Isra\u00ebl et le Hamas<\/p>\n<p>Le Hamas doit remettre lundi \u00e0 Isra\u00ebl les derniers otages vivants qu\u2019il d\u00e9tient dans la bande de Gaza en \u00e9change de prisonniers palestiniens, \u00e0 quelques heures d\u2019un sommet de la paix en Egypte en pr\u00e9sence de Donald Trump.<\/p>\n<p>La branche arm\u00e9e du mouvement islamiste palestinien a confirm\u00e9 lundi matin qu\u2019il s\u2019appr\u00eatait \u00e0 lib\u00e9rer les otages vivants et publi\u00e9 une liste de 20 noms. Peu apr\u00e8s, l\u2019arm\u00e9e isra\u00e9lienne a annonc\u00e9 que des v\u00e9hicules de la Croix-Rouge se dirigeaient vers un point convenu dans le nord de la bande de Gaza pour r\u00e9cup\u00e9rer des otages.<\/p>\n<p>Sur la place de Tel-Aviv rebaptis\u00e9e Place des Otages, des dizaines de personnes attendaient depuis t\u00f4t le matin autour d\u2019un \u00e9cran o\u00f9 \u00e9taient affich\u00e9s les portraits des otages. Certains avaient le visage grave, d\u2019autres souriaient.<\/p>\n<p>Netanyahou mart\u00e8le que \u00ab\u00a0la lutte n\u2019est pas termin\u00e9e\u00a0\u00bb<\/p>\n<p>Dans une allocution t\u00e9l\u00e9vis\u00e9e dimanche, Benyamin Netanyahou a estim\u00e9 qu\u2019Isra\u00ebl avait remport\u00e9 \u00ab\u00a0d\u2019immenses victoires, des victoires qui ont stup\u00e9fi\u00e9 le monde entier\u00a0\u00bb. \u00ab\u00a0Je dois vous dire que la lutte n\u2019est pas termin\u00e9e\u00a0\u00bb, a-t-il toutefois ajout\u00e9.<\/p>\n<p>Trump en Isra\u00ebl avant sa venue en Egypte<\/p>\n<p>Donald Trump est attendu en Isra\u00ebl ce lundi \u00e0 09h20 (08h20 \u00e0 Paris). Apr\u00e8s un \u00e9change avec Benyamin Netanyahou, il s\u2019exprimera devant le Parlement et rencontrera des proches d\u2019otages. Il se rendra ensuite en Egypte, le matin m\u00eame.<\/p>\n<p>Bienvenue sur ce nouveau Live<\/p>\n<p>Bonjour \u00e0 toutes et \u00e0 tous. Ce lundi devrait \u00eatre un tournant dans la guerre entre le Hamas et Isra\u00ebl. Donald Trump est en effet attendu \u00e0 Charm el-Cheikh, en Egypte, pour y copr\u00e9sider avec son homologue \u00e9gyptien Abdel-Fattah al-Sissi un \u00ab\u00a0sommet pour la paix\u00a0\u00bb, en pr\u00e9sence de dirigeants de plus de 20 pays, dont Emmanuel Macron, et du secr\u00e9taire g\u00e9n\u00e9ral de l\u2019ONU Antonio Guterres. La gouvernance de la bande de Gaza, ravag\u00e9e par deux ans de guerre, en sera l\u2019un des enjeux.<\/p>\n<p><script async src=\"https:\/\/platform.twitter.com\/widgets.js\" charset=\"utf-8\"><\/script><\/p>\n","protected":false},"excerpt":{"rendered":"\u00ab\u00a0Il reste de la tristesse\u00a0\u00bb \u00abOn attendait ce moment mais il reste de la tristesse pour ceux qui&hellip;\n","protected":false},"author":2,"featured_media":459194,"comment_status":"","ping_status":"","sticky":false,"template":"","format":"standard","meta":{"footnotes":""},"categories":[5],"tags":[47,11,952,3259,75,73,1011,27,665,3519,14,664,74,12,133,28],"class_list":{"0":"post-459193","1":"post","2":"type-post","3":"status-publish","4":"format-standard","5":"has-post-thumbnail","7":"category-international","8":"tag-actualite","9":"tag-actualites","10":"tag-benyamin-netanyahou","11":"tag-conflit-israelo-palestinien","12":"tag-donald-trump","13":"tag-etats-unis","14":"tag-fr","15":"tag-france","16":"tag-gaza","17":"tag-hamas","18":"tag-international","19":"tag-israel","20":"tag-monde","21":"tag-news","22":"tag-video","23":"tag-world"},"share_on_mastodon":{"url":"https:\/\/pubeurope.com\/@fr\/115365453904094111","error":""},"_links":{"self":[{"href":"https:\/\/www.europesays.com\/fr\/wp-json\/wp\/v2\/posts\/459193","targetHints":{"allow":["GET"]}}],"collection":[{"href":"https:\/\/www.europesays.com\/fr\/wp-json\/wp\/v2\/posts"}],"about":[{"href":"https:\/\/www.europesays.com\/fr\/wp-json\/wp\/v2\/types\/post"}],"author":[{"embeddable":true,"href":"https:\/\/www.europesays.com\/fr\/wp-json\/wp\/v2\/users\/2"}],"replies":[{"embeddable":true,"href":"https:\/\/www.europesays.com\/fr\/wp-json\/wp\/v2\/comments?post=459193"}],"version-history":[{"count":0,"href":"https:\/\/www.europesays.com\/fr\/wp-json\/wp\/v2\/posts\/459193\/revisions"}],"wp:featuredmedia":[{"embeddable":true,"href":"https:\/\/www.europesays.com\/fr\/wp-json\/wp\/v2\/media\/459194"}],"wp:attachment":[{"href":"https:\/\/www.europesays.com\/fr\/wp-json\/wp\/v2\/media?parent=459193"}],"wp:term":[{"taxonomy":"category","embeddable":true,"href":"https:\/\/www.europesays.com\/fr\/wp-json\/wp\/v2\/categories?post=459193"},{"taxonomy":"post_tag","embeddable":true,"href":"https:\/\/www.europesays.com\/fr\/wp-json\/wp\/v2\/tags?post=459193"}],"curies":[{"name":"wp","href":"https:\/\/api.w.org\/{rel}","templated":true}]}}