{"id":459199,"date":"2025-10-13T06:34:12","date_gmt":"2025-10-13T06:34:12","guid":{"rendered":"https:\/\/www.europesays.com\/fr\/459199\/"},"modified":"2025-10-13T06:34:12","modified_gmt":"2025-10-13T06:34:12","slug":"saint-etienne-parmi-les-plus-instables-de-france","status":"publish","type":"post","link":"https:\/\/www.europesays.com\/fr\/459199\/","title":{"rendered":"Saint Etienne parmi les plus instables de France"},"content":{"rendered":"<p data-start=\"218\" data-end=\"447\"><strong data-start=\"218\" data-end=\"447\">Oscar Garcia, Ghislain Printant, Pascal Dupraz &#8230; L\u2019ASSE fait partie des clubs ayant connu la Ligue 1 les plus instables au niveau des entra\u00eeneurs sur la derni\u00e8re d\u00e9cennie. Une valse de techniciens qui en dit long sur le manque de stabilit\u00e9 dans le forez<\/strong><\/p>\n<p data-start=\"502\" data-end=\"887\">En dix saisons, l\u2019AS Saint-\u00c9tienne a vu d\u00e9filer dix entra\u00eeneurs diff\u00e9rents, soit en moyenne un par an. Un chiffre qui classe le club comme la 6e \u00e9quipe ayant connu la Ligue 1 la plus instable \u00e0 ce poste sur la p\u00e9riode. L\u2019ASSE est \u00e0 \u00e9galit\u00e9 avec Lyon et Montpellier. Mais loin derri\u00e8re le FC Nantes, recordman avec 15 changements, suivi de l\u2019OM (14), Rennes, Bordeaux et Lille (11).<\/p>\n<p data-start=\"889\" data-end=\"1265\">Toutefois, cette instabilit\u00e9 chronique a des cons\u00e9quences directes sur la performance du projet sportif. \u00c0 Saint-\u00c9tienne, <a href=\"https:\/\/www.asse-stats.com\/entraineurs\" rel=\"nofollow noopener\" target=\"_blank\">la dur\u00e9e moyenne d\u2019un coach est de 578 jours<\/a>. Un chiffre bien \u00e9videmment en de\u00e7\u00e0 de ce qui est n\u00e9cessaire pour construire une \u00e9quipe comp\u00e9titive dans la dur\u00e9e. Une pr\u00e9cairt\u00e9\u00a0 \u00e0 l&rsquo;image des cas Printant (120 jours), Sabl\u00e9 (35 jours) ou encore Dupraz (198 jours) &#8230;<\/p>\n<p>De l&rsquo;instabilit\u00e9 vers un changement de cap \u00e0 l&rsquo;ASSE ?<\/p>\n<p data-start=\"1326\" data-end=\"1735\">Depuis le d\u00e9part de Christophe Galtier en 2017 (2 754 jours sur le banc st\u00e9phanois), les pr\u00e9c\u00e9dents dirigeants n\u2019ont jamais su redonner au club une direction stable. Claude Puel, malgr\u00e9 ses 802 jours \u00e0 la t\u00eate de l\u2019\u00e9quipe, n\u2019a pas su enrayer la chute. Quant \u00e0 Jean-Louis Gasset, sa courte, mais intense p\u00e9riode (533 jours) reste un exemple de ce que la stabilit\u00e9 peut apporter, avec une belle 4e place en Ligue 1 en 2018.<\/p>\n<p data-start=\"1737\" data-end=\"1995\">Ce turnover incessant est le reflet des errements de Roland Romeyer et Bernard Ca\u00efazzo. Et l\u2019instabilit\u00e9 sur le banc s\u2019est traduite par une disette sur le terrain. Sur les dix derni\u00e8res ann\u00e9es, l\u2019ASSE n\u2019a remport\u00e9 qu\u2019un seul troph\u00e9e : la Coupe de France en 2013.<\/p>\n<p data-start=\"1737\" data-end=\"1995\">Depuis, plus rien. Pire encore, le club a connu trois saisons en Ligue 2, preuve du d\u00e9clin structurel auquel il fait face. Mais avec l&rsquo;arriv\u00e9e de KSV \u00e0 la direction du club, cette derni\u00e8re semble opt\u00e9 pour la stabilit\u00e9, quitte \u00e0 connaitre une rel\u00e9gation en Ligue 2.<\/p>\n<blockquote class=\"twitter-tweet\">\n<p dir=\"ltr\" lang=\"fr\">\ud835\udddf\ud835\uddd8\ud835\udde6 \ud835\uddd6\ud835\udddf\ud835\udde8\ud835\uddd5\ud835\udde6 \ud835\uddd4\ud835\uddec\ud835\uddd4\ud835\udde1\ud835\udde7 \ud835\uddd6\ud835\udde2\ud835\udde1\ud835\udde1\ud835\udde8 \ud835\udddf\ud835\uddd4 \ud835\udddf\ud835\udddc\ud835\uddda\ud835\udde8\ud835\uddd8 \ud835\udfed \ud835\uddd4\ud835\udde9\ud835\uddd8\ud835\uddd6 \ud835\udddf\ud835\uddd8 \ud835\udde3\ud835\udddf\ud835\udde8\ud835\udde6 \ud835\uddd7\ud835\uddd8 \ud835\uddd6\ud835\udddb\ud835\uddd4\ud835\udde1\ud835\uddda\ud835\uddd8\ud835\udde0\ud835\uddd8\ud835\udde1\ud835\udde7\ud835\udde6 \ud835\uddd7&rsquo;\ud835\uddd8\ud835\udde1\ud835\udde7\ud835\udde5\ud835\uddd4\ud835\udddc\ud835\udde1\ud835\uddd8\ud835\udde8\ud835\udde5\ud835\udde6 \ud835\uddd7\ud835\uddd8\ud835\udde3\ud835\udde8\ud835\udddc\ud835\udde6 \ud835\udfed\ud835\udfec \ud835\uddd4\ud835\udde1\ud835\udde6 \ud83d\udc4b\ud83c\uddeb\ud83c\uddf7<\/p>\n<p>1. FC Nantes : \ud835\udfed\ud835\udff1<br \/>2. OM : \ud835\udfed\ud835\udff0<br \/>3. Rennes : \ud835\udfed\ud835\udfed<br \/>4. Bordeaux : \ud835\udfed\ud835\udfed<br \/>5. Lille : \ud835\udfed\ud835\udfed<br \/>6. Lyon : \ud835\udfed\ud835\udfec<br \/>7.\u2026 <a href=\"https:\/\/t.co\/Z7xNGbjxLm\" rel=\"nofollow\">pic.twitter.com\/Z7xNGbjxLm<\/a><\/p>\n<p>\u2014 Footballogue (@Footballogue) <a href=\"https:\/\/twitter.com\/Footballogue\/status\/1976985093802496056?ref_src=twsrc%5Etfw\" rel=\"nofollow noopener\" target=\"_blank\">October 11, 2025<\/a><\/p>\n<\/blockquote>\n<p>\u00a0<\/p>\n<p>\t\t\t\t\t\t\t\t\t\t\t\t\t\t\t\t\t<script async src=\"https:\/\/platform.twitter.com\/widgets.js\" charset=\"utf-8\"><\/script><\/p>\n","protected":false},"excerpt":{"rendered":"Oscar Garcia, Ghislain Printant, Pascal Dupraz &#8230; L\u2019ASSE fait partie des clubs ayant connu la Ligue 1 les&hellip;\n","protected":false},"author":2,"featured_media":459200,"comment_status":"","ping_status":"","sticky":false,"template":"","format":"standard","meta":{"footnotes":""},"categories":[9653],"tags":[1111,11,2430,1777,674,1011,27,12,25,4001],"class_list":{"0":"post-459199","1":"post","2":"type-post","3":"status-publish","4":"format-standard","5":"has-post-thumbnail","7":"category-saint-etienne","8":"tag-actu","9":"tag-actualites","10":"tag-auvergne-rhone-alpes","11":"tag-eu","12":"tag-europe","13":"tag-fr","14":"tag-france","15":"tag-news","16":"tag-republique-francaise","17":"tag-saint-etienne"},"share_on_mastodon":{"url":"https:\/\/pubeurope.com\/@fr\/115365469427005945","error":""},"_links":{"self":[{"href":"https:\/\/www.europesays.com\/fr\/wp-json\/wp\/v2\/posts\/459199","targetHints":{"allow":["GET"]}}],"collection":[{"href":"https:\/\/www.europesays.com\/fr\/wp-json\/wp\/v2\/posts"}],"about":[{"href":"https:\/\/www.europesays.com\/fr\/wp-json\/wp\/v2\/types\/post"}],"author":[{"embeddable":true,"href":"https:\/\/www.europesays.com\/fr\/wp-json\/wp\/v2\/users\/2"}],"replies":[{"embeddable":true,"href":"https:\/\/www.europesays.com\/fr\/wp-json\/wp\/v2\/comments?post=459199"}],"version-history":[{"count":0,"href":"https:\/\/www.europesays.com\/fr\/wp-json\/wp\/v2\/posts\/459199\/revisions"}],"wp:featuredmedia":[{"embeddable":true,"href":"https:\/\/www.europesays.com\/fr\/wp-json\/wp\/v2\/media\/459200"}],"wp:attachment":[{"href":"https:\/\/www.europesays.com\/fr\/wp-json\/wp\/v2\/media?parent=459199"}],"wp:term":[{"taxonomy":"category","embeddable":true,"href":"https:\/\/www.europesays.com\/fr\/wp-json\/wp\/v2\/categories?post=459199"},{"taxonomy":"post_tag","embeddable":true,"href":"https:\/\/www.europesays.com\/fr\/wp-json\/wp\/v2\/tags?post=459199"}],"curies":[{"name":"wp","href":"https:\/\/api.w.org\/{rel}","templated":true}]}}