{"id":459203,"date":"2025-10-13T06:36:14","date_gmt":"2025-10-13T06:36:14","guid":{"rendered":"https:\/\/www.europesays.com\/fr\/459203\/"},"modified":"2025-10-13T06:36:14","modified_gmt":"2025-10-13T06:36:14","slug":"jack-et-nancy-les-plus-belles-histoires-de-quentin-blake-le-film-cinemas-le-telegramme-quotidien-regional-de-bretagne","status":"publish","type":"post","link":"https:\/\/www.europesays.com\/fr\/459203\/","title":{"rendered":"Jack et Nancy &#8211; les plus belles histoires de Quentin Blake le film &#8211; Cin\u00e9mas &#8211; Le T\u00e9l\u00e9gramme : quotidien regional de Bretagne"},"content":{"rendered":"<p>C&rsquo;est quand le vent se l\u00e8ve que naissent les meilleures histoires ! C&rsquo;est ainsi que Jack et Nancy s&rsquo;envolent, accroch\u00e9s \u00e0 un parapluie magique, et qu&rsquo;Ang\u00e8le rencontre un minuscule oisillon tomb\u00e9 du ciel lors d&rsquo;une temp\u00eate. Deux contes pleins de charme et d&rsquo;humour adapt\u00e9s des albums de Quentin Blake, o\u00f9 l&rsquo;on parle d&rsquo;amiti\u00e9, de d\u00e9couvertes et de d\u00e9parts&#8230; mais aussi du bonheur de rentrer chez soi.<\/p>\n<p>Date de sortie : 15\/10\/2025De : Gerrit Bekers, Massimo FenatiActeurs : <\/p>\n<p>0h52 &#8211; Animation &#8211; Royaume-uni<\/p>\n","protected":false},"excerpt":{"rendered":"C&rsquo;est quand le vent se l\u00e8ve que naissent les meilleures histoires ! C&rsquo;est ainsi que Jack et Nancy&hellip;\n","protected":false},"author":2,"featured_media":40399,"comment_status":"","ping_status":"","sticky":false,"template":"","format":"standard","meta":{"footnotes":""},"categories":[9635],"tags":[1111,11,12458,1777,674,1011,27,775,12457,1702,12,25],"class_list":{"0":"post-459203","1":"post","2":"type-post","3":"status-publish","4":"format-standard","5":"has-post-thumbnail","7":"category-nancy","8":"tag-actu","9":"tag-actualites","10":"tag-cinemas","11":"tag-eu","12":"tag-europe","13":"tag-fr","14":"tag-france","15":"tag-grand-est","16":"tag-homes","17":"tag-nancy","18":"tag-news","19":"tag-republique-francaise"},"share_on_mastodon":{"url":"https:\/\/pubeurope.com\/@fr\/115365477289099474","error":""},"_links":{"self":[{"href":"https:\/\/www.europesays.com\/fr\/wp-json\/wp\/v2\/posts\/459203","targetHints":{"allow":["GET"]}}],"collection":[{"href":"https:\/\/www.europesays.com\/fr\/wp-json\/wp\/v2\/posts"}],"about":[{"href":"https:\/\/www.europesays.com\/fr\/wp-json\/wp\/v2\/types\/post"}],"author":[{"embeddable":true,"href":"https:\/\/www.europesays.com\/fr\/wp-json\/wp\/v2\/users\/2"}],"replies":[{"embeddable":true,"href":"https:\/\/www.europesays.com\/fr\/wp-json\/wp\/v2\/comments?post=459203"}],"version-history":[{"count":0,"href":"https:\/\/www.europesays.com\/fr\/wp-json\/wp\/v2\/posts\/459203\/revisions"}],"wp:featuredmedia":[{"embeddable":true,"href":"https:\/\/www.europesays.com\/fr\/wp-json\/wp\/v2\/media\/40399"}],"wp:attachment":[{"href":"https:\/\/www.europesays.com\/fr\/wp-json\/wp\/v2\/media?parent=459203"}],"wp:term":[{"taxonomy":"category","embeddable":true,"href":"https:\/\/www.europesays.com\/fr\/wp-json\/wp\/v2\/categories?post=459203"},{"taxonomy":"post_tag","embeddable":true,"href":"https:\/\/www.europesays.com\/fr\/wp-json\/wp\/v2\/tags?post=459203"}],"curies":[{"name":"wp","href":"https:\/\/api.w.org\/{rel}","templated":true}]}}