{"id":459204,"date":"2025-10-13T06:37:20","date_gmt":"2025-10-13T06:37:20","guid":{"rendered":"https:\/\/www.europesays.com\/fr\/459204\/"},"modified":"2025-10-13T06:37:20","modified_gmt":"2025-10-13T06:37:20","slug":"participation-en-hausse-aux-5-et-10km-de-tamaris-a-la-seyne","status":"publish","type":"post","link":"https:\/\/www.europesays.com\/fr\/459204\/","title":{"rendered":"Participation en hausse aux 5\u00a0et 10km de Tamaris \u00e0 La Seyne"},"content":{"rendered":"<p class=\"fs-5 \">Ils \u00e9taient mille six cents, ce dimanche matin, \u00e0 prendre le d\u00e9part d\u2019une des plus belles et populaires courses p\u00e9destres de la r\u00e9gion, avec des conditions des plus cl\u00e9mentes. Les 5 km et 10 km de Tamaris, bordant la superbe rade toulonnaise, sous l\u2019\u00e9gide du CSMS Athl\u00e9tisme et de la ville de La Seyne, se sont jou\u00e9s \u00e0 guichets ferm\u00e9s.<\/p>\n<p class=\"fs-5 \">\u00ab Depuis trois ans, nous avons ajout\u00e9 le format des 5 km (inscrit au championnat du Var), dont ils sont 600 \u00e0 prendre le d\u00e9part cette ann\u00e9e. Des inscriptions en hausse, pr\u00e9cise Pascal Boutreau, entra\u00eeneur du CSMS. Petite surprise matinale, nous avons \u00e9t\u00e9 oblig\u00e9s de modifier notre parcours sur la boucle du 10 km, suite \u00e0 l\u2019arriv\u00e9e d\u2019un paquebot \u00e0 La Seyne. \u00bb<\/p>\n<p class=\"fs-5 \">Dans le cadre d\u2019Octobre rose, un village sant\u00e9, avec de nombreux partenaires, animait l\u2019esplanade du Chapiteau de la mer. Sport, sant\u00e9 et convivialit\u00e9 \u00e9taient donc au rendez-vous, avec une d\u00e9gustation de moules marini\u00e8res \u00e0 l\u2019arriv\u00e9e. Sur chaque inscription en course, un euro devait \u00eatre revers\u00e9 au comit\u00e9 de la Ligue varoise contre le cancer.<\/p>\n<p class=\"fs-5 \">C\u00f4t\u00e9 podium, sans grande surprise, sur un chrono de 30\u2019\u201959\u2019, Adrien Toucas a gravi la premi\u00e8re marche du 10 km : \u00ab C\u2019est ma 4e participation et ma 3e victoire \u00e0 cette course, plut\u00f4t plate d\u2019ordinaire, mais avec une petite mont\u00e9e aujourd\u2019hui, suite \u00e0 une modification du parcours. Du coup, c\u2019\u00e9tait un peu casse-pattes. On perd au temps et on puise un peu dans les ressources. J\u2019ai fait cette course en pr\u00e9paration du marathon de Valence le 4 d\u00e9cembre. \u00bb<\/p>\n<p class=\"fs-5 \">Chez les dames, Fran\u00e7oise Parage (de Force Athl\u00e9tisme Six-Fours) s\u2019est impos\u00e9e une fois de plus en leader f\u00e9minine pour la troisi\u00e8me ann\u00e9e cons\u00e9cutive. \u00ab Le chrono d\u2019aujourd\u2019hui est anecdotique, ce n\u2019est plus mon allure semi-marathon, mais je tenais \u00e0 tenter la gagne quand m\u00eame, sans savoir quelles filles \u00e9taient l\u00e0. \u00bb<\/p>\n","protected":false},"excerpt":{"rendered":"Ils \u00e9taient mille six cents, ce dimanche matin, \u00e0 prendre le d\u00e9part d\u2019une des plus belles et populaires&hellip;\n","protected":false},"author":2,"featured_media":459205,"comment_status":"","ping_status":"","sticky":false,"template":"","format":"standard","meta":{"footnotes":""},"categories":[9619],"tags":[1111,11,1777,674,1011,27,12,882,25,2310],"class_list":{"0":"post-459204","1":"post","2":"type-post","3":"status-publish","4":"format-standard","5":"has-post-thumbnail","7":"category-toulon","8":"tag-actu","9":"tag-actualites","10":"tag-eu","11":"tag-europe","12":"tag-fr","13":"tag-france","14":"tag-news","15":"tag-provence-alpes-cote-dazur","16":"tag-republique-francaise","17":"tag-toulon"},"share_on_mastodon":{"url":"https:\/\/pubeurope.com\/@fr\/115365481273721192","error":""},"_links":{"self":[{"href":"https:\/\/www.europesays.com\/fr\/wp-json\/wp\/v2\/posts\/459204","targetHints":{"allow":["GET"]}}],"collection":[{"href":"https:\/\/www.europesays.com\/fr\/wp-json\/wp\/v2\/posts"}],"about":[{"href":"https:\/\/www.europesays.com\/fr\/wp-json\/wp\/v2\/types\/post"}],"author":[{"embeddable":true,"href":"https:\/\/www.europesays.com\/fr\/wp-json\/wp\/v2\/users\/2"}],"replies":[{"embeddable":true,"href":"https:\/\/www.europesays.com\/fr\/wp-json\/wp\/v2\/comments?post=459204"}],"version-history":[{"count":0,"href":"https:\/\/www.europesays.com\/fr\/wp-json\/wp\/v2\/posts\/459204\/revisions"}],"wp:featuredmedia":[{"embeddable":true,"href":"https:\/\/www.europesays.com\/fr\/wp-json\/wp\/v2\/media\/459205"}],"wp:attachment":[{"href":"https:\/\/www.europesays.com\/fr\/wp-json\/wp\/v2\/media?parent=459204"}],"wp:term":[{"taxonomy":"category","embeddable":true,"href":"https:\/\/www.europesays.com\/fr\/wp-json\/wp\/v2\/categories?post=459204"},{"taxonomy":"post_tag","embeddable":true,"href":"https:\/\/www.europesays.com\/fr\/wp-json\/wp\/v2\/tags?post=459204"}],"curies":[{"name":"wp","href":"https:\/\/api.w.org\/{rel}","templated":true}]}}