{"id":459210,"date":"2025-10-13T06:40:14","date_gmt":"2025-10-13T06:40:14","guid":{"rendered":"https:\/\/www.europesays.com\/fr\/459210\/"},"modified":"2025-10-13T06:40:14","modified_gmt":"2025-10-13T06:40:14","slug":"les-produits-les-plus-insolites-de-la-foire-internationale-2025-de-montpellier","status":"publish","type":"post","link":"https:\/\/www.europesays.com\/fr\/459210\/","title":{"rendered":"Les produits les plus insolites de la foire internationale 2025 de Montpellier"},"content":{"rendered":"<p>La foire internationale de Montpellier, qui se tient jusqu&rsquo;au 20 octobre prochain au parc des expositions \u00e0 P\u00e9rols, regorge d&rsquo;objets remarquables, insolites voire inattendus. Visite guid\u00e9e. <\/p>\n<p>C&rsquo;est l&rsquo;\u00e9v\u00e8nement du moment \u00e0 Montpellier\u00a0: la Foire internationale, au parc des expositions. Elle est ouverte depuis vendredi et jusqu&rsquo;\u00e0 lundi 20 octobre 2025. Il y a \u00e9videmment <strong>les grands classiques dans les all\u00e9es<\/strong>\u00a0: les aspirateurs r\u00e9volutionnaires, les robots cuisine jamais vus, ou les torchons qui nettoient mieux que tous les autres.\u00a0Mais la foire, ce sont aussi des produits plus insolites, pour ne pas dire parfois farfelus.<\/p>\n<p>On commence par le hall polyn\u00e9sien, c&rsquo;est le th\u00e8me de cette ann\u00e9e 2025. S\u00e9bastien y vend&#8230; <strong>des ukul\u00e9l\u00e9s tahitiens\u00a0!<\/strong> Des instruments personnalis\u00e9s et super color\u00e9s. \u00ab\u00a0C&rsquo;est ce que tous les gens me disent, confie S\u00e9bastien. C&rsquo;est original, pas tr\u00e8s connu. S&rsquo;il n&rsquo;y avait pas le th\u00e8me de la Polyn\u00e9sie je ne serai jamais venu (rire) !\u00a0\u00bb<\/p>\n<p>\u00ab\u00a0Toujours essayer de chercher plus insolite\u00a0\u00bb<\/p>\n<p>Dans le hall d&rsquo;\u00e0 c\u00f4t\u00e9, ce sont d&rsquo;\u00e9normes dinosaures et dragons en plastique multicolores qui attirent l&rsquo;oeil. \u00ab\u00a0Je les fabrique tous avec des imprimantes 3D, raconte Yann, qui tient le stand. On a cr\u00e9\u00e9 des univers, des th\u00e8mes, notre propre collection\u00a0!\u00a0\u00bb Autre incongruit\u00e9 visible sur cette foire\u00a0: <strong>des flamands roses taille r\u00e9elle<\/strong> qui tournent sur eux-m\u00eames\u00a0!<\/p>\n<p>Mais la palme du plus farfelu revient incontestablement \u00e0 Patricia\u00a0! Elle vend <strong>un grand bonhomme de plus d&rsquo;un m\u00e8tre de haut<\/strong> . \u00ab\u00a0C&rsquo;est une ancienne enseigne d&rsquo;un glacier, explique-t-elle, hilare. Une tr\u00e8s belle pi\u00e8ce\u00a0! Un monsieur m&rsquo;a dit que \u00e7a irait tr\u00e8s bien dans sa cuisine (sourire).\u00a0\u00bb Et o\u00f9 les vendeurs trouvent-ils tous ces objets\u00a0? \u00ab\u00a0On adore chiner, poursuit Patricia. On ne peut jamais dire &lsquo;on n&rsquo;a pas&rsquo;, on va toujours essayer de chercher plus insolite\u00a0!\u00a0\u00bb<\/p>\n<p><img loading=\"lazy\" decoding=\"async\" class=\"VisualPreview svelte-1rldrkz\" src=\"data:image\/jpeg;base64,\/9j\/2wBDACgcHiMeGSgjISMtKygwPGRBPDc3PHtYXUlkkYCZlo+AjIqgtObDoKrarYqMyP\/L2u71\/\/\/\/m8H\/\/\/\/6\/+b9\/\/j\/2wBDASstLTw1PHZBQXb4pYyl+Pj4+Pj4+Pj4+Pj4+Pj4+Pj4+Pj4+Pj4+Pj4+Pj4+Pj4+Pj4+Pj4+Pj4+Pj4+Pj4+Pj\/wAARCAAfACoDASIAAhEBAxEB\/8QAGAABAQEBAQAAAAAAAAAAAAAAAgEAAwT\/xAAYEAEBAQEBAAAAAAAAAAAAAAAAARECEv\/EABYBAQEBAAAAAAAAAAAAAAAAAAEAAv\/EABURAQEAAAAAAAAAAAAAAAAAAAAR\/9oADAMBAAIRAxEAPwDy1MVGSshQdbSS1tc70npAqml25WkF6S9B6S1Qleh9DampP\/\/Z\" alt=\"Une ancienne enseigne de glacier.\" width=\"600\" height=\"450\"\/>  Une ancienne enseigne de glacier. \u00a9 Radio France &#8211; Thomas Pinaroli<img loading=\"lazy\" decoding=\"async\" class=\"VisualPreview svelte-1rldrkz\" src=\"data:image\/jpeg;base64,\/9j\/2wBDACgcHiMeGSgjISMtKygwPGRBPDc3PHtYXUlkkYCZlo+AjIqgtObDoKrarYqMyP\/L2u71\/\/\/\/m8H\/\/\/\/6\/+b9\/\/j\/2wBDASstLTw1PHZBQXb4pYyl+Pj4+Pj4+Pj4+Pj4+Pj4+Pj4+Pj4+Pj4+Pj4+Pj4+Pj4+Pj4+Pj4+Pj4+Pj4+Pj4+Pj\/wAARCAAfACoDASIAAhEBAxEB\/8QAFwABAQEBAAAAAAAAAAAAAAAAAQACA\/\/EABYQAQEBAAAAAAAAAAAAAAAAAAABEf\/EABUBAQEAAAAAAAAAAAAAAAAAAAAB\/8QAFREBAQAAAAAAAAAAAAAAAAAAABH\/2gAMAwEAAhEDEQA\/AOa1ULQ6EihhEaSqzWabQgkEK3GmI2D\/2Q==\" alt=\"Des ukul\u00e9l\u00e9s tahitiens, tous personnalis\u00e9s.\" width=\"600\" height=\"450\"\/>  Des ukul\u00e9l\u00e9s tahitiens, tous personnalis\u00e9s. \u00a9 Radio France &#8211; Thomas Pinaroli<\/p>\n","protected":false},"excerpt":{"rendered":"La foire internationale de Montpellier, qui se tient jusqu&rsquo;au 20 octobre prochain au parc des expositions \u00e0 P\u00e9rols,&hellip;\n","protected":false},"author":2,"featured_media":459211,"comment_status":"","ping_status":"","sticky":false,"template":"","format":"standard","meta":{"footnotes":""},"categories":[9599],"tags":[1111,11,1777,674,1011,27,2208,12,2680,25],"class_list":{"0":"post-459210","1":"post","2":"type-post","3":"status-publish","4":"format-standard","5":"has-post-thumbnail","7":"category-montpellier","8":"tag-actu","9":"tag-actualites","10":"tag-eu","11":"tag-europe","12":"tag-fr","13":"tag-france","14":"tag-montpellier","15":"tag-news","16":"tag-occitanie","17":"tag-republique-francaise"},"share_on_mastodon":{"url":"https:\/\/pubeurope.com\/@fr\/115365493146284515","error":""},"_links":{"self":[{"href":"https:\/\/www.europesays.com\/fr\/wp-json\/wp\/v2\/posts\/459210","targetHints":{"allow":["GET"]}}],"collection":[{"href":"https:\/\/www.europesays.com\/fr\/wp-json\/wp\/v2\/posts"}],"about":[{"href":"https:\/\/www.europesays.com\/fr\/wp-json\/wp\/v2\/types\/post"}],"author":[{"embeddable":true,"href":"https:\/\/www.europesays.com\/fr\/wp-json\/wp\/v2\/users\/2"}],"replies":[{"embeddable":true,"href":"https:\/\/www.europesays.com\/fr\/wp-json\/wp\/v2\/comments?post=459210"}],"version-history":[{"count":0,"href":"https:\/\/www.europesays.com\/fr\/wp-json\/wp\/v2\/posts\/459210\/revisions"}],"wp:featuredmedia":[{"embeddable":true,"href":"https:\/\/www.europesays.com\/fr\/wp-json\/wp\/v2\/media\/459211"}],"wp:attachment":[{"href":"https:\/\/www.europesays.com\/fr\/wp-json\/wp\/v2\/media?parent=459210"}],"wp:term":[{"taxonomy":"category","embeddable":true,"href":"https:\/\/www.europesays.com\/fr\/wp-json\/wp\/v2\/categories?post=459210"},{"taxonomy":"post_tag","embeddable":true,"href":"https:\/\/www.europesays.com\/fr\/wp-json\/wp\/v2\/tags?post=459210"}],"curies":[{"name":"wp","href":"https:\/\/api.w.org\/{rel}","templated":true}]}}