{"id":459212,"date":"2025-10-13T06:41:12","date_gmt":"2025-10-13T06:41:12","guid":{"rendered":"https:\/\/www.europesays.com\/fr\/459212\/"},"modified":"2025-10-13T06:41:12","modified_gmt":"2025-10-13T06:41:12","slug":"pres-de-rouen-cette-mairie-doit-demenager-pour-travaux-ou-en-est-on","status":"publish","type":"post","link":"https:\/\/www.europesays.com\/fr\/459212\/","title":{"rendered":"Pr\u00e8s de Rouen, cette mairie doit d\u00e9m\u00e9nager pour travaux : o\u00f9 en est-on\u00a0?"},"content":{"rendered":"<p>            Par<br \/>\n        <strong><br \/>\n            <a href=\"https:\/\/actu.fr\/auteur\/emilien-jacques\" title=\"Consulter tous les articles de Emilien Jacques\" rel=\"nofollow noopener\" target=\"_blank\">Emilien Jacques<\/a><br \/>\n        <\/strong><\/p>\n<p>        Publi\u00e9 le<\/p>\n<p>            13 oct. 2025 \u00e0 8h14        <\/p>\n<p>Il y a plus d\u2019un an, des expertises \u00e0 la mairie de <a href=\"https:\/\/actu.fr\/normandie\/saint-jacques-sur-darnetal_76591\" rel=\"nofollow noopener\" target=\"_blank\">Saint-Jacques-sur-Darn\u00e9tal<\/a>, pr\u00e8s de Rouen, d\u00e9voilaient <strong>de nombreux dysfonctionnements<\/strong>. Des travaux d\u2019ampleur ont logiquement \u00e9t\u00e9 programm\u00e9s et devaient m\u00eame d\u00e9buter en septembre 2024.<strong> Mais tout ne s\u2019est pas pass\u00e9 comme pr\u00e9vu.<\/strong><\/p>\n<p>S\u00e9curisation de la fa\u00e7ade<\/p>\n<p class=\" wall-content\">Depuis de longs mois maintenant, on entre dans la mairie de Saint-Jacques-sur-Darn\u00e9tal par une petite porte, \u00e0 l\u2019arri\u00e8re du b\u00e2timent. Par mesure de s\u00e9curit\u00e9, l\u2019entr\u00e9e principale a en effet \u00e9t\u00e9<strong> interdite au publi<\/strong>c, apr\u00e8s qu\u2019un d\u00e9versement du mur a \u00e9t\u00e9 constat\u00e9.\u00a0En d\u2019autres mots, le mur s\u2019incline dangereusement.<\/p>\n<p class=\" wall-content\">La r\u00e9novation totale de la fa\u00e7ade est donc n\u00e9cessaire. Les travaux pr\u00e9vus se traduiront par la pose de tirants m\u00e9talliques (pour \u00e9viter le d\u00e9versement du mur), le re-jointement du front principal et la reprise des frontons de lucarnes et des corniches.<\/p>\n<p class=\" wall-content\">Les travaux ne se limiteront pas \u00e0 la fa\u00e7ade principale. Une r\u00e9habilitation totale est pr\u00e9vue, incluant <strong>de nombreux autres am\u00e9nagements<\/strong>. La toiture va \u00eatre remise \u00e0 neuf, ainsi que les velux et les goutti\u00e8res. Les menuiseries du b\u00e2timent seront remplac\u00e9es, ainsi que les portes d\u2019entr\u00e9e et les fen\u00eatres du dernier \u00e9tage.<\/p>\n<p>    <img   decoding=\"async\" loading=\"lazy\" class=\"size-large\" src=\"https:\/\/www.europesays.com\/fr\/wp-content\/uploads\/2025\/10\/15183abcabd8610483abcabd8d4883v-960x640.jpg\" alt=\"La Maison des Associations a un parking tout neuf, et devrait prochainement accueillir les services administratifs de la maire.\" width=\"960\" height=\"640\"\/><br \/>\n    La Maison des Associations a un parking tout neuf, et devrait prochainement accueillir les services administratifs de la maire. \u00a9Emilien Jacques<\/p>\n<p class=\" wall-content\">\u00c0 l\u2019int\u00e9rieur, l\u2019accueil va \u00eatre r\u00e9am\u00e9nag\u00e9 et la salle des archives sera mise en conformit\u00e9. Situ\u00e9es au deuxi\u00e8me \u00e9tage, les archives n\u2019ont pas de locaux d\u00e9sign\u00e9s comme tels. Afin de respecter la r\u00e9glementation, des travaux d\u2019am\u00e9nagements seront effectu\u00e9s (le d\u00e9tail des travaux et leur co\u00fbt mentionn\u00e9 ci-apr\u00e8s, sont issus des proc\u00e8s-verbaux des derniers conseils municipaux de la commune).\u00a0<\/p>\n<p>La mairie devrait d\u00e9m\u00e9nager<\/p>\n<p class=\" wall-content\">Tous ces travaux auraient d\u00fb \u00eatre entrepris <strong>\u00e0 la rentr\u00e9e 2024<\/strong>, mais n\u2019ont pas encore pu d\u00e9but\u00e9. La mairie sera en effet <strong>totalement hors-service durant les op\u00e9rations<\/strong> et les services administratifs doivent \u00eatre d\u00e9localis\u00e9s. La Maison des Association de la commune avait \u00e9t\u00e9 d\u00e9sign\u00e9e comme solution de repli. Seulement voil\u00e0, elle non plus ne pouvait recevoir de public ! Le parking devait \u00eatre r\u00e9nov\u00e9 pour pouvoir accueillir salari\u00e9s et visiteurs de la mairie\u2026<\/p>\n<p>Votre r\u00e9gion, votre actu !<\/p>\n<p>Recevez chaque jour les infos qui comptent pour vous.<\/p>\n<p>\t<a href=\"https:\/\/actu.fr\/newsletter\" class=\"ac-btn ac-btn--corner ac-btn--medium ac-btn--blue800\" rel=\"nofollow noopener\" target=\"_blank\">S&rsquo;incrire<\/a><\/p>\n<p class=\" wall-content\">Apr\u00e8s un an d\u2019attente et de nombreux reports, le parking de la Maison des Associations vient enfin d\u2019\u00eatre achev\u00e9, ce qui devrait faire \u00e9voluer la situation. La mairie devrait pouvoir effectivement d\u00e9m\u00e9nager ses services, le temps de sa r\u00e9habilitation, dont le co\u00fbt total \u00e9tait \u00e9valu\u00e9, au printemps 2025, \u00e0 un peu plus de 470 000 euros TTC.<\/p>\n<p class=\" wall-content\">Sollicit\u00e9e par la R\u00e9daction, la mairie de Saint-Jacques-sur-Darn\u00e9tal n\u2019a pas souhait\u00e9 s\u2019exprimer sur le sujet.<\/p>\n<p>Suivez l\u2019actualit\u00e9 de Rouen <a href=\"https:\/\/www.whatsapp.com\/channel\/0029VaKfnf99hXF2ddApFB1D\" rel=\"nofollow noopener\" target=\"_blank\">sur notre cha\u00eene WhatsApp<\/a> et <a href=\"https:\/\/www.tiktok.com\/@76actu.fr?lang=fr\" rel=\"nofollow noopener\" target=\"_blank\">sur notre compte TikTok<\/a><\/p>\n<p class=\" wall-content\">Personnalisez votre actualit\u00e9 en ajoutant vos villes et m\u00e9dias en favori avec <a href=\"https:\/\/moncompte.actu.fr\" title=\"D\u00e9couvez Mon Actu\" rel=\"nofollow noopener\" data-trk=\"{&quot;cta&quot;:{&quot;action&quot;:&quot;https:\\\/\\\/moncompte.actu.fr&quot;,&quot;category&quot;:&quot;mon compte&quot;,&quot;from&quot;:&quot;article footer&quot;,&quot;name&quot;:&quot;Mon actu&quot;,&quot;type&quot;:&quot;cta&quot;}}\" target=\"_blank\">Mon Actu<\/a>.<\/p>\n<p>                    <script async src=\"\/\/www.tiktok.com\/embed.js\"><\/script><\/p>\n","protected":false},"excerpt":{"rendered":"Par Emilien Jacques Publi\u00e9 le 13 oct. 2025 \u00e0 8h14 Il y a plus d\u2019un an, des expertises&hellip;\n","protected":false},"author":2,"featured_media":459213,"comment_status":"","ping_status":"","sticky":false,"template":"","format":"standard","meta":{"footnotes":""},"categories":[9587],"tags":[1111,11,1777,674,1011,27,12,5161,25,9590,104,2086],"class_list":{"0":"post-459212","1":"post","2":"type-post","3":"status-publish","4":"format-standard","5":"has-post-thumbnail","7":"category-rouen","8":"tag-actu","9":"tag-actualites","10":"tag-eu","11":"tag-europe","12":"tag-fr","13":"tag-france","14":"tag-news","15":"tag-normandie","16":"tag-republique-francaise","17":"tag-rouen","18":"tag-societe","19":"tag-travaux"},"share_on_mastodon":{"url":"https:\/\/pubeurope.com\/@fr\/115365497316512919","error":""},"_links":{"self":[{"href":"https:\/\/www.europesays.com\/fr\/wp-json\/wp\/v2\/posts\/459212","targetHints":{"allow":["GET"]}}],"collection":[{"href":"https:\/\/www.europesays.com\/fr\/wp-json\/wp\/v2\/posts"}],"about":[{"href":"https:\/\/www.europesays.com\/fr\/wp-json\/wp\/v2\/types\/post"}],"author":[{"embeddable":true,"href":"https:\/\/www.europesays.com\/fr\/wp-json\/wp\/v2\/users\/2"}],"replies":[{"embeddable":true,"href":"https:\/\/www.europesays.com\/fr\/wp-json\/wp\/v2\/comments?post=459212"}],"version-history":[{"count":0,"href":"https:\/\/www.europesays.com\/fr\/wp-json\/wp\/v2\/posts\/459212\/revisions"}],"wp:featuredmedia":[{"embeddable":true,"href":"https:\/\/www.europesays.com\/fr\/wp-json\/wp\/v2\/media\/459213"}],"wp:attachment":[{"href":"https:\/\/www.europesays.com\/fr\/wp-json\/wp\/v2\/media?parent=459212"}],"wp:term":[{"taxonomy":"category","embeddable":true,"href":"https:\/\/www.europesays.com\/fr\/wp-json\/wp\/v2\/categories?post=459212"},{"taxonomy":"post_tag","embeddable":true,"href":"https:\/\/www.europesays.com\/fr\/wp-json\/wp\/v2\/tags?post=459212"}],"curies":[{"name":"wp","href":"https:\/\/api.w.org\/{rel}","templated":true}]}}