{"id":459220,"date":"2025-10-13T06:48:19","date_gmt":"2025-10-13T06:48:19","guid":{"rendered":"https:\/\/www.europesays.com\/fr\/459220\/"},"modified":"2025-10-13T06:48:19","modified_gmt":"2025-10-13T06:48:19","slug":"on-roulait-a-10-km-h","status":"publish","type":"post","link":"https:\/\/www.europesays.com\/fr\/459220\/","title":{"rendered":"\u00ab On roulait \u00e0 10 km\/h \u00bb"},"content":{"rendered":"<p>            Par<br \/>\n        <strong><br \/>\n            <a href=\"https:\/\/actu.fr\/auteur\/thomassavalle-2\" title=\"Consulter tous les articles de Thomas Savalle\" target=\"_blank\" rel=\"noopener\">Thomas Savalle<\/a><br \/>\n        <\/strong><\/p>\n<p>        Publi\u00e9 le<\/p>\n<p>            10 oct. 2025 \u00e0 9h35        <\/p>\n<p>\u00ab\u2009Les bouchons \u00e9taient monstrueux. On roulait \u00e0 10 km\/h pendant 45 minutes.\u2009\u00bb C\u2019\u00e9tait la gal\u00e8re hier soir sur la voie express selon plusieurs usagers. Peu avant 19h, un accident s\u2019est produit jeudi 9 octobre 2025 sur la route d\u00e9partementale 137 entre <a href=\"https:\/\/actu.fr\/bretagne\/saint-malo_35288\" target=\"_blank\" rel=\"noopener\">Saint-Malo <\/a>et <a href=\"https:\/\/actu.fr\/rennes\/\" target=\"_blank\" rel=\"noopener\">Rennes<\/a> (Ille-et-Vilaine).<\/p>\n<p>Un automobiliste se serait assoupi<\/p>\n<p class=\" wall-content\">Un automobiliste se serait assoupi \u00e0 hauteur de <a href=\"https:\/\/actu.fr\/bretagne\/chateauneuf-d-ille-et-vilaine_35070\" target=\"_blank\" rel=\"noopener\">Ch\u00e2teauneuf-d\u2019Ille-et-Vilaine<\/a>. Il aurait percut\u00e9 par l\u2019arri\u00e8re une autre voiture. Avec le choc, deux autres v\u00e9hicules ont \u00e9t\u00e9 accident\u00e9s.<\/p>\n<p class=\" wall-content\">Une personne a \u00e9t\u00e9 transport\u00e9e au <a href=\"https:\/\/actu.fr\/tag\/hopital-de-saint-malo\" target=\"_blank\" rel=\"noopener\">centre hospitalier de Saint-Malo<\/a> en urgence relative.<\/p>\n<p class=\" wall-content\">Dix-neuf sapeurs pompiers sont intervenus, la gendarmerie et les services techniques du D\u00e9partement. L\u2019intervention s\u2019est termin\u00e9e vers 20h.<\/p>\n<p class=\" wall-content\">Personnalisez votre actualit\u00e9 en ajoutant vos villes et m\u00e9dias en favori avec <a href=\"https:\/\/moncompte.actu.fr\" title=\"D\u00e9couvez Mon Actu\" rel=\"nofollow noopener\" data-trk=\"{&quot;cta&quot;:{&quot;action&quot;:&quot;https:\\\/\\\/moncompte.actu.fr&quot;,&quot;category&quot;:&quot;mon compte&quot;,&quot;from&quot;:&quot;article footer&quot;,&quot;name&quot;:&quot;Mon actu&quot;,&quot;type&quot;:&quot;cta&quot;}}\" target=\"_blank\">Mon Actu<\/a>.<\/p>\n","protected":false},"excerpt":{"rendered":"Par Thomas Savalle Publi\u00e9 le 10 oct. 2025 \u00e0 9h35 \u00ab\u2009Les bouchons \u00e9taient monstrueux. On roulait \u00e0 10&hellip;\n","protected":false},"author":2,"featured_media":459221,"comment_status":"","ping_status":"","sticky":false,"template":"","format":"standard","meta":{"footnotes":""},"categories":[2821],"tags":[119,1111,11,829,1777,674,118,1011,27,12,584,25,58413],"class_list":{"0":"post-459220","1":"post","2":"type-post","3":"status-publish","4":"format-standard","5":"has-post-thumbnail","7":"category-rennes","8":"tag-accident","9":"tag-actu","10":"tag-actualites","11":"tag-bretagne","12":"tag-eu","13":"tag-europe","14":"tag-faits-divers","15":"tag-fr","16":"tag-france","17":"tag-news","18":"tag-rennes","19":"tag-republique-francaise","20":"tag-route-nationale-137-rn137"},"share_on_mastodon":{"url":"https:\/\/pubeurope.com\/@fr\/115365524479503730","error":""},"_links":{"self":[{"href":"https:\/\/www.europesays.com\/fr\/wp-json\/wp\/v2\/posts\/459220","targetHints":{"allow":["GET"]}}],"collection":[{"href":"https:\/\/www.europesays.com\/fr\/wp-json\/wp\/v2\/posts"}],"about":[{"href":"https:\/\/www.europesays.com\/fr\/wp-json\/wp\/v2\/types\/post"}],"author":[{"embeddable":true,"href":"https:\/\/www.europesays.com\/fr\/wp-json\/wp\/v2\/users\/2"}],"replies":[{"embeddable":true,"href":"https:\/\/www.europesays.com\/fr\/wp-json\/wp\/v2\/comments?post=459220"}],"version-history":[{"count":0,"href":"https:\/\/www.europesays.com\/fr\/wp-json\/wp\/v2\/posts\/459220\/revisions"}],"wp:featuredmedia":[{"embeddable":true,"href":"https:\/\/www.europesays.com\/fr\/wp-json\/wp\/v2\/media\/459221"}],"wp:attachment":[{"href":"https:\/\/www.europesays.com\/fr\/wp-json\/wp\/v2\/media?parent=459220"}],"wp:term":[{"taxonomy":"category","embeddable":true,"href":"https:\/\/www.europesays.com\/fr\/wp-json\/wp\/v2\/categories?post=459220"},{"taxonomy":"post_tag","embeddable":true,"href":"https:\/\/www.europesays.com\/fr\/wp-json\/wp\/v2\/tags?post=459220"}],"curies":[{"name":"wp","href":"https:\/\/api.w.org\/{rel}","templated":true}]}}