{"id":459226,"date":"2025-10-13T06:51:17","date_gmt":"2025-10-13T06:51:17","guid":{"rendered":"https:\/\/www.europesays.com\/fr\/459226\/"},"modified":"2025-10-13T06:51:17","modified_gmt":"2025-10-13T06:51:17","slug":"emirates-devoile-a-nice-son-a380-relooke-et-veut-y-renforcer-sa-presence","status":"publish","type":"post","link":"https:\/\/www.europesays.com\/fr\/459226\/","title":{"rendered":"Emirates d\u00e9voile \u00e0 Nice son A380 relook\u00e9 et veut y renforcer sa pr\u00e9sence"},"content":{"rendered":"<p>\t\t\t\t\t\t\t\t\t\tEmirates  d\u00e9voile \u00e0 Nice son A380 relook\u00e9 et veut y renforcer sa pr\u00e9sence<\/p>\n<p><\/p>\n<p>\t\t\t\t\t\t\t\t\t\t\t\t<a href=\"https:\/\/www.europesays.com\/fr\/wp-content\/uploads\/2025\/10\/Emirates-A380-Nice-new-look.jpg\" class=\"lightbox-photo\" title=\"\"><img decoding=\"async\" src=\"https:\/\/www.europesays.com\/fr\/wp-content\/uploads\/2025\/10\/Emirates-A380-Nice-new-look.jpg\" alt=\"\" width=\"865\" style=\"width:865px;box-shadow: 0px 0px 10px 1px rgba(0,0,0,1);\"\/><\/a><\/p>\n<p>\t\t\t\t\t\t\t\t\t\t&#13;<br \/>\n\t\t\t\t\t\t\t\t\t\t&#13;<br \/>\n\t\t\t\t\t\t\t\t\t\t\t13 octobre 2025\u00a0\u00a0&#13;<br \/>\n\t\t\t\t\t\t\t\t\t\t\t&#13;<br \/>\n\t\t\t\t\t\t\t\t\t\t\t<a href=\"https:\/\/www.laquotidienne.fr\/author\/michel-bovas\/\" title=\"Articles par Michel Bovas\" rel=\"author noopener\" target=\"_blank\">Michel Bovas<\/a>\u00a0\u00a0&#13;<br \/>\n\t\t\t\t\t\t\t\t\t\t\t&#13;<br \/>\n\t\t\t\t\t\t\t\t\t\t\t&#13;<br \/>\n\t\t\t\t\t\t\t\t\t\t\t<a href=\"#comments\" class=\"scrollTo item-meta-i\"><\/a><a href=\"https:\/\/www.laquotidienne.fr\/emirates-devoile-a-nice-son-a380-relooke-et-veut-y-renforcer-sa-presence\/#respond\" target=\"_blank\" rel=\"noopener\">Aucun commentaire<\/a>\u00a0\u00a0&#13;<br \/>\n\t\t\t\t\t\t\t\t\t\t\t&#13;<br \/>\n\t\t\t\t\t\t\t\t\t\t\t<a href=\"https:\/\/www.laquotidienne.fr\/rubrique\/france\/\" rel=\"category tag noopener\" target=\"_blank\">France<\/a>\u00a0\u00a0&#13;<br \/>\n\t\t\t\t\t\t\t\t\t\t\t&#13;<br \/>\n\t\t\t\t\t\t\t\t\t\t\t\u00a0<a href=\"https:\/\/www.laquotidienne.fr\/tag\/a380\/\" rel=\"tag noopener\" target=\"_blank\">A380<\/a>, <a href=\"https:\/\/www.laquotidienne.fr\/tag\/dubai\/\" rel=\"tag noopener\" target=\"_blank\">Duba\u00ef<\/a>, <a href=\"https:\/\/www.laquotidienne.fr\/tag\/emirates\/\" rel=\"tag noopener\" target=\"_blank\">Emirates<\/a>, <a href=\"https:\/\/www.laquotidienne.fr\/tag\/nice-dubai\/\" rel=\"tag noopener\" target=\"_blank\">Nice Duba\u00ef<\/a>\u00a0\u00a0&#13;<br \/>\n\t\t\t\t\t\t\t\t\t\t\t&#13;<br \/>\n\t\t\t\t\t\t\t\t\t\t\t&#13;<br \/>\n\t\t\t\t\t\t\t\t\t\t\t&#13;<\/p>\n<p><strong>C\u2019est \u00e0 Nice, o\u00f9 la compagnie est pr\u00e9sente depuis 1994 avec son vol d\u00e9sormais quotidien assur\u00e9 avec un A380 depuis 2017, qu\u2019Emirates a pr\u00e9sent\u00e9 son A380 enti\u00e8rement r\u00e9nov\u00e9 avec sa toute nouvelle classe \u00ab \u00e9co premium \u00bb.<\/strong><\/p>\n<p>Cette 4e classe propose 56 si\u00e8ges de 50 cm de large, avec repose-pieds, service au champagne et repas en vaisselle de porcelaine.<\/p>\n<p><img decoding=\"async\" loading=\"lazy\" class=\"size-full wp-image-145131 alignleft\" src=\"https:\/\/www.europesays.com\/fr\/wp-content\/uploads\/2025\/10\/nice-aeropot-compagnies-aeriennes-emirats.jpg\" alt=\"\" width=\"640\" height=\"376\"  \/>Elle vise la client\u00e8le de loisirs et les voyageurs business car elle est 50 % moins ch\u00e8re que la classe affaires.<\/p>\n<p>La ligne Nice-Duba\u00ef affiche un taux de remplissage sup\u00e9rieur \u00e0 la moyenne du groupe.<\/p>\n<p>Et la compagnie souhaite renforcer la desserte de Nice avec 2 voire 3 vols suppl\u00e9mentaires par jour comme \u00e0 Paris \u00e0 condition d\u2019obtenir les droits de trafics.<\/p>\n<p>Quoi qu\u2019il soit la demande du trafic est la car Duba\u00ef est aussi pour la desserte de Nice une possibilit\u00e9 de drainer le trafic Asie Pacifique via son hub sans passer par les grands a\u00e9roports europ\u00e9ens.<\/p>\n<p><strong>Michel Bovas<\/strong><\/p>\n<p>\t\t\t\t\t\t\t\t\t\t\t<br clear=\"all\"\/><\/p>\n<p>\t\t\t\t\t\t\t\t\t\t\t&#13;<br \/>\n\t\t\t\t\t\t\t\t\t\t\t\t\t\t\t\t\t\t\t\t\t\t<a href=\"https:\/\/www.facebook.com\/sharer.php?u=https:\/\/www.laquotidienne.fr\/emirates-devoile-a-nice-son-a380-relooke-et-veut-y-renforcer-sa-presence\/&amp;t=Emirates  d\u00e9voile \u00e0 Nice son A380 relook\u00e9 et veut y renforcer sa pr\u00e9sence\" target=\"_blank\" class=\"item\" title=\"Partagez sur Facebook\" rel=\"noopener\"><img decoding=\"async\" src=\"https:\/\/www.europesays.com\/fr\/wp-content\/uploads\/2025\/04\/fb.jpg\" style=\"box-shadow:0px 0px 10px black;\"\/><\/a><br \/>&#13;<br \/>\n\t\t\t\t\t\t\t\t\t\t\t<a href=\"https:\/\/www.facebook.com\/sharer.php?u=https:\/\/www.laquotidienne.fr\/emirates-devoile-a-nice-son-a380-relooke-et-veut-y-renforcer-sa-presence\/&amp;t=Emirates  d\u00e9voile \u00e0 Nice son A380 relook\u00e9 et veut y renforcer sa pr\u00e9sence\" target=\"_blank\" class=\"item\" title=\"Partagez sur Facebook\" rel=\"noopener\"><img decoding=\"async\" src=\"https:\/\/www.europesays.com\/fr\/wp-content\/uploads\/2025\/10\/Emirates-A380-Nice-new-look-resizedFile55.jpg\" style=\"width:300px;\"\/><\/a>&#13;<\/p>\n<p>&#13;\n\t\t\t\t\t\t\t\t\t\t<\/p>\n","protected":false},"excerpt":{"rendered":"Emirates d\u00e9voile \u00e0 Nice son A380 relook\u00e9 et veut y renforcer sa pr\u00e9sence &#13; &#13; 13 octobre 2025\u00a0\u00a0&#13;&hellip;\n","protected":false},"author":2,"featured_media":459227,"comment_status":"","ping_status":"","sticky":false,"template":"","format":"standard","meta":{"footnotes":""},"categories":[2819],"tags":[1111,11,1777,674,1011,27,1031,4052,12,2401,4048,4050,882,1404,4049,25,4053,4051,602],"class_list":{"0":"post-459226","1":"post","2":"type-post","3":"status-publish","4":"format-standard","5":"has-post-thumbnail","7":"category-nice","8":"tag-actu","9":"tag-actualites","10":"tag-eu","11":"tag-europe","12":"tag-fr","13":"tag-france","14":"tag-magazine","15":"tag-magazine-touristique","16":"tag-news","17":"tag-nice","18":"tag-presse","19":"tag-presse-professionnelle","20":"tag-provence-alpes-cote-dazur","21":"tag-quotidien","22":"tag-quotidienne","23":"tag-republique-francaise","24":"tag-revue","25":"tag-revue-tourisme","26":"tag-tourisme"},"share_on_mastodon":{"url":"https:\/\/pubeurope.com\/@fr\/115365536661040955","error":""},"_links":{"self":[{"href":"https:\/\/www.europesays.com\/fr\/wp-json\/wp\/v2\/posts\/459226","targetHints":{"allow":["GET"]}}],"collection":[{"href":"https:\/\/www.europesays.com\/fr\/wp-json\/wp\/v2\/posts"}],"about":[{"href":"https:\/\/www.europesays.com\/fr\/wp-json\/wp\/v2\/types\/post"}],"author":[{"embeddable":true,"href":"https:\/\/www.europesays.com\/fr\/wp-json\/wp\/v2\/users\/2"}],"replies":[{"embeddable":true,"href":"https:\/\/www.europesays.com\/fr\/wp-json\/wp\/v2\/comments?post=459226"}],"version-history":[{"count":0,"href":"https:\/\/www.europesays.com\/fr\/wp-json\/wp\/v2\/posts\/459226\/revisions"}],"wp:featuredmedia":[{"embeddable":true,"href":"https:\/\/www.europesays.com\/fr\/wp-json\/wp\/v2\/media\/459227"}],"wp:attachment":[{"href":"https:\/\/www.europesays.com\/fr\/wp-json\/wp\/v2\/media?parent=459226"}],"wp:term":[{"taxonomy":"category","embeddable":true,"href":"https:\/\/www.europesays.com\/fr\/wp-json\/wp\/v2\/categories?post=459226"},{"taxonomy":"post_tag","embeddable":true,"href":"https:\/\/www.europesays.com\/fr\/wp-json\/wp\/v2\/tags?post=459226"}],"curies":[{"name":"wp","href":"https:\/\/api.w.org\/{rel}","templated":true}]}}