{"id":459230,"date":"2025-10-13T06:53:18","date_gmt":"2025-10-13T06:53:18","guid":{"rendered":"https:\/\/www.europesays.com\/fr\/459230\/"},"modified":"2025-10-13T06:53:18","modified_gmt":"2025-10-13T06:53:18","slug":"qui-sont-les-nouvelles-tetes-de-liste-des-insoumis","status":"publish","type":"post","link":"https:\/\/www.europesays.com\/fr\/459230\/","title":{"rendered":"qui sont les nouvelles t\u00eates de liste des Insoumis\u00a0?"},"content":{"rendered":"<p>            Par<br \/>\n        <strong><br \/>\n            <a href=\"https:\/\/actu.fr\/auteur\/thomas-bernard\" title=\"Consulter tous les articles de Thomas Bernard\" rel=\"nofollow noopener\" target=\"_blank\">Thomas Bernard<\/a><br \/>\n        <\/strong><\/p>\n<p>        Publi\u00e9 le<\/p>\n<p>            13 oct. 2025 \u00e0 7h36        <\/p>\n<p>1,2,3 (re) partez\u2009! Quelques mois apr\u00e8s <a href=\"https:\/\/actu.fr\/pays-de-la-loire\/nantes_44109\/c-est-une-cabale-les-chefs-de-file-lfi-pour-les-municipales-a-nantes-sanctionnes_63003028.html\" rel=\"nofollow noopener\" target=\"_blank\">l\u2019\u00e9viction de Marina Ferreruela par le Comit\u00e9 de respect des principes de La France insoumise<\/a>, apr\u00e8s des accusations de \u00ab\u2009mauvaise gestion\u2009\u00bb d\u2019une affaire de violences sexistes et sexuelles (VSS), les Insoumis ont <strong>un nouveau duo pour les municipales \u00e0 Nantes<\/strong>.<\/p>\n<p>Un bin\u00f4me de t\u00eates de listes<\/p>\n<p class=\" wall-content\">Exit les chefs de files, un bin\u00f4me de t\u00eates de liste a \u00e9t\u00e9 choisi par le Comit\u00e9 \u00e9lectoral national de la France insoumise.<\/p>\n<p class=\" wall-content\">Averti par le parti suite \u00e0 l\u2019affaire de VSS, <strong>William Aucant<\/strong> fait son retour. Architecte urbaniste de 39\u00a0ans, figure insoumise locale, conseiller r\u00e9gional des Pays de la Loire, il a \u00e9t\u00e9 ordonn\u00e9 <strong>num\u00e9ro\u00a01 pour le prochain scrutin \u00e9lectoral local<\/strong>.<\/p>\n<p class=\" wall-content\">Pour cette campagne, William Aucant fera \u00e9quipe avec <strong>Erika Cadersah<\/strong>, militante insoumise, \u00e2g\u00e9e de 52\u00a0ans. Originaire de Guadeloupe, l\u2019activiste antiraciste et d\u00e9coloniale est arriv\u00e9e \u00e0 Nantes il y a six ans. Atteinte d\u2019une maladie g\u00e9n\u00e9tique, la m\u00e8re de deux enfants a rejoint la cit\u00e9 des ducs de Bretagne pour retrouver son fils et am\u00e9liorer ses conditions de vie.<\/p>\n<blockquote class=\"ac-article-quote wall-content\">\n<p>Je suis une survivante. Je suis arriv\u00e9e \u00e0 Nantes sur un fauteuil roulant. Je devais terminer dans un fauteuil \u00e9lectrique. J&rsquo;ai refus\u00e9 et pris le pari de sortir de la chaise. J&rsquo;y suis arriv\u00e9e \u00e0 force de courage et de souffrances, tout en rencontrant un personnel m\u00e9dical extraordinaire. La premi\u00e8re chose que j&rsquo;ai faite quand je me suis lev\u00e9e : c&rsquo;est d&rsquo;aller militer (&#8230;)Tout ce que je porte comme revendication politique vient de mon exp\u00e9rience personnelle.<\/p>\n<p>    <strong>Erika Cadersah<\/strong><br \/>\n        Co-t\u00eate de liste pour La France insoumise \u00e0 Nantes    <\/p><\/blockquote>\n<p>Logement, antiracisme, \u00e9cologie et d\u00e9mocratie<\/p>\n<p class=\" wall-content\">\u00c0 Nantes, la France insoumise revendique <strong>800 inscrits<\/strong>. Le mouvement de <strong>Jean-Luc M\u00e9lenchon<\/strong> veut incarner \u00ab\u2009une gauche de rupture et \u00e9cologiste\u2009\u00bb dans la ville de Jules Verne et appelle \u00ab\u2009toutes les forces de gauche\u2009\u00bb \u00e0 rejoindre la dynamique de LFI.<\/p>\n<p>Votre r\u00e9gion, votre actu !<\/p>\n<p>Recevez chaque jour les infos qui comptent pour vous.<\/p>\n<p>\t<a href=\"https:\/\/actu.fr\/newsletter\" class=\"ac-btn ac-btn--corner ac-btn--medium ac-btn--blue800\" rel=\"nofollow noopener\" target=\"_blank\">S&rsquo;incrire<\/a><\/p>\n<p class=\" wall-content\">William Aucant, Erika Cadersah et <a href=\"https:\/\/actu.fr\/pays-de-la-loire\/nantes_44109\/nantes-le-depute-lfi-andy-kerbrat-exclu-temporairement-de-l-assemblee-nationale_62607197.html\" rel=\"nofollow noopener\" target=\"_blank\">Andy Kerbrat<\/a>, d\u00e9put\u00e9 de la 2e circonscription de Loire-Atlantique, ont ouvert la porte aux \u00c9cologistes pour une liste commune,<a href=\"https:\/\/actu.fr\/pays-de-la-loire\/nantes_44109\/municipales-2026-a-nantes-gratuite-des-transports-erdre-baignable-les-ecologistes-devoilent-leur-programme_63229362.html\" rel=\"nofollow noopener\" target=\"_blank\"> qui ont r\u00e9cemment d\u00e9voil\u00e9 leur programme pour les municipales 2026<\/a>. \u00ab\u2009Notre mandat comme t\u00eate de liste c\u2019est de trouver un accord pour un programme de rupture, en priorit\u00e9 avec les \u00c9cologistes\u2009\u00bb, a expliqu\u00e9 William Aucant. Les Insoumis ont \u00e9cart\u00e9 toute alliance avec les Socialistes pour les prochaines municipales.<\/p>\n<p class=\" wall-content\">Des discussions ont eu lieu ces derni\u00e8res semaines entre les deux mouvements. Ce mardi 14\u00a0octobre, les militants \u00e9cologistes doivent se prononcer sur une potentielle union avec les Insoumis. Ces derniers sont dans l\u2019attente du vote des militants \u00e9cologistes.<\/p>\n<p class=\" wall-content\">Au niveau programmatique, LFI a travaill\u00e9 sur <strong>650 mesures faisant la part belle au logement et \u00e0 l\u2019anti-racisme<\/strong>, deux axes principaux de la campagne. Les th\u00e9matiques du f\u00e9minisme, de l\u2019anti-validisme, de \u00ab\u2009la lutte d\u00e9coloniale\u2009\u00bb et de l\u2019\u00e9cologie populaire rythmeront \u00e9galement les propositions du parti insoumis.<\/p>\n<p class=\" wall-content\">\u00ab\u2009Nous voulons une \u00e9cologie populaire, c\u2019est-\u00e0-dire qu\u2019elle n\u2019oublie personne. C\u2019est \u00e0 partir du cadre de vie qu\u2019on agit sur les gens, ce n\u2019est pas l\u2019\u00e9cologie contre les gens. Il y a une d\u00e9mocratie \u00e0 faire sur les questions \u00e9cologiques\u2009\u00bb, d\u00e9taille le bin\u00f4me de t\u00eates de liste.<\/p>\n<p class=\" wall-content\">Pour le scrutin municipal, les Insoumis estiment disposer d\u2019une r\u00e9serve de voix chez les abstentionnistes. \u00ab\u2009Ramener des gens aux urnes c\u2019est un combat\u2009\u00bb, note Andy Kerbrat. LFI veut notamment faire campagne \u00ab\u2009dans et avec les quartiers populaires\u2009\u00bb.<\/p>\n<p class=\" wall-content\">En attendant le retour des militants \u00e9cologistes pour une alliance, le bin\u00f4me de t\u00eates de liste a de grandes ambitions pour la Ville de Nantes comme l\u2019affirme William Aucant. \u00ab\u2009Nous allons chercher la victoire.\u2009\u00bb<\/p>\n<p class=\" wall-content\">Personnalisez votre actualit\u00e9 en ajoutant vos villes et m\u00e9dias en favori avec <a href=\"https:\/\/moncompte.actu.fr\" title=\"D\u00e9couvez Mon Actu\" rel=\"nofollow noopener\" data-trk=\"{&quot;cta&quot;:{&quot;action&quot;:&quot;https:\\\/\\\/moncompte.actu.fr&quot;,&quot;category&quot;:&quot;mon compte&quot;,&quot;from&quot;:&quot;article footer&quot;,&quot;name&quot;:&quot;Mon actu&quot;,&quot;type&quot;:&quot;cta&quot;}}\" target=\"_blank\">Mon Actu<\/a>.<\/p>\n","protected":false},"excerpt":{"rendered":"Par Thomas Bernard Publi\u00e9 le 13 oct. 2025 \u00e0 7h36 1,2,3 (re) partez\u2009! Quelques mois apr\u00e8s l\u2019\u00e9viction de&hellip;\n","protected":false},"author":2,"featured_media":459231,"comment_status":"","ping_status":"","sticky":false,"template":"","format":"standard","meta":{"footnotes":""},"categories":[2818],"tags":[1111,11,4188,1777,674,1011,27,1023,3434,766,12,2636,316,25],"class_list":{"0":"post-459230","1":"post","2":"type-post","3":"status-publish","4":"format-standard","5":"has-post-thumbnail","7":"category-nantes","8":"tag-actu","9":"tag-actualites","10":"tag-elections-municipales","11":"tag-eu","12":"tag-europe","13":"tag-fr","14":"tag-france","15":"tag-la-france-insoumise-lfi","16":"tag-municipales-2026","17":"tag-nantes","18":"tag-news","19":"tag-pays-de-la-loire","20":"tag-politique","21":"tag-republique-francaise"},"share_on_mastodon":{"url":"https:\/\/pubeurope.com\/@fr\/115365544151401588","error":""},"_links":{"self":[{"href":"https:\/\/www.europesays.com\/fr\/wp-json\/wp\/v2\/posts\/459230","targetHints":{"allow":["GET"]}}],"collection":[{"href":"https:\/\/www.europesays.com\/fr\/wp-json\/wp\/v2\/posts"}],"about":[{"href":"https:\/\/www.europesays.com\/fr\/wp-json\/wp\/v2\/types\/post"}],"author":[{"embeddable":true,"href":"https:\/\/www.europesays.com\/fr\/wp-json\/wp\/v2\/users\/2"}],"replies":[{"embeddable":true,"href":"https:\/\/www.europesays.com\/fr\/wp-json\/wp\/v2\/comments?post=459230"}],"version-history":[{"count":0,"href":"https:\/\/www.europesays.com\/fr\/wp-json\/wp\/v2\/posts\/459230\/revisions"}],"wp:featuredmedia":[{"embeddable":true,"href":"https:\/\/www.europesays.com\/fr\/wp-json\/wp\/v2\/media\/459231"}],"wp:attachment":[{"href":"https:\/\/www.europesays.com\/fr\/wp-json\/wp\/v2\/media?parent=459230"}],"wp:term":[{"taxonomy":"category","embeddable":true,"href":"https:\/\/www.europesays.com\/fr\/wp-json\/wp\/v2\/categories?post=459230"},{"taxonomy":"post_tag","embeddable":true,"href":"https:\/\/www.europesays.com\/fr\/wp-json\/wp\/v2\/tags?post=459230"}],"curies":[{"name":"wp","href":"https:\/\/api.w.org\/{rel}","templated":true}]}}