{"id":45924,"date":"2025-04-23T06:47:10","date_gmt":"2025-04-23T06:47:10","guid":{"rendered":"https:\/\/www.europesays.com\/fr\/45924\/"},"modified":"2025-04-23T06:47:10","modified_gmt":"2025-04-23T06:47:10","slug":"la-chambre-de-mariana-le-clan-des-betes-simon-de-la-montana-liberation","status":"publish","type":"post","link":"https:\/\/www.europesays.com\/fr\/45924\/","title":{"rendered":"\u00abla Chambre de Mariana\u00bb, \u00able Clan des b\u00eates\u00bb, \u00abSimon de la Monta\u00f1a\u00bb\u2026 \u2013 Lib\u00e9ration"},"content":{"rendered":"<p class=\"sc-cPiKLX AiZTS text-element\">Pour aider nos lecteurs \u00e0 s\u2019y retrouver dans une offre culturelle foisonnante, les journalistes du service Culture de Lib\u00e9 vous d\u00e9blaient le terrain dans l\u2019actualit\u00e9 des sorties de films, d\u2019albums, de spectacles, de s\u00e9ries et d\u2019expositions. <a href=\"https:\/\/www.liberation.fr\/selections-culture\/\" rel=\"noopener\" title=\"https:\/\/www.liberation.fr\/selections-culture\/\" target=\"_blank\">Retrouvez l\u2019ensemble de nos s\u00e9lections<\/a>.<\/p>\n<p class=\"sc-cPiKLX AiZTS text-element\">Adaptant un roman d\u2019Aharon Appelfeld, le cin\u00e9aste filme l\u2019histoire d\u2019un enfant juif cach\u00e9 chez une prostitu\u00e9e o\u00f9 d\u00e9filent soldats allemands et collabos dans l\u2019Ukraine de 1943. Une \u0153uvre hant\u00e9e sur l\u2019enfance et les \u00e9nigmes du monde. <a href=\"https:\/\/www.liberation.fr\/culture\/cinema\/la-chambre-de-mariana-demmanuel-finkiel-cache-de-guerre-20250422_H455X4M73VHCPJ7CMP6KAAOPAY\/\" target=\"_self\" rel=\"noopener\" title=\"https:\/\/www.liberation.fr\/culture\/cinema\/la-chambre-de-mariana-demmanuel-finkiel-cache-de-guerre-20250422_H455X4M73VHCPJ7CMP6KAAOPAY\/\">Lire notre critique.<\/a> <\/p>\n<p class=\"sc-cPiKLX AiZTS text-element\">Bizarro\u00efde, alambiqu\u00e9, satur\u00e9 de r\u00e9f\u00e9rences, le premier long m\u00e9trage du cin\u00e9aste am\u00e9ricain fait le portrait d\u2019une jeune m\u00e8re encline \u00e0 la parano\u00efa. <a href=\"https:\/\/www.liberation.fr\/culture\/cinema\/the-gazer-de-ryan-j-sloan-ca-gaze-pas-fort-20250422_JILBKWL53FCN5GCWGI2XGGMGAQ\/?redirected=1\" target=\"_self\" rel=\"noopener\" title=\"https:\/\/www.liberation.fr\/culture\/cinema\/the-gazer-de-ryan-j-sloan-ca-gaze-pas-fort-20250422_JILBKWL53FCN5GCWGI2XGGMGAQ\/?redirected=1\">Lire notre critique<\/a>.<\/p>\n<p class=\"sc-cPiKLX AiZTS text-element\">Filmant un parricide inspir\u00e9 de faits r\u00e9els, Francesco Costabile semble se d\u00e9lecter du cercle de violence intrafamiliale qu\u2019il d\u00e9crit. <a href=\"https:\/\/www.liberation.fr\/culture\/cinema\/familia-je-vous-seme-20250423_43FJYBEW7BCT5JJDV45HGG5PGU\/\" target=\"_self\" rel=\"noopener\" title=\"https:\/\/www.liberation.fr\/culture\/cinema\/familia-je-vous-seme-20250423_43FJYBEW7BCT5JJDV45HGG5PGU\/\">Lire notre critique<\/a>. <\/p>\n<p class=\"sc-cPiKLX AiZTS text-element\">Un jeune homme se pr\u00e9tend porteur de handicap dans le perturbant premier long m\u00e9trage du cin\u00e9aste argentin, interrogant le sens qu\u2019on pr\u00eate \u00e0 la diff\u00e9rence et \u00e0 la norme. <a href=\"https:\/\/www.liberation.fr\/culture\/cinema\/simon-de-la-montana-de-federico-luis-para-normal-20250422_U7ZEJV2C2RBJNODBMCXSG7WHHI\/\" target=\"_self\" rel=\"noopener\" title=\"https:\/\/www.liberation.fr\/culture\/cinema\/simon-de-la-montana-de-federico-luis-para-normal-20250422_U7ZEJV2C2RBJNODBMCXSG7WHHI\/\">Lire notre critique<\/a>. <\/p>\n<p class=\"sc-cPiKLX AiZTS text-element\"><b>Chaque jour, retrouvez les choix du service Culture de <\/b><b>Lib\u00e9 <\/b><b>: expositions le lundi, th\u00e9\u00e2tre, danse et op\u00e9ra le mardi, sorties cin\u00e9 le mercredi, musique le vendredi, s\u00e9ries le dimanche. Ainsi que le Top 10 de la semaine le samedi. Tout ce qui nous a plu (et parfois d\u00e9plu) dans l\u2019actualit\u00e9 de la culture.<\/b><\/p>\n","protected":false},"excerpt":{"rendered":"Pour aider nos lecteurs \u00e0 s\u2019y retrouver dans une offre culturelle foisonnante, les journalistes du service Culture de&hellip;\n","protected":false},"author":2,"featured_media":45925,"comment_status":"","ping_status":"","sticky":false,"template":"","format":"standard","meta":{"footnotes":""},"categories":[1354],"tags":[58,59,1346,1011,27,1360,6517],"class_list":{"0":"post-45924","1":"post","2":"type-post","3":"status-publish","4":"format-standard","5":"has-post-thumbnail","7":"category-films","8":"tag-divertissement","9":"tag-entertainment","10":"tag-films","11":"tag-fr","12":"tag-france","13":"tag-movies","14":"tag-sorties-cinema"},"share_on_mastodon":{"url":"https:\/\/pubeurope.com\/@fr\/114385941067515506","error":""},"_links":{"self":[{"href":"https:\/\/www.europesays.com\/fr\/wp-json\/wp\/v2\/posts\/45924","targetHints":{"allow":["GET"]}}],"collection":[{"href":"https:\/\/www.europesays.com\/fr\/wp-json\/wp\/v2\/posts"}],"about":[{"href":"https:\/\/www.europesays.com\/fr\/wp-json\/wp\/v2\/types\/post"}],"author":[{"embeddable":true,"href":"https:\/\/www.europesays.com\/fr\/wp-json\/wp\/v2\/users\/2"}],"replies":[{"embeddable":true,"href":"https:\/\/www.europesays.com\/fr\/wp-json\/wp\/v2\/comments?post=45924"}],"version-history":[{"count":0,"href":"https:\/\/www.europesays.com\/fr\/wp-json\/wp\/v2\/posts\/45924\/revisions"}],"wp:featuredmedia":[{"embeddable":true,"href":"https:\/\/www.europesays.com\/fr\/wp-json\/wp\/v2\/media\/45925"}],"wp:attachment":[{"href":"https:\/\/www.europesays.com\/fr\/wp-json\/wp\/v2\/media?parent=45924"}],"wp:term":[{"taxonomy":"category","embeddable":true,"href":"https:\/\/www.europesays.com\/fr\/wp-json\/wp\/v2\/categories?post=45924"},{"taxonomy":"post_tag","embeddable":true,"href":"https:\/\/www.europesays.com\/fr\/wp-json\/wp\/v2\/tags?post=45924"}],"curies":[{"name":"wp","href":"https:\/\/api.w.org\/{rel}","templated":true}]}}