{"id":459279,"date":"2025-10-13T07:19:12","date_gmt":"2025-10-13T07:19:12","guid":{"rendered":"https:\/\/www.europesays.com\/fr\/459279\/"},"modified":"2025-10-13T07:19:12","modified_gmt":"2025-10-13T07:19:12","slug":"en-direct-nouveau-gouvernement-lecornu-fera-sa-declaration-de-politique-generale-a-lassemblee-nationale-mardi-apres-midi-liberation","status":"publish","type":"post","link":"https:\/\/www.europesays.com\/fr\/459279\/","title":{"rendered":"EN DIRECT &#8211; Nouveau gouvernement\u00a0: Lecornu fera sa d\u00e9claration de politique g\u00e9n\u00e9rale \u00e0 l\u2019Assembl\u00e9e nationale mardi apr\u00e8s-midi \u2013 Lib\u00e9ration"},"content":{"rendered":"<p class=\"sc-cPiKLX AiZTS text-element\">Ils sont plus nombreux que pr\u00e9vu \u00e0 avoir brav\u00e9 les consignes du parti en rejoignant le gouvernement Lecornu II dimanche soir\u00a0: un s\u00e9rieux revers pour le patron de LR Bruno Retailleau &#8211; pas reconduit \u00e0 l\u2019Int\u00e9rieur &#8211; qui a imm\u00e9diatement fait acte d\u2019autorit\u00e9 en excluant les six ministres venus de la droite. Il s\u2019agit d\u2019Annie Genevard (Agriculture), Rachida Dati (Culture), Vincent Jeanbrun (Logement), Philippe Tabarot (Transports), S\u00e9bastien Martin (Industrie) et Nicolas Forissier (Commerce ext\u00e9rieur et attractivit\u00e9). Les six nouveaux ministres \u00abcessent imm\u00e9diatement leurs fonctions dans nos instances dirigeantes\u00bb, ont soulign\u00e9 Les R\u00e9publicains dans un communiqu\u00e9. <\/p>\n","protected":false},"excerpt":{"rendered":"Ils sont plus nombreux que pr\u00e9vu \u00e0 avoir brav\u00e9 les consignes du parti en rejoignant le gouvernement Lecornu&hellip;\n","protected":false},"author":2,"featured_media":459280,"comment_status":"","ping_status":"","sticky":false,"template":"","format":"standard","meta":{"footnotes":""},"categories":[2],"tags":[11,1011,27,418,3228,12,429,25,11067],"class_list":{"0":"post-459279","1":"post","2":"type-post","3":"status-publish","4":"format-standard","5":"has-post-thumbnail","7":"category-actualites","8":"tag-actualites","9":"tag-fr","10":"tag-france","11":"tag-gouvernement","12":"tag-lr","13":"tag-news","14":"tag-ps","15":"tag-republique-francaise","16":"tag-sebastien-lecornu"},"share_on_mastodon":{"url":"https:\/\/pubeurope.com\/@fr\/115365646677052607","error":""},"_links":{"self":[{"href":"https:\/\/www.europesays.com\/fr\/wp-json\/wp\/v2\/posts\/459279","targetHints":{"allow":["GET"]}}],"collection":[{"href":"https:\/\/www.europesays.com\/fr\/wp-json\/wp\/v2\/posts"}],"about":[{"href":"https:\/\/www.europesays.com\/fr\/wp-json\/wp\/v2\/types\/post"}],"author":[{"embeddable":true,"href":"https:\/\/www.europesays.com\/fr\/wp-json\/wp\/v2\/users\/2"}],"replies":[{"embeddable":true,"href":"https:\/\/www.europesays.com\/fr\/wp-json\/wp\/v2\/comments?post=459279"}],"version-history":[{"count":0,"href":"https:\/\/www.europesays.com\/fr\/wp-json\/wp\/v2\/posts\/459279\/revisions"}],"wp:featuredmedia":[{"embeddable":true,"href":"https:\/\/www.europesays.com\/fr\/wp-json\/wp\/v2\/media\/459280"}],"wp:attachment":[{"href":"https:\/\/www.europesays.com\/fr\/wp-json\/wp\/v2\/media?parent=459279"}],"wp:term":[{"taxonomy":"category","embeddable":true,"href":"https:\/\/www.europesays.com\/fr\/wp-json\/wp\/v2\/categories?post=459279"},{"taxonomy":"post_tag","embeddable":true,"href":"https:\/\/www.europesays.com\/fr\/wp-json\/wp\/v2\/tags?post=459279"}],"curies":[{"name":"wp","href":"https:\/\/api.w.org\/{rel}","templated":true}]}}