{"id":459297,"date":"2025-10-13T07:31:16","date_gmt":"2025-10-13T07:31:16","guid":{"rendered":"https:\/\/www.europesays.com\/fr\/459297\/"},"modified":"2025-10-13T07:31:16","modified_gmt":"2025-10-13T07:31:16","slug":"cette-photographe-bretonne-documente-les-effets-du-mercure-sur-la-vie-des-inuits","status":"publish","type":"post","link":"https:\/\/www.europesays.com\/fr\/459297\/","title":{"rendered":"Cette photographe bretonne documente les effets du mercure sur la vie des Inuits"},"content":{"rendered":"<p class=\"article__intro\">Depuis le 3 octobre et jusqu&rsquo;au 23 novembre, la photographe bretonne multiprim\u00e9e Juliette Pavy pr\u00e9sente son exposition \u00ab\u00a0Sous la glace de l&rsquo;Arctique, le mercure\u00a0\u00bb, \u00e0 l&rsquo;espace culturel le Kiosque, \u00e0 Vannes (Morbihan). Elle y d\u00e9voile quarante clich\u00e9s portant sur la pr\u00e9sence du mercure dans les populations Inuits du Groenland et du Canada.<\/p>\n<p>\n      L\u2019actu des r\u00e9gions\n    <\/p>\n<p>\n      Chaque jour, un tour d\u2019horizon des principales infos de toutes les r\u00e9gions.\n    <\/p>\n<p>    France T\u00e9l\u00e9visions utilise votre adresse e-mail afin de vous envoyer la newsletter \u00ab\u00a0L\u2019actu des r\u00e9gions\u00a0\u00bb. Vous pouvez vous d\u00e9sinscrire \u00e0 tout moment via le lien en bas de cette newsletter. <a target=\"_blank\" href=\"https:\/\/www.francetelevisions.fr\/groupe\/confidentialite\/politique-de-confidentialite\/politique-de-confidentialite-de-france-televisions-6503\" rel=\"nofollow noopener\">Notre politique de confidentialit\u00e9<\/a><\/p>\n<p>\u00ab\u00a0Le constat est alarmant, pr\u00e9vient Juliette Pavy. Ces 150 derni\u00e8res ann\u00e9es, avec la r\u00e9volution industrielle et la construction d&rsquo;usines \u00e0 charbon, les \u00e9missions de mercure ont \u00e9t\u00e9 multipli\u00e9es par dix dans le monde.\u00a0\u00bb Un m\u00e9tal, interdit en France depuis 1999, qui a des r\u00e9percussions s\u00e9v\u00e8res chez les humains qui y sont expos\u00e9s : il a des effets toxiques sur les syst\u00e8mes nerveux, immunitaires et digestifs. Il favorise les maladies cardiovasculaires et affecte le d\u00e9veloppement du f\u0153tus chez les femmes enceintes.<\/p>\n<p><a data-article-figure=\"\" href=\"https:\/\/france3-regions.franceinfo.fr\/image\/MxuyM6ylHBPVc2xdmmiBg0dJpy8\/1920x1080\/regions\/2025\/10\/12\/ftv-1653-00-08-56-00-68ebb49454c55983934646.jpg\" data-pswp-width=\"1920\" data-pswp-height=\"1080\" target=\"_blank\" rel=\"nofollow noopener\"><\/p>\n<p>          <img width=\"600\" height=\"400\" class=\"article-image lazy\" data-src=\"https:\/\/www.europesays.com\/fr\/wp-content\/uploads\/2025\/10\/ftv-1653-00-08-56-00-68ebb49454c55983934646.jpg\" alt=\"En 2024, Juliette Pavy a \u00e9t\u00e9 nomm\u00e9e photographe de l'ann\u00e9e aux Sony World Photography Awards. Une premi\u00e8re pour une Fran\u00e7aise.\" fetchpriority=\"high\" as=\"image\"\/><\/p>\n<p>\n            En 2024, Juliette Pavy a \u00e9t\u00e9 nomm\u00e9e photographe de l&rsquo;ann\u00e9e aux Sony World Photography Awards. Une premi\u00e8re pour une Fran\u00e7aise.<br \/>\n                           \u2022<br \/>\n                                      \u00a9 Bruno Van Wassenhove \/ France 3 bretagne\n                      <\/p>\n<p><\/a><\/p>\n<p>La photojournaliste Juliette Pavy, originaire de Vannes (Morbihan), a cherch\u00e9 les lieux et les populations qui sont les plus expos\u00e9es \u00e0 ce m\u00e9tal. Deux endroits sont sortis du lot : le Groenland et le Nunavut, un territoire canadien. \u00ab\u00a0Lorsqu&rsquo;il sort des centrales \u00e0 charbon, le mercure met seulement une semaine \u00e0 rejoindre l&rsquo;Arctique, r\u00e9sume la photographe. Il se prend dans les vents dominants et se retrouve prisonnier sous les glaces.\u00a0\u00bb<\/p>\n<p><strong>Lire aussi :<\/strong> <a href=\"https:\/\/france3-regions.franceinfo.fr\/bretagne\/morbihan\/lorient\/en-images-ils-avaient-les-mains-et-pieds-lies-par-du-fil-de-fer-une-exposition-revele-le-sort-des-martyrs-de-la-resistance-3160185.html\" target=\"_blank\" rel=\"noopener noreferrer nofollow\" data-tooltip-url=\"https:\/\/france3-regions.franceinfo.fr\/bretagne\/morbihan\/lorient\/en-images-ils-avaient-les-mains-et-pieds-lies-par-du-fil-de-fer-une-exposition-revele-le-sort-des-martyrs-de-la-resistance-3160185.html\">EN IMAGES. \u00ab\u00a0Ils avaient les mains et pieds li\u00e9s par du fil de fer\u00a0\u00bb : Une exposition retrace le sort des martyrs de la r\u00e9sistance<\/a><\/p>\n<p><a data-article-figure=\"\" href=\"https:\/\/france3-regions.franceinfo.fr\/image\/7aO1n2nNIh7AP5AfxXRglUvE2rs\/2500x2500\/regions\/2025\/10\/12\/mercure-06-68ebb4f56293e483935085.jpeg\" data-pswp-width=\"2500\" data-pswp-height=\"2500\" target=\"_blank\" rel=\"nofollow noopener\"><\/p>\n<p>          <img width=\"600\" height=\"400\" class=\"article-image lazy\" data-src=\"https:\/\/www.europesays.com\/fr\/wp-content\/uploads\/2025\/10\/mercure-06-68ebb4f56293e483935085.jpeg\" alt=\"Avec le r\u00e9chauffement climatique, le mercure prisonnier des glaces se r\u00e9pand dans les rivi\u00e8res et les sols.\" fetchpriority=\"high\" as=\"image\"\/><\/p>\n<p>\n            Avec le r\u00e9chauffement climatique, le mercure prisonnier des glaces se r\u00e9pand dans les rivi\u00e8res et les sols.<br \/>\n                           \u2022<br \/>\n                                      \u00a9 Photographie Juliette Pavy\n                      <\/p>\n<p><\/a><\/p>\n<blockquote class=\"ftvi_content_quote\">\n<p class=\"ftvi_citation_quote\">Les terres gel\u00e9es de l&rsquo;Arctique sont les plus grandes r\u00e9serves de mercure au monde.<\/p>\n<p>Juliette Pavy<\/p>\n<p class=\"ftvi_citation_source\">Photojournaliste<\/p>\n<\/blockquote>\n<p>Apr\u00e8s plusieurs voyages en Allemagne pour comprendre le fonctionnement des centrales \u00e0 charbon, Juliette Pavy, premi\u00e8re Fran\u00e7aise \u00e9lue photographe de l&rsquo;ann\u00e9e aux Sony World Photography Awards, s&rsquo;est envol\u00e9e vers ces deux contr\u00e9es \u00e0 la rencontre des Inuits, les populations locales touch\u00e9es. \u00ab\u00a0J&rsquo;ai pass\u00e9 \u00e9norm\u00e9ment de temps avec eux, que ce soit au sein des familles, avec des p\u00eacheurs ou des chasseurs, raconte-t-elle. J&rsquo;ai voulu voir l&rsquo;impact r\u00e9el du mercure sur les paysages, les animaux et les habitants.\u00a0\u00bb<\/p>\n<p><a data-article-figure=\"\" href=\"https:\/\/france3-regions.franceinfo.fr\/image\/_uqi0VOf5aUgVNVyZJrW09uplys\/2500x2500\/regions\/2025\/10\/12\/mercure-10-68ebb53d82426845531704.jpeg\" data-pswp-width=\"2500\" data-pswp-height=\"2500\" target=\"_blank\" rel=\"nofollow noopener\"><\/p>\n<p>          <img width=\"600\" height=\"400\" class=\"article-image lazy\" data-src=\"https:\/\/www.europesays.com\/fr\/wp-content\/uploads\/2025\/10\/mercure-10-68ebb53d82426845531704.jpeg\" alt=\"Le mercure se retrouve dans les poissons consomm\u00e9s par les Inuits.\" fetchpriority=\"high\" as=\"image\"\/><\/p>\n<p>\n            Le mercure se retrouve dans les poissons consomm\u00e9s par les Inuits.<br \/>\n                           \u2022<br \/>\n                                      \u00a9 Photographie Juliette Pavy\n                      <\/p>\n<p><\/a><\/p>\n<blockquote class=\"ftvi_content_quote\">\n<p class=\"ftvi_citation_quote\">Les Inuits ont un taux de mercure huit fois plus \u00e9lev\u00e9 que les autres populations canadiennes. <\/p>\n<p>Juliette Pavy<\/p>\n<p class=\"ftvi_citation_source\">Photojournaliste<\/p>\n<\/blockquote>\n<p>Sur place, elle ne peut que constater l&rsquo;omnipr\u00e9sence du m\u00e9tal. S&rsquo;il est d&rsquo;abord prisonnier sous la glace, il ne tarde pas \u00e0 se lib\u00e9rer dans les sols et les rivi\u00e8res lors du d\u00e9gel des couches de glace, acc\u00e9l\u00e9r\u00e9 par le r\u00e9chauffement climatique. Le mercure se fraie alors un chemin parmi les poissons, le b\u00e9tail et les rares plantes cultiv\u00e9es. \u00ab\u00a0Pourtant, reprend Juliette Pavy, la chasse et la p\u00eache sont fondamentales pour ces territoires, puisque les importations de nourriture sont excessivement ch\u00e8res. Pour eux, ces activit\u00e9s sont fondamentales, c&rsquo;est une question de survie.\u00a0\u00bb<\/p>\n<p><a data-article-figure=\"\" href=\"https:\/\/france3-regions.franceinfo.fr\/image\/XH5-MGKK9YDj1xwSxUZqj8u5hHE\/2500x2500\/regions\/2025\/10\/12\/mercure-04-68ebb585221cf652280872.jpeg\" data-pswp-width=\"2500\" data-pswp-height=\"2500\" target=\"_blank\" rel=\"nofollow noopener\"><\/p>\n<p>          <img width=\"600\" height=\"400\" class=\"article-image lazy\" data-src=\"https:\/\/www.europesays.com\/fr\/wp-content\/uploads\/2025\/10\/mercure-04-68ebb585221cf652280872.jpeg\" alt=\"Le mercure a des r\u00e9percussions consid\u00e9rables pour la sant\u00e9 de l'homme.\" fetchpriority=\"high\" as=\"image\"\/><\/p>\n<p>\n            Le mercure a des r\u00e9percussions consid\u00e9rables pour la sant\u00e9 de l&rsquo;homme.<br \/>\n                           \u2022<br \/>\n                                      \u00a9 Photographie Juliette Pavy\n                      <\/p>\n<p><\/a><\/p>\n<p>De ce reportage au long cours, la photographe aussi form\u00e9e \u00e0 la biologie a retenu quelque quarante clich\u00e9s sur plusieurs centaines de prises. \u00ab\u00a0\u00c7a n&rsquo;a pas \u00e9t\u00e9 facile d&rsquo;en s\u00e9lectionner si peu pour raconter ces histoires, avoue Juliette Pavy. J&rsquo;ai surtout tenu \u00e0 ce qu&rsquo;elles informent le public, qu&rsquo;elles soient aussi esth\u00e9tiques et qu&rsquo;elles capturent la r\u00e9alit\u00e9 des personnages et des paysages.\u00a0\u00bb<\/p>\n<p><strong>Lire aussi : <\/strong><a href=\"https:\/\/france3-regions.franceinfo.fr\/bretagne\/morbihan\/vannes\/en-images-une-edition-coloree-dans-une-actualite-sombre-le-festival-photo-de-la-gacilly-ouvre-ses-portes-dans-une-ambiance-so-british-3163230.html\" target=\"_blank\" rel=\"noopener noreferrer nofollow\" data-tooltip-url=\"https:\/\/france3-regions.franceinfo.fr\/bretagne\/morbihan\/vannes\/en-images-une-edition-coloree-dans-une-actualite-sombre-le-festival-photo-de-la-gacilly-ouvre-ses-portes-dans-une-ambiance-so-british-3163230.html\">EN IMAGES. \u00ab\u00a0Une \u00e9dition color\u00e9e dans une actualit\u00e9 sombre\u00a0\u00bb, le festival photo de la Gacilly ouvre ses portes dans une ambiance \u00ab\u00a0so british\u00a0\u00bb<\/a><\/p>\n<p><a data-article-figure=\"\" href=\"https:\/\/france3-regions.franceinfo.fr\/image\/XlHCPeCSfjFRW02Rws0XD4Fb6T0\/2500x2500\/regions\/2025\/10\/12\/mercure-03-68ebb5ea88e8c338859612.jpeg\" data-pswp-width=\"2500\" data-pswp-height=\"2500\" target=\"_blank\" rel=\"nofollow noopener\"><\/p>\n<p>          <img width=\"600\" height=\"400\" class=\"article-image lazy\" data-src=\"https:\/\/www.europesays.com\/fr\/wp-content\/uploads\/2025\/10\/mercure-03-68ebb5ea88e8c338859612.jpeg\" alt=\"Pour documenter ce reportage, Juliette Pavy a v\u00e9cu avec des familles inuits. \" fetchpriority=\"high\" as=\"image\"\/><\/p>\n<p>\n            Pour documenter ce reportage, Juliette Pavy a v\u00e9cu avec des familles inuits.<br \/>\n                           \u2022<br \/>\n                                      \u00a9 Photographie Juliette Pavy\n                      <\/p>\n<p><\/a><\/p>\n<p>Cette fine s\u00e9lection, pens\u00e9e aussi en commun avec les sept autres photographes du <a href=\"https:\/\/www.collectifhorsformat.com\/juliette-pavy\" target=\"_blank\" rel=\"noopener noreferrer nofollow\" data-tooltip-url=\"https:\/\/www.collectifhorsformat.com\/juliette-pavy\">collectif Hors format<\/a> dont elle est membre, est pr\u00e9sent\u00e9e <a href=\"https:\/\/www.mairie-vannes.fr\/le-kiosque#9_exposition-du-moment\" target=\"_blank\" rel=\"noopener noreferrer nofollow\" data-tooltip-url=\"https:\/\/www.mairie-vannes.fr\/le-kiosque#9_exposition-du-moment\">au Kiosque de Vannes<\/a> depuis le 3 octobre. \u00ab\u00a0C&rsquo;est important pour moi de revenir \u00e0 Vannes, puisque j&rsquo;y ai ma famille et mes amis, confie la photographe. Je suis tr\u00e8s attach\u00e9e \u00e0 certains lieux comme la grande plage de Carnac ou la C\u00f4te sauvage de Quiberon. \u00c7a fait du bien de revenir.\u00a0\u00bb<\/p>\n<p><a data-article-figure=\"\" href=\"https:\/\/france3-regions.franceinfo.fr\/image\/vWE259QMqDhhbnCNKcBTC1ItU4w\/2500x2500\/regions\/2025\/10\/12\/mercure-12-68ebb62bbd63c042517224.jpeg\" data-pswp-width=\"2500\" data-pswp-height=\"2500\" target=\"_blank\" rel=\"nofollow noopener\"><\/p>\n<p>          <img width=\"600\" height=\"400\" class=\"article-image lazy\" data-src=\"https:\/\/www.europesays.com\/fr\/wp-content\/uploads\/2025\/10\/mercure-12-68ebb62bbd63c042517224.jpeg\" alt=\"L'exposition est \u00e0 retrouver au Kiosque de Vannes jusqu'au 23 novembre. Elle est gratuite.\" fetchpriority=\"high\" as=\"image\"\/><\/p>\n<p>\n            L&rsquo;exposition est \u00e0 retrouver au Kiosque de Vannes jusqu&rsquo;au 23 novembre. Elle est gratuite.<br \/>\n                           \u2022<br \/>\n                                      \u00a9 Photographie Juliette Pavy\n                      <\/p>\n<p><\/a><\/p>\n<p>La photographe bretonne, qui revient d&rsquo;un s\u00e9jour au Groenland et d&rsquo;un voyage \u00e0 bord de <a href=\"https:\/\/france3-regions.franceinfo.fr\/bretagne\/ille-et-vilaine\/rennes\/des-bateaux-de-la-nouvelle-flottille-pour-gaza-interceptes-ce-mercredi-matin-3229535.html\" target=\"_blank\" rel=\"noopener noreferrer nofollow\" data-tooltip-url=\"https:\/\/france3-regions.franceinfo.fr\/bretagne\/ille-et-vilaine\/rennes\/des-bateaux-de-la-nouvelle-flottille-pour-gaza-interceptes-ce-mercredi-matin-3229535.html\">la flottille partie pour Gaza<\/a>, quitte un temps \u00ab\u00a0l&rsquo;action et la r\u00e9alisation\u00a0\u00bb pour la \u00ab\u00a0transmission de ces histoires et de ces vies\u00a0\u00bb au Nunavut. Gratuite, l&rsquo;exposition est ouverte jusqu&rsquo;au 23 novembre.<\/p>\n<p>Avec Carine Mordrelle \/ France T\u00e9l\u00e9visions<\/p>\n","protected":false},"excerpt":{"rendered":"Depuis le 3 octobre et jusqu&rsquo;au 23 novembre, la photographe bretonne multiprim\u00e9e Juliette Pavy pr\u00e9sente son exposition \u00ab\u00a0Sous&hellip;\n","protected":false},"author":2,"featured_media":459298,"comment_status":"","ping_status":"","sticky":false,"template":"","format":"standard","meta":{"footnotes":""},"categories":[1358],"tags":[1348,1384,1385,1386,58,59,1011,27],"class_list":{"0":"post-459297","1":"post","2":"type-post","3":"status-publish","4":"format-standard","5":"has-post-thumbnail","7":"category-arts-et-design","8":"tag-arts","9":"tag-arts-and-design","10":"tag-arts-et-design","11":"tag-design","12":"tag-divertissement","13":"tag-entertainment","14":"tag-fr","15":"tag-france"},"share_on_mastodon":{"url":"https:\/\/pubeurope.com\/@fr\/115365693625035372","error":""},"_links":{"self":[{"href":"https:\/\/www.europesays.com\/fr\/wp-json\/wp\/v2\/posts\/459297","targetHints":{"allow":["GET"]}}],"collection":[{"href":"https:\/\/www.europesays.com\/fr\/wp-json\/wp\/v2\/posts"}],"about":[{"href":"https:\/\/www.europesays.com\/fr\/wp-json\/wp\/v2\/types\/post"}],"author":[{"embeddable":true,"href":"https:\/\/www.europesays.com\/fr\/wp-json\/wp\/v2\/users\/2"}],"replies":[{"embeddable":true,"href":"https:\/\/www.europesays.com\/fr\/wp-json\/wp\/v2\/comments?post=459297"}],"version-history":[{"count":0,"href":"https:\/\/www.europesays.com\/fr\/wp-json\/wp\/v2\/posts\/459297\/revisions"}],"wp:featuredmedia":[{"embeddable":true,"href":"https:\/\/www.europesays.com\/fr\/wp-json\/wp\/v2\/media\/459298"}],"wp:attachment":[{"href":"https:\/\/www.europesays.com\/fr\/wp-json\/wp\/v2\/media?parent=459297"}],"wp:term":[{"taxonomy":"category","embeddable":true,"href":"https:\/\/www.europesays.com\/fr\/wp-json\/wp\/v2\/categories?post=459297"},{"taxonomy":"post_tag","embeddable":true,"href":"https:\/\/www.europesays.com\/fr\/wp-json\/wp\/v2\/tags?post=459297"}],"curies":[{"name":"wp","href":"https:\/\/api.w.org\/{rel}","templated":true}]}}