{"id":459311,"date":"2025-10-13T07:38:13","date_gmt":"2025-10-13T07:38:13","guid":{"rendered":"https:\/\/www.europesays.com\/fr\/459311\/"},"modified":"2025-10-13T07:38:13","modified_gmt":"2025-10-13T07:38:13","slug":"ces-photos-de-katy-perry-et-justin-trudeau-sur-un-bateau-a-santa-barbara-qui-confirment-la-rumeur-sur-leur-couple","status":"publish","type":"post","link":"https:\/\/www.europesays.com\/fr\/459311\/","title":{"rendered":"Ces photos de Katy Perry et Justin Trudeau sur un bateau \u00e0 Santa Barbara qui confirment la rumeur sur leur couple"},"content":{"rendered":"<p>                             Par C.L<\/p>\n<p>                Le 13 octobre 2025 \u00e0 09h11<\/p>\n<p>    \u00c0 gauche, l\u2019ancien premier ministre canadien Justin Trudeau, \u00e0 Kiev (Ukraine), le lundi 24 f\u00e9vrier 2025. \u00c0 droite, Katy Perry \u00e0 Los Angeles, le lundi 22 avril 2024.<br \/>\n                CP\/ABACA<\/p>\n<p>\n    C\u2019est officiel, l\u2019ancien premier ministre canadien et l\u2019interpr\u00e8te de Fireworks sont en couple. Des photos ont \u00e9t\u00e9 d\u00e9voil\u00e9es par le Daily Mail le 11 octobre.<\/p>\n<p class=\"fig-paragraph\">La rumeur court depuis le mois de juillet et\u00a0<a href=\"http:\/\/madame.lefigaro.fr\/celebrites\/actu-people\/ce-diner-en-tete-a-tete-de-katy-perry-et-justin-trudeau-qui-alimente-deja-toutes-les-speculations-20250730\" data-fig-type=\"Article\" data-gtm-custom-categorie=\"navigation\" data-gtm-custom-action=\"crossclick\" data-gtm-custom-label=\"Contextuel\" data-gtm-event=\"customEventSPE\" data-fig-domain=\"MADAME\" rel=\"nofollow noopener\" target=\"_blank\">ce d\u00eener partag\u00e9 ensemble \u00e0 Montr\u00e9al<\/a>.\u00a0<a href=\"https:\/\/madame.lefigaro.fr\/tag\/katy-perry\" target=\"_blank\" data-fig-type=\"Keyword\" rel=\"sponsored noopener nofollow\" data-gtm-custom-categorie=\"navigation\" data-gtm-custom-action=\"crossclick\" data-gtm-custom-label=\"Contextuel\" data-gtm-event=\"customEventSPE\" data-fig-domain=\"MADAME\">Katy Perry<\/a>\u00a0et\u00a0<a href=\"https:\/\/madame.lefigaro.fr\/tag\/justin-trudeau\" target=\"_blank\" data-fig-type=\"Keyword\" rel=\"sponsored noopener nofollow\" data-gtm-custom-categorie=\"navigation\" data-gtm-custom-action=\"crossclick\" data-gtm-custom-label=\"Contextuel\" data-gtm-event=\"customEventSPE\" data-fig-domain=\"MADAME\">Justin Trudeau<\/a>\u00a0seraient-ils en couple\u00a0? Le doute peut d\u00e9sormais \u00eatre balay\u00e9 alors que\u00a0<a href=\"https:\/\/www.dailymail.co.uk\/tvshowbiz\/article-15183675\/Eye-popping-pictures-Katy-Perry-Justin-Trudeau-kisses-roaming-hands.html\" target=\"_blank\" rel=\"sponsored noopener nofollow\" data-gtm-custom-categorie=\"navigation\" data-gtm-custom-action=\"crossclick\" data-gtm-custom-label=\"Contextuel\" data-gtm-event=\"customEventSPE\">des images le confirmant<\/a>\u00a0ont \u00e9t\u00e9 publi\u00e9es par le Daily Mail, le 11 octobre. Sur les photos, la chanteuse et l\u2019ancien premier ministre canadien s\u2019enlacent et s\u2019embrassent sur le toit d\u2019un yacht. Elle porte un maillot de bain une pi\u00e8ce et lui est torse nu en pantalon, reconnaissable notamment au large tatouage qui orne le haut de son bras gauche.<\/p>\n<p>Surpris par un touriste<\/p>\n<p class=\"fig-paragraph\">Ces photos ont \u00e9t\u00e9 captur\u00e9es fin septembre, au large de Santa Barbara, en Californie, par le passager d\u2019un bateau de touristes qui passaient par l\u00e0. \u00abElle a accost\u00e9 son bateau \u00e0 c\u00f4t\u00e9 d\u2019un petit bateau public d\u2019observation des baleines, puis ils ont commenc\u00e9 \u00e0 s\u2019embrasser, a confi\u00e9 le t\u00e9moin au m\u00e9dia anglais. Je n\u2019ai pas r\u00e9alis\u00e9 avec qui elle \u00e9tait jusqu\u2019\u00e0 ce que je voie le tatouage sur le bras du gar\u00e7on et j\u2019ai imm\u00e9diatement compris qu\u2019il s\u2019agissait de Justin Trudeau.\u00bb<\/p>\n<p>    Katy Perry et Justin Trudeau s\u2019embrassent sur un yacht au large de Santa Barbara, en Californie.<br \/>\n                Capture \u00e9cran Instagram @604now<\/p>\n<p>                                    <a class=\"fig-a11y-skip a11y-hidden\" href=\"#fig-a11y-skip-main-inarticle\"><br \/>\n        Passer la publicit\u00e9<br \/>\n    <\/a><\/p>\n<p>\u00abDeux id\u00e9alistes\u00bb<\/p>\n<p class=\"fig-paragraph\">Pour le moment, ni Katy Perry ni Justin Trudeau ne se sont exprim\u00e9s sur leur relation et si l\u2019on en croit les d\u00e9clarations faites ces derni\u00e8res semaines par des sources proches du couple, ils se seraient montr\u00e9s h\u00e9sitants \u00e0 l\u2019id\u00e9e de se fr\u00e9quenter et souhaiteraient d\u00e9sormais prendre leur temps et rester discrets. Une entreprise difficile quand on s\u2019affiche si souvent ensemble. Le 30 juillet, soit deux jours apr\u00e8s avoir \u00e9t\u00e9 vus au restaurant ensemble, Justin Trudeau \u00e9tait aper\u00e7u avec sa fille Ella-Grace dans les tribunes du concert de Katy Perry, \u00e0 Montr\u00e9al, dans le cadre de sa tourn\u00e9e Lifetimes Tour.<\/p>\n<p class=\"fig-paragraph\">\u00abIls s\u2019int\u00e9ressent l\u2019un \u00e0 l\u2019autre, mais il faudra attendre un certain temps pour voir o\u00f9 cela m\u00e8nera, avait alors d\u00e9clar\u00e9 une source au magazine People, le 2 ao\u00fbt. Elle voyage \u00e0 travers le monde et lui est en train de r\u00e9fl\u00e9chir \u00e0 sa vie maintenant qu\u2019il n\u2019est plus premier ministre du Canada, mais il y a une attirance entre eux. Ils ont beaucoup en commun. La musique est l\u2019une des nombreuses choses qu\u2019ils peuvent partager. Tous deux sont id\u00e9alistes et vivent toujours dans un monde o\u00f9 ils pensent pouvoir apporter des am\u00e9liorations, m\u00eame si cela est devenu plus difficile.\u00bb<\/p>\n<p>Des d\u00e9buts h\u00e9sitants<\/p>\n<p class=\"fig-paragraph\">Arriv\u00e9s \u00e0 la fin du mois d\u2019ao\u00fbt, leur romance semblait d\u00e9j\u00e0 finie. \u00abIls ont eu un premier rendez-vous informel pour faire connaissance et bien qu\u2019ils aient des int\u00e9r\u00eats communs et beaucoup de sujets de conversation, elle n\u2019envisage pas de sortir avec lui, avait confi\u00e9 une nouvelle source \u00e0 People. Elle est rest\u00e9e en contact avec Justin, mais il n\u2019y a pas de projet de nouvelle rencontre pour l\u2019instant.\u00bb<\/p>\n<p class=\"fig-paragraph\">Finalement, d\u00e9but septembre, dans les colonnes de Us Weekly, les nouvelles \u00e9taient plus optimistes. \u00abIls ont d\u00e9cid\u00e9 d\u2019\u00eatre beaucoup plus discrets \u00e0 ce sujet, lisait-on alors d\u2019une autre source. Ils continuent de se parler et sont tr\u00e8s int\u00e9ress\u00e9s l\u2019un par l\u2019autre. Justin a pr\u00e9vu de la voir lorsqu\u2019elle aura un peu de temps libre dans quelques semaines, \u00e0 son retour de sa tourn\u00e9e au Br\u00e9sil. Katy prend les choses au jour le jour, mais elle est tr\u00e8s ouverte \u00e0 l\u2019id\u00e9e de sortir avec quelqu\u2019un.<\/p>\n<p>Les nouveaux divorc\u00e9s<\/p>\n<p class=\"fig-paragraph\">Il faut dire qu\u2019il n\u2019y a pas si longtemps que Katy Perry est s\u00e9par\u00e9e de l\u2019acteur Orlando Bloom. Les deux stars\u00a0<a href=\"http:\/\/madame.lefigaro.fr\/celebrites\/actu-people\/leur-priorite-commune-sera-toujours-leur-fille-katy-perry-et-orlando-bloom-confirment-officiellement-leur-rupture-20250704\" target=\"_blank\" data-fig-type=\"Article\" rel=\"noopener nofollow\" data-gtm-custom-categorie=\"navigation\" data-gtm-custom-action=\"crossclick\" data-gtm-custom-label=\"Contextuel\" data-gtm-event=\"customEventSPE\" data-fig-domain=\"MADAME\">ont officialis\u00e9 leur s\u00e9paration au d\u00e9but du mois de juillet<\/a>, apr\u00e8s neuf ans ensemble et une fille, Daisy, n\u00e9e en 2020. \u00abIls continueront \u00e0 \u00eatre vus ensemble en tant que famille, car leur priorit\u00e9 commune est &#8211; et sera toujours &#8211; d\u2019\u00e9lever leur fille avec amour, stabilit\u00e9 et respect mutuel\u00bb, peut-on n\u00e9anmoins lire dans leur communiqu\u00e9. De son c\u00f4t\u00e9, Justin Trudeau a annonc\u00e9 sa s\u00e9paration d\u2019avec\u00a0<a href=\"https:\/\/madame.lefigaro.fr\/societe\/sophie-gregoire-la-femme-presque-normale-de-justin-trudeau-130320-180336\" target=\"_blank\" data-fig-type=\"Article\" rel=\"noopener nofollow\" data-gtm-custom-categorie=\"navigation\" data-gtm-custom-action=\"crossclick\" data-gtm-custom-label=\"Contextuel\" data-gtm-event=\"customEventSPE\" data-fig-domain=\"MADAME\">Sophie Gr\u00e9goire<\/a>\u00a0en ao\u00fbt 2023, apr\u00e8s dix-huit ans de mariage et trois enfants.<\/p>\n","protected":false},"excerpt":{"rendered":"Par C.L Le 13 octobre 2025 \u00e0 09h11 \u00c0 gauche, l\u2019ancien premier ministre canadien Justin Trudeau, \u00e0 Kiev&hellip;\n","protected":false},"author":2,"featured_media":459312,"comment_status":"","ping_status":"","sticky":false,"template":"","format":"standard","meta":{"footnotes":""},"categories":[8],"tags":[1193,58,59,1011,27,15906,8553],"class_list":{"0":"post-459311","1":"post","2":"type-post","3":"status-publish","4":"format-standard","5":"has-post-thumbnail","7":"category-divertissement","8":"tag-couple","9":"tag-divertissement","10":"tag-entertainment","11":"tag-fr","12":"tag-france","13":"tag-justin-trudeau","14":"tag-katy-perry"},"share_on_mastodon":{"url":"https:\/\/pubeurope.com\/@fr\/115365721138329956","error":""},"_links":{"self":[{"href":"https:\/\/www.europesays.com\/fr\/wp-json\/wp\/v2\/posts\/459311","targetHints":{"allow":["GET"]}}],"collection":[{"href":"https:\/\/www.europesays.com\/fr\/wp-json\/wp\/v2\/posts"}],"about":[{"href":"https:\/\/www.europesays.com\/fr\/wp-json\/wp\/v2\/types\/post"}],"author":[{"embeddable":true,"href":"https:\/\/www.europesays.com\/fr\/wp-json\/wp\/v2\/users\/2"}],"replies":[{"embeddable":true,"href":"https:\/\/www.europesays.com\/fr\/wp-json\/wp\/v2\/comments?post=459311"}],"version-history":[{"count":0,"href":"https:\/\/www.europesays.com\/fr\/wp-json\/wp\/v2\/posts\/459311\/revisions"}],"wp:featuredmedia":[{"embeddable":true,"href":"https:\/\/www.europesays.com\/fr\/wp-json\/wp\/v2\/media\/459312"}],"wp:attachment":[{"href":"https:\/\/www.europesays.com\/fr\/wp-json\/wp\/v2\/media?parent=459311"}],"wp:term":[{"taxonomy":"category","embeddable":true,"href":"https:\/\/www.europesays.com\/fr\/wp-json\/wp\/v2\/categories?post=459311"},{"taxonomy":"post_tag","embeddable":true,"href":"https:\/\/www.europesays.com\/fr\/wp-json\/wp\/v2\/tags?post=459311"}],"curies":[{"name":"wp","href":"https:\/\/api.w.org\/{rel}","templated":true}]}}