{"id":459315,"date":"2025-10-13T07:40:13","date_gmt":"2025-10-13T07:40:13","guid":{"rendered":"https:\/\/www.europesays.com\/fr\/459315\/"},"modified":"2025-10-13T07:40:13","modified_gmt":"2025-10-13T07:40:13","slug":"discours-du-nouveau-premier-ministre-mesdames-et-messieurs-les-boursiers-13-10-2025-a-0850","status":"publish","type":"post","link":"https:\/\/www.europesays.com\/fr\/459315\/","title":{"rendered":"Discours du \u00abnouveau\u00bb Premier ministre : \u00abMesdames et Messieurs les boursiers&#8230;\u00bb &#8211; 13\/10\/2025 \u00e0 08:50"},"content":{"rendered":"<p>        <img fetchpriority=\"high\" decoding=\"async\" src=\"https:\/\/www.europesays.com\/fr\/wp-content\/uploads\/2025\/10\/7e5645364db475cfa614121f89a42f6e-760x506.jpg\" alt=\"Le Premier ministre fran\u00e7ais, S\u00e9bastien Lecornu, s\u2019adresse aux journalistes apr\u00e8s sa visite au commissariat de L\u2019Ha\u00ff-les-Roses, situ\u00e9 dans la banlieue sud de Paris, le 11 octobre 2025. (Photo de Serge Tenani \/ Hans Lucas \/ Hans Lucas via AFP)\" loading=\"eager\" width=\"760\" height=\"506\" style=\"max-width: 100%!important; height: auto;\"\/><\/p>\n<p class=\"c-image-news__legend\">Le Premier ministre fran\u00e7ais, S\u00e9bastien Lecornu, s\u2019adresse aux journalistes apr\u00e8s sa visite au commissariat de L\u2019Ha\u00ff-les-Roses, situ\u00e9 dans la banlieue sud de Paris, le 11 octobre 2025. (Photo de Serge Tenani \/ Hans Lucas \/ Hans Lucas via AFP)<\/p>\n<p>\n <strong><br \/>\n  Jean-Paul Betbeze\u00a0endosse le r\u00f4le de S\u00e9bastien Lecornu pour adresser un message clair aux march\u00e9s : la France est inqui\u00e8te, mais elle doit agir. Entre taux d&rsquo;int\u00e9r\u00eat en hausse, croissance en berne et r\u00e9volution technologique mondiale, il plaide pour une strat\u00e9gie \u00e9conomique \u00e9quilibr\u00e9e, loin des taxes d\u00e9courageantes et des illusions budg\u00e9taires.<br \/>\n <\/strong>\n<\/p>\n<p>\n \u00abRebonjour ! Je commence mon deuxi\u00e8me CDI, \u00e0 savoir Contrat \u00e0 Dur\u00e9e Ind\u00e9termin\u00e9e, Ind\u00e9termin\u00e9e au sens propre du terme, puisque nul ne sait quand il s&rsquo;arr\u00eatera, et moi avec. Je profite de cette situation assez exceptionnelle pour vous dire quelques v\u00e9rit\u00e9s, chiffr\u00e9es. Le 10 ans fran\u00e7ais et \u00e0 3,48% le 10 octobre \u00e0 la cl\u00f4ture des march\u00e9s, l&rsquo;italien \u00e0 3,49. Nous avons le risque italien, quand l&rsquo;Allemagne emprunte \u00e0 2,63% et la Gr\u00e8ce \u00e0 3,37%.\n<\/p>\n<p>\n Je sais, devant ces taux et apr\u00e8s les semaines que nous venons de vivre, y compris ma re-nomination, que vous \u00eates plus qu&rsquo;inquiets : d\u00e9concert\u00e9s. Mais, avant de tout critiquer, en commen\u00e7ant par le pr\u00e9sident, regardons les bourses am\u00e9ricaines. Le Dow Jones a augment\u00e9 de 6% depuis janvier, apr\u00e8s une baisse inqui\u00e9tante ce vendredi (-2,6%). Pourquoi ? Le shutdown, la politique douani\u00e8re du Pr\u00e9sident Trump ou les messages sur les risques de bulle que l&rsquo;on entend partout, peut-\u00eatre pour calmer les esprits ? N&#8217;emp\u00eache, le Nasdaq a perdu 7% sur un mois, mais quand m\u00eame pris 24% sur un an, tirant le monde boursier. La Bourse allemande en profite et gagne plus de 25% depuis janvier, quand on nous parle de menace automobile chinoise et de pouss\u00e9e de l&rsquo;extr\u00eame droite. Pareil pour la bourse anglaise, qui progresse de 14% dans des circonstances politiques assez semblables. Pendant ce temps, le Cac 40 a gagn\u00e9 4,5%, apr\u00e8s une baisse de 1,5% vendredi. Moralit\u00e9 : nous sommes bien plus inquiets que nos voisins.\n<\/p>\n<p>\n Comment comprendre ces \u00e9carts ? Parce que les \u00c9tats-Unis tirent l&rsquo;attelage boursier mondial, avec la r\u00e9volution technologique en cours et les sautes d&rsquo;humeur tarifaire du Pr\u00e9sident Trump, mena\u00e7ant la Chine qui veut contr\u00f4ler les ventes de ses terres rares ? Le leader Nvidia progresse quand m\u00eame de plus de 36% depuis janvier, \u00e0 192 dollars par titre contre 25$ en 2023, avec une capitalisation boursi\u00e8re de 4 680 milliards de dollars, la premi\u00e8re du monde. Cette dynamique se retrouve dans le secteur high tech, faisant vieillir Apple, avec \u00ab seulement \u00bb plus 7,8% sur l&rsquo;ann\u00e9e et une capitalisation de 3 800 milliards de dollars. L&rsquo;id\u00e9e des bourses reste celle d&rsquo;un \u00ab ruissellement \u00bb de cette r\u00e9volution, avec robots et IA partout, dans l&rsquo;industrie et les services, pour soutenir la productivit\u00e9 et compenser la concurrence des bas salaires asiatiques, sans beaucoup d&rsquo;inflation. Ceci sans oublier le soutien fiscal, l\u00e9gal, mon\u00e9taire et politique de Donald Trump \u00e0 ses entreprises, \u00e0 la tech en particulier.\n<\/p>\n<p>\n Dans ce monde, la France est un peu perdue, comme si elle doutait de ses capacit\u00e9s \u00e0 rester dans l&rsquo;attelage. Elle attend le \u00abnouveau\u00bb Premier ministre et son \u00e9quipe pour les jauger, ou la dissolution de la Chambre, ou la d\u00e9mission du pr\u00e9sident. Mais les bourses savent qu&rsquo;il n&rsquo;y aura pas de miracle, tant nos marges de man\u0153uvre budg\u00e9taires, \u00e9conomiques et politiques sont \u00e9troites. L&rsquo;Insee nous dit que nous devions plus de 3 400 milliards d&rsquo;euros \u00e0 la fin du deuxi\u00e8me trimestre, soit 1, 156 fois notre PIB, plus 36 milliards en moyenne par trimestre. Nous finirons 2025 en devant 3 470 milliards et 2026 3 570\u2026 si nous cessons d&rsquo;opposer offre \u00e0 demande, pour avancer au mieux, ensemble.\n<\/p>\n<p>\n Je vous propose donc de soutenir l&rsquo;offre, car rien ne sera possible si nous restons coll\u00e9s \u00e0 0,7% de croissance, mais sans trop diminuer la d\u00e9pense, en l&rsquo;optimisant. Du \u00ab en m\u00eame temps \u00bb, si l&rsquo;on veut. Cette strat\u00e9gie \u00e0 deux ans, le plus loin que je peux voir, est d&rsquo;\u00e9viter l&rsquo;\u00e9cueil qui serait de taxer l&rsquo;appareil productif, avec cette taxe Zucmann. Pr\u00e9sent\u00e9e comme r\u00e9duisant les in\u00e9galit\u00e9s de patrimoine, elle est en fait le plus s\u00fbr moyen pour rater le train de la modernisation, m\u00eame avec ses bulles, donc de voir rachet\u00e9es nos p\u00e9pites, talents et image de la France inclus. Cette taxe d\u00e9courage la prise de risque, en pleine r\u00e9volution technologique.\n<\/p>\n<p>\n Les entreprises qui recherchent, dans l&rsquo;\u00e9nergie, les transports, la sant\u00e9 seraient atteintes, alors que leurs concurrentes internationales sont, partout, soutenues. Le deuxi\u00e8me volet de cette strat\u00e9gie est de fiscaliser les m\u00e9nages et les entreprises les plus riches, en traquant les fraudes fiscale et sociale, en regardant les optimisations des holdings. Il s&rsquo;agit de pousser \u00e0 l&rsquo;investissement et au risque, pas \u00e0 la triche. Le troisi\u00e8me volet est de conforter la consommation en r\u00e9duisant la fiscalit\u00e9 pour les salari\u00e9s pay\u00e9s un peu au-dessus du Smic et en augmentant la \u00ab prime Macron \u00bb pour les autres. Il s&rsquo;agit, au total, de consolider la base \u00e9conomique et sociale de notre tissu de TPE, PME, petits commerces, salari\u00e9s au Smic et travailleurs individuels. Offre et demande vont ensemble en \u00e9conomie, l&rsquo;offre toujours devant car on ne peut consommer que ce qui a \u00e9t\u00e9 produit, mais seulement si tout le monde fait des efforts pour sortir de cette passe difficile !\n<\/p>\n<p>\n Ceci explique mes choix d&rsquo;une \u00e9quipe resserr\u00e9e. D&rsquo;abord expliquer pour persuader, pour faire r\u00e9fl\u00e9chir sans faire peur, avec la Justice et la Police, ensuite former et soigner, enfin prot\u00e9ger avec les Affaires \u00e9trang\u00e8res et l&rsquo;Arm\u00e9e. La bourse peut \u00eatre excessive, mais elle calcule et doute. Nous sommes dans un monde qui change, au milieu d&rsquo;une r\u00e9volution technologique fantastique. Ne la ratons pas. Notre bourse tarde, aidez-moi !\u00bb<\/p>\n","protected":false},"excerpt":{"rendered":"Le Premier ministre fran\u00e7ais, S\u00e9bastien Lecornu, s\u2019adresse aux journalistes apr\u00e8s sa visite au commissariat de L\u2019Ha\u00ff-les-Roses, situ\u00e9 dans&hellip;\n","protected":false},"author":2,"featured_media":459316,"comment_status":"","ping_status":"","sticky":false,"template":"","format":"standard","meta":{"footnotes":""},"categories":[6],"tags":[400,398,408,35,405,33,34,1011,27,403,402,399,404,401,406,407],"class_list":{"0":"post-459315","1":"post","2":"type-post","3":"status-publish","4":"format-standard","5":"has-post-thumbnail","7":"category-economie","8":"tag-action-cac-40","9":"tag-bourse-de-paris","10":"tag-boursorama","11":"tag-business","12":"tag-cotations","13":"tag-economie","14":"tag-economy","15":"tag-fr","16":"tag-france","17":"tag-indices-devises","18":"tag-investir","19":"tag-investissement","20":"tag-marche-boursier","21":"tag-sicav","22":"tag-trackers","23":"tag-warrants"},"share_on_mastodon":{"url":"https:\/\/pubeurope.com\/@fr\/115365729021994906","error":""},"_links":{"self":[{"href":"https:\/\/www.europesays.com\/fr\/wp-json\/wp\/v2\/posts\/459315","targetHints":{"allow":["GET"]}}],"collection":[{"href":"https:\/\/www.europesays.com\/fr\/wp-json\/wp\/v2\/posts"}],"about":[{"href":"https:\/\/www.europesays.com\/fr\/wp-json\/wp\/v2\/types\/post"}],"author":[{"embeddable":true,"href":"https:\/\/www.europesays.com\/fr\/wp-json\/wp\/v2\/users\/2"}],"replies":[{"embeddable":true,"href":"https:\/\/www.europesays.com\/fr\/wp-json\/wp\/v2\/comments?post=459315"}],"version-history":[{"count":0,"href":"https:\/\/www.europesays.com\/fr\/wp-json\/wp\/v2\/posts\/459315\/revisions"}],"wp:featuredmedia":[{"embeddable":true,"href":"https:\/\/www.europesays.com\/fr\/wp-json\/wp\/v2\/media\/459316"}],"wp:attachment":[{"href":"https:\/\/www.europesays.com\/fr\/wp-json\/wp\/v2\/media?parent=459315"}],"wp:term":[{"taxonomy":"category","embeddable":true,"href":"https:\/\/www.europesays.com\/fr\/wp-json\/wp\/v2\/categories?post=459315"},{"taxonomy":"post_tag","embeddable":true,"href":"https:\/\/www.europesays.com\/fr\/wp-json\/wp\/v2\/tags?post=459315"}],"curies":[{"name":"wp","href":"https:\/\/api.w.org\/{rel}","templated":true}]}}