{"id":459317,"date":"2025-10-13T07:41:15","date_gmt":"2025-10-13T07:41:15","guid":{"rendered":"https:\/\/www.europesays.com\/fr\/459317\/"},"modified":"2025-10-13T07:41:15","modified_gmt":"2025-10-13T07:41:15","slug":"coupures-delectricite-dans-au-moins-sept-regions-apres-des-frappes-russes","status":"publish","type":"post","link":"https:\/\/www.europesays.com\/fr\/459317\/","title":{"rendered":"Coupures d&rsquo;\u00e9lectricit\u00e9 dans au moins sept r\u00e9gions apr\u00e8s des frappes russes&#8230;"},"content":{"rendered":"<p>Coupures d&rsquo;\u00e9lectricit\u00e9 dans au moins sept r\u00e9gions apr\u00e8s les frappes russes<\/p>\n<p>Le minist\u00e8re ukrainien de l&rsquo;\u00c9nergie a annonc\u00e9 lundi des coupures d&rsquo;\u00e9lectricit\u00e9 dans au moins sept r\u00e9gions dans le nord, l&rsquo;est, le centre et le sud du pays, \u00e0 la suite de frappes russes contre le r\u00e9seau \u00e9nerg\u00e9tique.<\/p>\n<p>\u00ab En raison de la situation difficile au sein du syst\u00e8me \u00e9nerg\u00e9tique \u00bb provoqu\u00e9e \u00ab par des frappes russes (&#8230;) des coupures d&rsquo;\u00e9lectricit\u00e9 d&rsquo;urgence ont \u00e9t\u00e9 mises en oeuvre ce matin dans les r\u00e9gions de Kharkiv, Soumy, Poltava, Donetsk, Dnipropetrovsk, Zaporijjia (pour les consommateurs industriels) et Kirovograd \u00bb, a affirm\u00e9 le minist\u00e8re dans un communiqu\u00e9.<\/p>\n<p>Un mort dans la r\u00e9gion de Zaporijjia<\/p>\n<p>Un homme de 32 ans a \u00e9t\u00e9 tu\u00e9 dimanche soir dans la ville d\u2019Orikhiv, au sud-est de Zaporijjia en Ukraine, lors d\u2019une attaque russe de drone contre une voiture, a annonc\u00e9 le gouverneur r\u00e9gional Ivan Fedorov. Le conducteur est \u00ab\u00a0mort sur place\u00a0\u00bb.<\/p>\n<p>Le pr\u00e9sident ukrainien demande des syst\u00e8mes de d\u00e9fense antia\u00e9riens<\/p>\n<p>Volodymyr Zelensky a exhort\u00e9 dimanche ses alli\u00e9s \u00e0 fournir davantage de syst\u00e8mes de d\u00e9fense antia\u00e9rienne, avertissant que la Russie \u00ab profitait \u00bb d&rsquo;une attention d\u00e9tourn\u00e9e de l&rsquo;Ukraine pour intensifier ses frappes. \u00ab La Russie profite de la situation actuelle &#8211; du fait que le Moyen-Orient et les probl\u00e8mes int\u00e9rieurs dans chaque pays attirent une attention maximale. Les frappes russes sont devenues encore plus ignobles \u00bb, a-t-il mis en garde.<\/p>\n<p>Zelensky dit avoir \u00e9chang\u00e9 avec Trump pour la deuxi\u00e8me fois en deux jours<\/p>\n<p>Le pr\u00e9sident ukrainien Volodymyr Zelensky a indiqu\u00e9 avoir eu un entretien t\u00e9l\u00e9phonique dimanche avec son homologue am\u00e9ricain Donald Trump, le deuxi\u00e8me en deux jours, pour \u00e9voquer notamment la d\u00e9fense anti-a\u00e9rienne et le secteur \u00e9nerg\u00e9tique du pays pilonn\u00e9 par la Russie.<\/p>\n<p>L\u2019hypoth\u00e8se d\u2019une livraison de missiles de longue port\u00e9e am\u00e9ricains Tomahawk a \u00e9t\u00e9 \u00e9voqu\u00e9e r\u00e9cemment par des responsables am\u00e9ricains, suscitant l\u2019ire de Moscou.<\/p>\n<p>Bonjour \u00e0 tous et bienvenue dans ce nouveau live consacr\u00e9 \u00e0 la guerre en Ukraine<\/p>\n<p>Chaque jour, 20 Minutes fait le point en direct avec vous sur les derni\u00e8res actualit\u00e9s de la guerre en Ukraine via nos articles live comment\u00e9s. La guerre a \u00e9t\u00e9 d\u00e9clar\u00e9e avec l&rsquo;invasion du pays par la Russie dans la nuit du 23 au 24 f\u00e9vrier 2022 sur d\u00e9cision du pr\u00e9sident russe Vladimir Poutine. Ce luni, il s&rsquo;agit d\u00e9j\u00e0 du 1.328e jour du conflit. <\/p>\n","protected":false},"excerpt":{"rendered":"Coupures d&rsquo;\u00e9lectricit\u00e9 dans au moins sept r\u00e9gions apr\u00e8s les frappes russes Le minist\u00e8re ukrainien de l&rsquo;\u00c9nergie a annonc\u00e9&hellip;\n","protected":false},"author":2,"featured_media":459318,"comment_status":"","ping_status":"","sticky":false,"template":"","format":"standard","meta":{"footnotes":""},"categories":[5],"tags":[47,11,1011,27,131,14,74,12,132,135,134,28],"class_list":{"0":"post-459317","1":"post","2":"type-post","3":"status-publish","4":"format-standard","5":"has-post-thumbnail","7":"category-international","8":"tag-actualite","9":"tag-actualites","10":"tag-fr","11":"tag-france","12":"tag-guerre-en-ukraine","13":"tag-international","14":"tag-monde","15":"tag-news","16":"tag-russie","17":"tag-vladimir-poutine","18":"tag-volodymyr-zelensky","19":"tag-world"},"share_on_mastodon":{"url":"https:\/\/pubeurope.com\/@fr\/115365732943946926","error":""},"_links":{"self":[{"href":"https:\/\/www.europesays.com\/fr\/wp-json\/wp\/v2\/posts\/459317","targetHints":{"allow":["GET"]}}],"collection":[{"href":"https:\/\/www.europesays.com\/fr\/wp-json\/wp\/v2\/posts"}],"about":[{"href":"https:\/\/www.europesays.com\/fr\/wp-json\/wp\/v2\/types\/post"}],"author":[{"embeddable":true,"href":"https:\/\/www.europesays.com\/fr\/wp-json\/wp\/v2\/users\/2"}],"replies":[{"embeddable":true,"href":"https:\/\/www.europesays.com\/fr\/wp-json\/wp\/v2\/comments?post=459317"}],"version-history":[{"count":0,"href":"https:\/\/www.europesays.com\/fr\/wp-json\/wp\/v2\/posts\/459317\/revisions"}],"wp:featuredmedia":[{"embeddable":true,"href":"https:\/\/www.europesays.com\/fr\/wp-json\/wp\/v2\/media\/459318"}],"wp:attachment":[{"href":"https:\/\/www.europesays.com\/fr\/wp-json\/wp\/v2\/media?parent=459317"}],"wp:term":[{"taxonomy":"category","embeddable":true,"href":"https:\/\/www.europesays.com\/fr\/wp-json\/wp\/v2\/categories?post=459317"},{"taxonomy":"post_tag","embeddable":true,"href":"https:\/\/www.europesays.com\/fr\/wp-json\/wp\/v2\/tags?post=459317"}],"curies":[{"name":"wp","href":"https:\/\/api.w.org\/{rel}","templated":true}]}}