{"id":459323,"date":"2025-10-13T07:44:11","date_gmt":"2025-10-13T07:44:11","guid":{"rendered":"https:\/\/www.europesays.com\/fr\/459323\/"},"modified":"2025-10-13T07:44:11","modified_gmt":"2025-10-13T07:44:11","slug":"tout-savoir-pour-profiter-de-la-vogue-des-noix","status":"publish","type":"post","link":"https:\/\/www.europesays.com\/fr\/459323\/","title":{"rendered":"tout savoir pour profiter de la Vogue des Noix"},"content":{"rendered":"<p>\u00c7a y est\u00a0: les effluves de barbe \u00e0 papa, les \u00e9clats de rire et les hurlements venus des man\u00e8ges \u00e0 sensations, les sonos pouss\u00e9es au maximum\u2026 Pas de doute, la magie de la Vogue des Noix s\u2019est empar\u00e9e de Firminy. On vous dit tout ce qu\u2019il faut savoir pour en profiter jusqu\u2019au dimanche 19\u00a0octobre.<\/p>\n<p>&#13;<br \/>\n              Le Progr\u00e8s  &#8211; &#13;<br \/>\n        &#13;<br \/>\n          Aujourd&rsquo;hui \u00e0 09:25&#13;<br \/>\n    &#13;<br \/>\n                  | mis \u00e0 jour aujourd&rsquo;hui \u00e0 09:30&#13;<br \/>\n              &#8211; Temps de lecture : &#13;<br \/>\n  &#13;<\/p>\n","protected":false},"excerpt":{"rendered":"\u00c7a y est\u00a0: les effluves de barbe \u00e0 papa, les \u00e9clats de rire et les hurlements venus des&hellip;\n","protected":false},"author":2,"featured_media":459324,"comment_status":"","ping_status":"","sticky":false,"template":"","format":"standard","meta":{"footnotes":""},"categories":[9653],"tags":[1111,11,2430,7539,1777,674,107,1011,27,3367,12,25,4001,52674],"class_list":{"0":"post-459323","1":"post","2":"type-post","3":"status-publish","4":"format-standard","5":"has-post-thumbnail","7":"category-saint-etienne","8":"tag-actu","9":"tag-actualites","10":"tag-auvergne-rhone-alpes","11":"tag-edition-loire-sud","12":"tag-eu","13":"tag-europe","14":"tag-fil-info","15":"tag-fr","16":"tag-france","17":"tag-loire","18":"tag-news","19":"tag-republique-francaise","20":"tag-saint-etienne","21":"tag-supplement-numerique"},"share_on_mastodon":{"url":"https:\/\/pubeurope.com\/@fr\/115365744828225722","error":""},"_links":{"self":[{"href":"https:\/\/www.europesays.com\/fr\/wp-json\/wp\/v2\/posts\/459323","targetHints":{"allow":["GET"]}}],"collection":[{"href":"https:\/\/www.europesays.com\/fr\/wp-json\/wp\/v2\/posts"}],"about":[{"href":"https:\/\/www.europesays.com\/fr\/wp-json\/wp\/v2\/types\/post"}],"author":[{"embeddable":true,"href":"https:\/\/www.europesays.com\/fr\/wp-json\/wp\/v2\/users\/2"}],"replies":[{"embeddable":true,"href":"https:\/\/www.europesays.com\/fr\/wp-json\/wp\/v2\/comments?post=459323"}],"version-history":[{"count":0,"href":"https:\/\/www.europesays.com\/fr\/wp-json\/wp\/v2\/posts\/459323\/revisions"}],"wp:featuredmedia":[{"embeddable":true,"href":"https:\/\/www.europesays.com\/fr\/wp-json\/wp\/v2\/media\/459324"}],"wp:attachment":[{"href":"https:\/\/www.europesays.com\/fr\/wp-json\/wp\/v2\/media?parent=459323"}],"wp:term":[{"taxonomy":"category","embeddable":true,"href":"https:\/\/www.europesays.com\/fr\/wp-json\/wp\/v2\/categories?post=459323"},{"taxonomy":"post_tag","embeddable":true,"href":"https:\/\/www.europesays.com\/fr\/wp-json\/wp\/v2\/tags?post=459323"}],"curies":[{"name":"wp","href":"https:\/\/api.w.org\/{rel}","templated":true}]}}