{"id":459325,"date":"2025-10-13T07:45:11","date_gmt":"2025-10-13T07:45:11","guid":{"rendered":"https:\/\/www.europesays.com\/fr\/459325\/"},"modified":"2025-10-13T07:45:11","modified_gmt":"2025-10-13T07:45:11","slug":"400-ans-dhistoire-a-decouvrir-dans-cette-commune","status":"publish","type":"post","link":"https:\/\/www.europesays.com\/fr\/459325\/","title":{"rendered":"400 ans d\u2019histoire \u00e0 d\u00e9couvrir dans cette commune"},"content":{"rendered":"<p>            Par<br \/>\n        <strong><br \/>\n            <a href=\"https:\/\/actu.fr\/auteur\/journaliste-lecourrierindependant\" title=\"Consulter tous les articles de R\u00e9daction Loud\u00e9ac\" target=\"_blank\" rel=\"noopener\">R\u00e9daction Loud\u00e9ac<\/a><br \/>\n        <\/strong><\/p>\n<p>        Publi\u00e9 le<\/p>\n<p>            13 oct. 2025 \u00e0 8h58        <\/p>\n<p>C\u2019est \u00e0 un <b>travail titanesque<\/b> auquel se sont livr\u00e9s les <b>b\u00e9n\u00e9voles <\/b>de l\u2019Association Culturelle St\u00e9phanoise (ACS), depuis des mois.<b> Retracer la vie et le pass\u00e9<\/b> de la commune de <b>Saint-\u00c9tienne-du-Gu\u00e9-de-l\u2019Isle<\/b>, pr\u00e8s de <a href=\"https:\/\/actu.fr\/bretagne\/loudeac_22136\" target=\"_blank\" rel=\"noopener\">Loud\u00e9ac <\/a>(C\u00f4tes-d\u2019Armor).<\/p>\n<p class=\" wall-content\">L\u2019expo in\u00e9dite commence le <b>samedi 18\u00a0octobre 2025.<\/b><\/p>\n<p>Quatre si\u00e8cles d\u2019histoire puis\u00e9s dans les archives<\/p>\n<p class=\" wall-content\">Les b\u00e9n\u00e9voles de l\u2019ACS de <a href=\"https:\/\/actu.fr\/bretagne\/saint-etienne-du-gue-de-l-isle_22288\" target=\"_blank\" rel=\"noopener\">Saint-\u00c9tienne-du-Gu\u00e9-de-l\u2019Isle<\/a> ne reviendront pas en arri\u00e8re sur quelques d\u00e9cennies, mais sur trois ou <b>quatre si\u00e8cles d\u2019histoire.<\/b><\/p>\n<p class=\" wall-content\">Des recherches d\u2019<b>archives<\/b> notamment aux <a href=\"https:\/\/archives.cotesdarmor.fr\/\" target=\"_blank\" rel=\"noopener\">Archives d\u00e9partementales<\/a> des C\u00f4tes-d\u2019Armor\u2009; des recherches fructueuses \u00e9galement sur internet, qui ont permis un tel r\u00e9sultat.<\/p>\n<p class=\" wall-content\">Les<b> premiers panneaux <\/b>ont mis en place <b>mardi 7\u00a0octobre 2025,<\/b> \u00e0 la salle polyvalente.<\/p>\n<p>Vid\u00e9os : en ce moment sur Actu<\/p>\n<p class=\" wall-content\">Pour une expo in\u00e9dite qui se tiendra<b> sur deux week-ends<\/b>\u2009: <b>samedi\u00a018 et dimanche 19\u00a0octobre 2025\u2009; samedi\u00a025 et dimanche 26\u00a0octobre 2025.<\/b><\/p>\n<p>La premi\u00e8re imprimerie de Bretagne<\/p>\n<p class=\" wall-content\">Cette dizaine de premiers panneaux d\u00e9voile le pass\u00e9 du <b>ch\u00e2teau<\/b>, les <b>\u00e9difices remarquables<\/b>, les <b>ponts <\/b>et ouvrages d\u2019art.<\/p>\n<p>Votre r\u00e9gion, votre actu !<\/p>\n<p>Recevez chaque jour les infos qui comptent pour vous.<\/p>\n<p>\t<a href=\"https:\/\/actu.fr\/newsletter\" class=\"ac-btn ac-btn--corner ac-btn--medium ac-btn--blue800\" target=\"_blank\" rel=\"noopener\">S&rsquo;incrire<\/a><\/p>\n<p class=\" wall-content\">L<b>\u2019imprimerie<\/b> \u00e9galement qui, situ\u00e9e dans une des ailes du ch\u00e2teau, \u00e9tait la <b>premi\u00e8re en Bretagne.<\/b><\/p>\n<p class=\" wall-content\">Class\u00e9e par sujet bien d\u00e9fini, cette exposition, intitul\u00e9e<b> \u00a0\u00bbSaint-\u00c9tienne-du-Gu\u00e9-de-l\u2019Isle, d\u2019hier \u00e0 aujourd\u2019hui \u00a0\u00bb<\/b>, attirera sans nul doute une foule de curieux, de<b> passionn\u00e9s d\u2019histoire.<\/b><\/p>\n<p>Rendez-vous samedi\u00a018 et dimanche 19\u00a0octobre 2025, samedi\u00a025 et dimanche 26\u00a0octobre 2025, de 10\u2009h \u00e0 12\u2009h et de14\u2009h \u00e0 17\u2009h\u200930, salle polyvalente (bourg) \u00e0 Saint-\u00c9tienne-du-Gu\u00e9-de-l\u2019Isle<b> <\/b>(C\u00f4tes-d\u2019Armor). Expo de l\u2019Association Culturelle St\u00e9phanoise sur le th\u00e8me\u2009: \u00ab\u2009Saint-\u00c9tienne-du-Gu\u00e9-de-l\u2019Isle, d\u2019hier \u00e0 aujourd\u2019hui\u2009\u00bb. Entr\u00e9e gratuite.<\/p>\n<p class=\" wall-content\">Personnalisez votre actualit\u00e9 en ajoutant vos villes et m\u00e9dias en favori avec <a href=\"https:\/\/moncompte.actu.fr\" title=\"D\u00e9couvez Mon Actu\" rel=\"nofollow noopener\" data-trk=\"{&quot;cta&quot;:{&quot;action&quot;:&quot;https:\\\/\\\/moncompte.actu.fr&quot;,&quot;category&quot;:&quot;mon compte&quot;,&quot;from&quot;:&quot;article footer&quot;,&quot;name&quot;:&quot;Mon actu&quot;,&quot;type&quot;:&quot;cta&quot;}}\" target=\"_blank\">Mon Actu<\/a>.<\/p>\n","protected":false},"excerpt":{"rendered":"Par R\u00e9daction Loud\u00e9ac Publi\u00e9 le 13 oct. 2025 \u00e0 8h58 C\u2019est \u00e0 un travail titanesque auquel se sont&hellip;\n","protected":false},"author":2,"featured_media":459326,"comment_status":"","ping_status":"","sticky":false,"template":"","format":"standard","meta":{"footnotes":""},"categories":[9653],"tags":[1111,11,2430,10721,1777,674,1011,27,937,1652,12,2551,25,4001],"class_list":{"0":"post-459325","1":"post","2":"type-post","3":"status-publish","4":"format-standard","5":"has-post-thumbnail","7":"category-saint-etienne","8":"tag-actu","9":"tag-actualites","10":"tag-auvergne-rhone-alpes","11":"tag-centre-bretagne","12":"tag-eu","13":"tag-europe","14":"tag-fr","15":"tag-france","16":"tag-histoire","17":"tag-loisirs-culture","18":"tag-news","19":"tag-patrimoine","20":"tag-republique-francaise","21":"tag-saint-etienne"},"share_on_mastodon":{"url":"https:\/\/pubeurope.com\/@fr\/115365748641453605","error":""},"_links":{"self":[{"href":"https:\/\/www.europesays.com\/fr\/wp-json\/wp\/v2\/posts\/459325","targetHints":{"allow":["GET"]}}],"collection":[{"href":"https:\/\/www.europesays.com\/fr\/wp-json\/wp\/v2\/posts"}],"about":[{"href":"https:\/\/www.europesays.com\/fr\/wp-json\/wp\/v2\/types\/post"}],"author":[{"embeddable":true,"href":"https:\/\/www.europesays.com\/fr\/wp-json\/wp\/v2\/users\/2"}],"replies":[{"embeddable":true,"href":"https:\/\/www.europesays.com\/fr\/wp-json\/wp\/v2\/comments?post=459325"}],"version-history":[{"count":0,"href":"https:\/\/www.europesays.com\/fr\/wp-json\/wp\/v2\/posts\/459325\/revisions"}],"wp:featuredmedia":[{"embeddable":true,"href":"https:\/\/www.europesays.com\/fr\/wp-json\/wp\/v2\/media\/459326"}],"wp:attachment":[{"href":"https:\/\/www.europesays.com\/fr\/wp-json\/wp\/v2\/media?parent=459325"}],"wp:term":[{"taxonomy":"category","embeddable":true,"href":"https:\/\/www.europesays.com\/fr\/wp-json\/wp\/v2\/categories?post=459325"},{"taxonomy":"post_tag","embeddable":true,"href":"https:\/\/www.europesays.com\/fr\/wp-json\/wp\/v2\/tags?post=459325"}],"curies":[{"name":"wp","href":"https:\/\/api.w.org\/{rel}","templated":true}]}}