{"id":459333,"date":"2025-10-13T07:49:20","date_gmt":"2025-10-13T07:49:20","guid":{"rendered":"https:\/\/www.europesays.com\/fr\/459333\/"},"modified":"2025-10-13T07:49:20","modified_gmt":"2025-10-13T07:49:20","slug":"lasm-solide-face-a-toulon-loeil-des-supporters","status":"publish","type":"post","link":"https:\/\/www.europesays.com\/fr\/459333\/","title":{"rendered":"L\u2019ASM solide face \u00e0 Toulon : l\u2019\u0153il des supporters"},"content":{"rendered":"<p>Lors de la 6e journ\u00e9e de championnat de top 14, au stade Marcel Michelin, les prot\u00e9g\u00e9s de Christophe Urios, ont livr\u00e9 un match plein, m\u00eame si le point de bonus laiss\u00e9 en route, nourrit quelques regrets. Score final 27\/10.<\/p>\n<p>\tToulon, une \u00e9quipe redout\u00e9e<\/p>\n<p>\u00ab Cette \u00e9quipe nous fait un peu peur, car elle est tr\u00e8s solide de partout, et est en capacit\u00e9 de marquer, \u00e0 chacune de ses opportunit\u00e9s. Ses prestations \u00e0 Montpellier et \u00e0 Bayonne, r\u00e9cemment, abondent dans ce sens \u00bb, livrent 2 supporters \u00ab Jaunards \u00bb, venus d\u2019Aigueperse, et de Clermont. \u00ab De notre c\u00f4t\u00e9, nous esp\u00e9rons confirmer notre belle victoire face \u00e0 Montauban, la semaine derni\u00e8re. M\u00eame si nous avons un d\u00e9ficit comptable, cette \u00e9quipe de l\u2019ASM montre un bel \u00e9tat d\u2019esprit. Le travail de Christophe Urios prend forme\u00bb, poursuivent-ils. Cal\u00e9s dans un coin du pesage, vers la tribune Auvergne, Virginie et J\u00e9r\u00f4me venus de Toulon, esp\u00e8rent bien voir les hommes de la Rade, repartir avec la victoire. \u00ab Nous sommes r\u00e9guliers dans nos performances et avons un banc tr\u00e8s int\u00e9ressant, avec un joueur comme Baptiste Serin, en capacit\u00e9 de faire basculer une rencontre \u00bb, avancent-ils.<\/p>\n<p>Une ASM conqu\u00e9rante<\/p>\n<p>Auteure d\u2019une premi\u00e8re p\u00e9riode de haute intensit\u00e9, avec des essais d\u2019Alex Newsome, et un de p\u00e9nalit\u00e9, suite \u00e0 un gros travail des avants, l\u2019ASM a impressionn\u00e9 ses supporters, avant de r\u00e9aliser une deuxi\u00e8me mi-temps moins aboutie. \u00ab Nous prenons du plaisir \u00e0 voir jouer cette \u00e9quipe, qui m\u00eame s\u2019il y a encore quelques ballons trop facilement perdus, affiche un superbe \u00e9tat d\u2019esprit. Nous n\u2019avons encaiss\u00e9 que 10 points, face \u00e0 une belle formation du RCT, qui ne nous a jamais r\u00e9ellement inqui\u00e9t\u00e9es\u00bb, souligne Bernard, abonn\u00e9 de la tribune Auvergne. \u00ab Seul regret, est ce point de bonus l\u00e2ch\u00e9 en route, il va falloir aller chercher un bon r\u00e9sultat \u00e0 Bayonne \u00bb, d\u00e9clare-t-il.<\/p>\n<p><img loading=\"lazy\" decoding=\"async\" width=\"1000\" height=\"591\" src=\"data:image\/svg+xml,%3Csvg%20xmlns=\" http:=\"\" alt=\"Louis, J\u00e9r\u00f4me et Virginie, supporters RCT \/ Photos P. Thivat\" class=\"wp-image-2679146\" data-lazy- data-lazy- data-lazy-src=\"https:\/\/www.europesays.com\/fr\/wp-content\/uploads\/2025\/10\/Louis-Jerome-et-Virginie-supporters-RCT-Photos-P.-Thivat.jpg\"\/>Louis, J\u00e9r\u00f4me et Virginie, supporters RCT \/ Photos P. Thivat<\/p>\n<p>D\u00e9ception Toulonnaise<\/p>\n<p>\u00ab Nous sommes forc\u00e9ment d\u00e9\u00e7us ce soir, car nous n\u2019avons pas montr\u00e9 notre vrai visage. Nous savions que cela serait compliqu\u00e9 de venir gagner ici \u00e0 Clermont, qui est une \u00e9quipe tr\u00e8s costaude. Nous n\u2019avons pas su concr\u00e9tiser nos temps forts, m\u00eame si l\u2019ASM, a vraiment tr\u00e8s bien d\u00e9fendu. Nous prenons des cartons b\u00eates, c\u2019est dommage, et nous avons eu beaucoup de d\u00e9chets, ce qui ne nous arrive pas d\u2019habitude. De plus, il y a eu pas mal de rotations ce soir, mais bon, on va se reposer, pour repartir au combat la semaine prochaine, en recevant le Racing. Nous avons bien savour\u00e9 l\u2019ambiance exceptionnelle dans ce stade Michelin. \u00bb, t\u00e9moigne Louis, supporter du RCT.<\/p>\n<p>Monsieur Thomas Ceyte<\/p>\n<p>S\u2019il y a bien un des joueurs \u00e0 rendre hommage ce soir, c\u2019est au num\u00e9ro 5 de Clermont qu\u2019il faut s\u2019adresser, tellement ce joueur a marqu\u00e9 cette rencontre de par son talent. Intraitable dans les airs, dans le combat, dans sa capacit\u00e9 \u00e0 faire jouer autour de lui, le deuxi\u00e8me ligne\u00a0 Clermontois a livr\u00e9 une prestation de haute tenue, mettant sans cesse son \u00e9quipe dans l\u2019avanc\u00e9e. A 35 ans, Thomas Ceyte montre qu\u2019il a encore de l\u2019\u00e9nergie \u00e0 revendre, et que c\u2019est un soldat sur qui Christophe Urios peut, et sait s\u2019appuyer. Attel\u00e9 avec l\u2019exp\u00e9riment\u00e9 Rob Simmons (36 ans) dans la cage, ce duo a perturb\u00e9 l\u2019alignement visiteur en touche, volant de nombreux ballons. Alors, nous lui pardonnerons bien volontiers son carton jaune re\u00e7u en seconde p\u00e9riode, tant son investissement f\u00fbt salu\u00e9 par le peuple auvergnat. Un bel exemple pour toute la g\u00e9n\u00e9ration montante, de l\u2019ASM Clermont Auvergne.<\/p>\n<p><strong>Voir le classement du Top 14 en cliquant <a href=\"https:\/\/top14.lnr.fr\/classement\" target=\"_blank\" rel=\"noreferrer noopener\">ICI<\/a><\/strong><\/p>\n<p><img loading=\"lazy\" decoding=\"async\" width=\"1000\" height=\"343\" src=\"data:image\/svg+xml,%3Csvg%20xmlns=\" http:=\"\" alt=\"Stade Michelin ASM-RCT \/ Photos P. Thivat\" class=\"wp-image-2679142\" data-lazy- data-lazy- data-lazy-src=\"https:\/\/www.europesays.com\/fr\/wp-content\/uploads\/2025\/10\/Stade-Michelin-ASM-RCT-Photos-P.-Thivat.jpg\"\/>Stade Michelin ASM-RCT \/ Photos P. Thivat<\/p>\n<p>\t\t\t\t<a href=\"https:\/\/www.clermontmetropole.eu\/no-cache\/actualites-et-agendas\/toute-lactualite\/detail\/actualites\/exposition-lauvergne-de-la-modernite-au-marq\/\" target=\"_blank\" rel=\"nofollow noopener\"><img decoding=\"async\" src=\"https:\/\/www.europesays.com\/fr\/wp-content\/uploads\/2025\/10\/7-jours-728x90px.jpg\"\/><\/a><\/p>\n","protected":false},"excerpt":{"rendered":"Lors de la 6e journ\u00e9e de championnat de top 14, au stade Marcel Michelin, les prot\u00e9g\u00e9s de Christophe&hellip;\n","protected":false},"author":2,"featured_media":459334,"comment_status":"","ping_status":"","sticky":false,"template":"","format":"standard","meta":{"footnotes":""},"categories":[9619],"tags":[1111,11,58385,29927,1777,674,1011,27,12,6109,882,8177,25,2115,10221,23074,2310],"class_list":{"0":"post-459333","1":"post","2":"type-post","3":"status-publish","4":"format-standard","5":"has-post-thumbnail","7":"category-toulon","8":"tag-actu","9":"tag-actualites","10":"tag-asm","11":"tag-christophe-urios","12":"tag-eu","13":"tag-europe","14":"tag-fr","15":"tag-france","16":"tag-news","17":"tag-newsletter-lundi","18":"tag-provence-alpes-cote-dazur","19":"tag-rc-toulon","20":"tag-republique-francaise","21":"tag-rugby-a-xv","22":"tag-supporters","23":"tag-top14","24":"tag-toulon"},"share_on_mastodon":{"url":"https:\/\/pubeurope.com\/@fr\/115365765035100384","error":""},"_links":{"self":[{"href":"https:\/\/www.europesays.com\/fr\/wp-json\/wp\/v2\/posts\/459333","targetHints":{"allow":["GET"]}}],"collection":[{"href":"https:\/\/www.europesays.com\/fr\/wp-json\/wp\/v2\/posts"}],"about":[{"href":"https:\/\/www.europesays.com\/fr\/wp-json\/wp\/v2\/types\/post"}],"author":[{"embeddable":true,"href":"https:\/\/www.europesays.com\/fr\/wp-json\/wp\/v2\/users\/2"}],"replies":[{"embeddable":true,"href":"https:\/\/www.europesays.com\/fr\/wp-json\/wp\/v2\/comments?post=459333"}],"version-history":[{"count":0,"href":"https:\/\/www.europesays.com\/fr\/wp-json\/wp\/v2\/posts\/459333\/revisions"}],"wp:featuredmedia":[{"embeddable":true,"href":"https:\/\/www.europesays.com\/fr\/wp-json\/wp\/v2\/media\/459334"}],"wp:attachment":[{"href":"https:\/\/www.europesays.com\/fr\/wp-json\/wp\/v2\/media?parent=459333"}],"wp:term":[{"taxonomy":"category","embeddable":true,"href":"https:\/\/www.europesays.com\/fr\/wp-json\/wp\/v2\/categories?post=459333"},{"taxonomy":"post_tag","embeddable":true,"href":"https:\/\/www.europesays.com\/fr\/wp-json\/wp\/v2\/tags?post=459333"}],"curies":[{"name":"wp","href":"https:\/\/api.w.org\/{rel}","templated":true}]}}