{"id":459341,"date":"2025-10-13T07:54:11","date_gmt":"2025-10-13T07:54:11","guid":{"rendered":"https:\/\/www.europesays.com\/fr\/459341\/"},"modified":"2025-10-13T07:54:11","modified_gmt":"2025-10-13T07:54:11","slug":"des-formations-gratuites-pour-le-milieu-associatif-grenoblois","status":"publish","type":"post","link":"https:\/\/www.europesays.com\/fr\/459341\/","title":{"rendered":"Des formations gratuites pour le milieu associatif grenoblois"},"content":{"rendered":"<p><strong>Plusieurs structures, dont la Maison de la Vie Associative et Citoyenne et Cap Berriat, proposent des formations gratuites destin\u00e9es aux personnes engag\u00e9es dans les diverses associations de la ville.<\/strong><\/p>\n<p>\u00a0<\/p>\n<p>Vous venez de cr\u00e9er une association mais vous ne savez plus trop o\u00f9 donner de la t\u00eate ? Pas toujours \u00e9vident en effet de savoir comment faire vivre et conna\u00eetre votre association.\u00a0<\/p>\n<p>La Maison de la Vie Associative et Citoyenne de Grenoble organise justement de nombreuses formations gratuites pour les personnes impliqu\u00e9es dans les associations grenobloises, afin de \u00ab\u00a0cr\u00e9er de l\u2019interconnaissance entre les associations (\u2026), simplifier l\u2019acc\u00e8s \u00e0 la formation des b\u00e9n\u00e9voles et (\u2026) gagner en comp\u00e9tence ensemble\u00a0\u00bb. Parmi les formations dispens\u00e9es, certaines portent sur le fonctionnement associatif, notamment sur les principes et m\u00e9thodes de gouvernance associative, la prise de d\u00e9cision collective ou encore la responsabilit\u00e9 juridique des dirigeants associatifs b\u00e9n\u00e9voles. D\u2019autres se penchent sur des aspects plus techniques, fiscaux et financiers par exemple, ou donnent des cl\u00e9s pour assurer la visibilit\u00e9 de l\u2019association gr\u00e2ce \u00e0 des plans de communication ma\u00eetris\u00e9s.<\/p>\n<p><a href=\"https:\/\/www.grenoble.fr\/321-formations-proposees-par-la-maison-de-la-vie-associative-et-citoyenne.htm\" target=\"_blank\" rel=\"noopener\">Retrouvez l\u2019ensemble des formations \u2013 avec leurs dates et horaires &#8211; propos\u00e9es par la Maison de la Vie Associative et Citoyenne sur le site de la ville de Grenoble.<\/a><\/p>\n<p>\u00a0<\/p>\n<p>L\u2019association Cap Berriat, qui accompagne la vie associative \u00e0 Grenoble et dans son agglom\u00e9ration depuis plus de 60 ans, propose \u00e9galement des formations et ateliers gratuits \u00ab\u00a0pour permettre aux (\u2026) b\u00e9n\u00e9voles des associations de monter en comp\u00e9tence\u00a0\u00bb. En ce d\u00e9but d\u2019ann\u00e9e, l\u2019accent est mis sur la recherche de financements, avec la bien nomm\u00e9e <a href=\"http:\/\/programme-semaine-de-la-thune_compressed_0.pdf\">\u00ab\u00a0Semaine de la thune\u00a0\u00bb<\/a>\u00a0: clarifier ses besoins financiers, rechercher des subventions publiques et priv\u00e9es, remplir un dossier de subvention\u2026Th\u00e9matiques qui seront abord\u00e9es dans les locaux de Cap Berriat, au Transfo ou \u00e0 la Capsule, du 13 au 17 octobre 2025. Seule obligation\u00a0: <a href=\"https:\/\/linktr.ee\/formationscap\" target=\"_blank\" rel=\"noopener\">s\u2019inscrire en suivant ce lien<\/a>, les formations \u00e9tant limit\u00e9es \u00e0 15 personnes.<\/p>\n<p>Des possibilit\u00e9s existent donc \u00e0 Grenoble et ses environs proches pour assurer une transmission des savoirs et des savoir-faire et ainsi vous permettre de poser les bases ou consolider votre projet associatif \u00e0 moindre co\u00fbt.<\/p>\n<p>\u00a0<\/p>\n<p>\u00a0<\/p>\n","protected":false},"excerpt":{"rendered":"Plusieurs structures, dont la Maison de la Vie Associative et Citoyenne et Cap Berriat, proposent des formations gratuites&hellip;\n","protected":false},"author":2,"featured_media":459342,"comment_status":"","ping_status":"","sticky":false,"template":"","format":"standard","meta":{"footnotes":""},"categories":[9566],"tags":[1111,11,2430,1777,674,1011,27,2731,12,25],"class_list":{"0":"post-459341","1":"post","2":"type-post","3":"status-publish","4":"format-standard","5":"has-post-thumbnail","7":"category-grenoble","8":"tag-actu","9":"tag-actualites","10":"tag-auvergne-rhone-alpes","11":"tag-eu","12":"tag-europe","13":"tag-fr","14":"tag-france","15":"tag-grenoble","16":"tag-news","17":"tag-republique-francaise"},"share_on_mastodon":{"url":"https:\/\/pubeurope.com\/@fr\/115365784144607068","error":""},"_links":{"self":[{"href":"https:\/\/www.europesays.com\/fr\/wp-json\/wp\/v2\/posts\/459341","targetHints":{"allow":["GET"]}}],"collection":[{"href":"https:\/\/www.europesays.com\/fr\/wp-json\/wp\/v2\/posts"}],"about":[{"href":"https:\/\/www.europesays.com\/fr\/wp-json\/wp\/v2\/types\/post"}],"author":[{"embeddable":true,"href":"https:\/\/www.europesays.com\/fr\/wp-json\/wp\/v2\/users\/2"}],"replies":[{"embeddable":true,"href":"https:\/\/www.europesays.com\/fr\/wp-json\/wp\/v2\/comments?post=459341"}],"version-history":[{"count":0,"href":"https:\/\/www.europesays.com\/fr\/wp-json\/wp\/v2\/posts\/459341\/revisions"}],"wp:featuredmedia":[{"embeddable":true,"href":"https:\/\/www.europesays.com\/fr\/wp-json\/wp\/v2\/media\/459342"}],"wp:attachment":[{"href":"https:\/\/www.europesays.com\/fr\/wp-json\/wp\/v2\/media?parent=459341"}],"wp:term":[{"taxonomy":"category","embeddable":true,"href":"https:\/\/www.europesays.com\/fr\/wp-json\/wp\/v2\/categories?post=459341"},{"taxonomy":"post_tag","embeddable":true,"href":"https:\/\/www.europesays.com\/fr\/wp-json\/wp\/v2\/tags?post=459341"}],"curies":[{"name":"wp","href":"https:\/\/api.w.org\/{rel}","templated":true}]}}