{"id":459349,"date":"2025-10-13T07:58:12","date_gmt":"2025-10-13T07:58:12","guid":{"rendered":"https:\/\/www.europesays.com\/fr\/459349\/"},"modified":"2025-10-13T07:58:12","modified_gmt":"2025-10-13T07:58:12","slug":"trois-lignes-perturbees-en-soiree-toute-cette-semaine-voici-le-detail","status":"publish","type":"post","link":"https:\/\/www.europesays.com\/fr\/459349\/","title":{"rendered":"trois lignes perturb\u00e9es en soir\u00e9e toute cette semaine, voici le d\u00e9tail"},"content":{"rendered":"<p>            Par<br \/>\n        <strong><br \/>\n            <a href=\"https:\/\/actu.fr\/auteur\/thomas-blanc\" title=\"Consulter tous les articles de Thomas Blanc\" target=\"_blank\" rel=\"noopener\">Thomas Blanc<\/a><br \/>\n        <\/strong><\/p>\n<p>        Publi\u00e9 le<\/p>\n<p>            13 oct. 2025 \u00e0 9h34        <\/p>\n<p>\u00c0 partir de ce lundi 13\u00a0octobre au soir et jusqu\u2019au vendredi 17\u00a0octobre inclus, les tramways de la <a href=\"https:\/\/actu.fr\/tag\/compagnie-des-transports-strasbourgeois-cts\" target=\"_blank\" rel=\"noopener\">Compagnie des Transports Strasbourgeois (CTS)<\/a> ne circuleront pas sur une partie tr\u00e8s fr\u00e9quent\u00e9e de leur trac\u00e9. <strong>Le d\u00e9sagr\u00e9ment n\u2019aura lieu qu\u2019en\u00a0soir\u00e9e<\/strong>.<\/p>\n<p>Trois lignes de tramway impact\u00e9es \u00e0 Strasbourg<\/p>\n<p class=\" wall-content\">Cela impactera <strong>trois lignes de tramway, la C, la E et la F<\/strong> et ce entre les stations <strong>R\u00e9publique et Esplanade<\/strong>. Inutile donc d\u2019attendre le tramway aux arr\u00eats <strong>Gallia, Universit\u00e9 et Observatoire apr\u00e8s 21h<\/strong> entre lundi et vendredi, ces arr\u00eats ne seront pas desservis.<\/p>\n<p class=\" wall-content\">Des bus de remplacement seront mis en place mais la CTS pr\u00e9vient ses usagers\u2009: \u00ab<strong>\u2009En raison de l\u2019emprise chantier<\/strong> autour des stations Gallia et Universit\u00e9 (Boulevard de la Victoire), l\u2019itin\u00e9raire des bus de remplacement est modifi\u00e9 et ne permet pas de desservir les arr\u00eats habituels situ\u00e9s \u00e0 proximit\u00e9 des stations.\u2009\u00bb<\/p>\n<p>Retour \u00e0 la normale samedi<\/p>\n<p class=\" wall-content\">Pour la station Gallia et Universit\u00e9 en direction d\u2019Esplanade, il faudra prendre le bus de remplacement \u00e0 <strong>l\u2019arr\u00eat Brant Universit\u00e9<\/strong>, situ\u00e9 place de l\u2019Universit\u00e9, des lignes de bus C6- 10- 15- 30 et 72.<\/p>\n<p class=\" wall-content\">Pour la station Observatoire en direction d\u2019Esplanade, ce sera le bus de remplacement boulevard Leblois, <strong>\u00e0 l\u2019arr\u00eat Observatoire<\/strong> de la ligne C1 qu\u2019il faudra emprunter.<\/p>\n<p class=\" wall-content\">Le retour \u00e0 la normale <strong>est pr\u00e9vu pour le samedi 18\u00a0octobre<\/strong>.<\/p>\n<p class=\" wall-content\">Personnalisez votre actualit\u00e9 en ajoutant vos villes et m\u00e9dias en favori avec <a href=\"https:\/\/moncompte.actu.fr\" title=\"D\u00e9couvez Mon Actu\" rel=\"nofollow noopener\" data-trk=\"{&quot;cta&quot;:{&quot;action&quot;:&quot;https:\\\/\\\/moncompte.actu.fr&quot;,&quot;category&quot;:&quot;mon compte&quot;,&quot;from&quot;:&quot;article footer&quot;,&quot;name&quot;:&quot;Mon actu&quot;,&quot;type&quot;:&quot;cta&quot;}}\" target=\"_blank\">Mon Actu<\/a>.<\/p>\n","protected":false},"excerpt":{"rendered":"Par Thomas Blanc Publi\u00e9 le 13 oct. 2025 \u00e0 9h34 \u00c0 partir de ce lundi 13\u00a0octobre au soir&hellip;\n","protected":false},"author":2,"featured_media":459350,"comment_status":"","ping_status":"","sticky":false,"template":"","format":"standard","meta":{"footnotes":""},"categories":[2820],"tags":[1111,11,7344,1777,674,1011,27,775,12,25,104,640,2803],"class_list":{"0":"post-459349","1":"post","2":"type-post","3":"status-publish","4":"format-standard","5":"has-post-thumbnail","7":"category-strasbourg","8":"tag-actu","9":"tag-actualites","10":"tag-compagnie-des-transports-strasbourgeois-cts","11":"tag-eu","12":"tag-europe","13":"tag-fr","14":"tag-france","15":"tag-grand-est","16":"tag-news","17":"tag-republique-francaise","18":"tag-societe","19":"tag-strasbourg","20":"tag-transport"},"share_on_mastodon":{"url":"https:\/\/pubeurope.com\/@fr\/115365799775313890","error":""},"_links":{"self":[{"href":"https:\/\/www.europesays.com\/fr\/wp-json\/wp\/v2\/posts\/459349","targetHints":{"allow":["GET"]}}],"collection":[{"href":"https:\/\/www.europesays.com\/fr\/wp-json\/wp\/v2\/posts"}],"about":[{"href":"https:\/\/www.europesays.com\/fr\/wp-json\/wp\/v2\/types\/post"}],"author":[{"embeddable":true,"href":"https:\/\/www.europesays.com\/fr\/wp-json\/wp\/v2\/users\/2"}],"replies":[{"embeddable":true,"href":"https:\/\/www.europesays.com\/fr\/wp-json\/wp\/v2\/comments?post=459349"}],"version-history":[{"count":0,"href":"https:\/\/www.europesays.com\/fr\/wp-json\/wp\/v2\/posts\/459349\/revisions"}],"wp:featuredmedia":[{"embeddable":true,"href":"https:\/\/www.europesays.com\/fr\/wp-json\/wp\/v2\/media\/459350"}],"wp:attachment":[{"href":"https:\/\/www.europesays.com\/fr\/wp-json\/wp\/v2\/media?parent=459349"}],"wp:term":[{"taxonomy":"category","embeddable":true,"href":"https:\/\/www.europesays.com\/fr\/wp-json\/wp\/v2\/categories?post=459349"},{"taxonomy":"post_tag","embeddable":true,"href":"https:\/\/www.europesays.com\/fr\/wp-json\/wp\/v2\/tags?post=459349"}],"curies":[{"name":"wp","href":"https:\/\/api.w.org\/{rel}","templated":true}]}}