{"id":459357,"date":"2025-10-13T08:04:29","date_gmt":"2025-10-13T08:04:29","guid":{"rendered":"https:\/\/www.europesays.com\/fr\/459357\/"},"modified":"2025-10-13T08:04:29","modified_gmt":"2025-10-13T08:04:29","slug":"une-nouvelle-enseigne-de-decoration-et-didees-cadeaux-ouvre-dans-cette-galerie-commerciale-a","status":"publish","type":"post","link":"https:\/\/www.europesays.com\/fr\/459357\/","title":{"rendered":"Une nouvelle enseigne de d\u00e9coration et d\u2019id\u00e9es cadeaux ouvre dans cette galerie commerciale \u00e0"},"content":{"rendered":"<p>Kraft, enseigne fran\u00e7aise ind\u00e9pendante sp\u00e9cialis\u00e9e<a href=\"https:\/\/kraftdeco.com\/\" target=\"_self\" rel=\"noopener\"> dans la d\u00e9coration, les id\u00e9es cadeaux et le mobilier accessible,<\/a> poursuit son d\u00e9veloppement national. \u00a0Apr\u00e8s une premi\u00e8re boutique install\u00e9e en plein centre-ville de Nantes, la marque ouvre un second point de vente en version \u00e9ph\u00e9m\u00e8re au c\u0153ur du centre commercial<a href=\"https:\/\/nantes.maville.com\/actu\/actudet_--primark-a-servi-d-impulsion-de-nouvelles-enseignes-attendues-dans-la-galerie-beaulieu-a-nantes-_8-6789818_actu.Htm\" target=\"_self\" rel=\"noopener\"> Beaulieu<\/a>. Cette nouvelle adresse accueillera le public \u00e0 partir du samedi 18\u00a0octobre 2025\u00a0\u00bb, selon la direction de Kraft.<\/p>\n<p>\u00ab\u00a0Un second espace inspirant \u00e0 Nantes\u00a0\u00bb<\/p>\n<p>Les visiteurs y d\u00e9couvriront r\u00e9guli\u00e8rement \u00a0des nouveaut\u00e9s, des objets originaux et des p\u00e9pites d\u00e9co \u00e0 prix abordables, le tout port\u00e9 par une \u00e9quipe passionn\u00e9e pr\u00eate \u00e0 partager conseils et inspirations pour embellir chaque int\u00e9rieur\u00a0\u00bb.<\/p>\n<p>D\u00e9j\u00e0 pr\u00e9sente en centre-ville de Nantes avec une premi\u00e8re boutique permanente, la marque confirme\u00a0son ancrage local avec ce second point de vente \u00e9ph\u00e9m\u00e8re, pens\u00e9 pour aller \u00e0 la rencontre d\u2019un public plus large\u00a0\u00bb.<\/p>\n<p>D\u00e9coration, mobilier, art de vivre, cadeaux\u00a0: c\u2019est le c\u0153ur de cible de Kraft, une enseigne qui compte une dizaine de points de vente en France.<\/p>\n<p>Beaulieu<\/p>\n<p>Pour rappel, le centre commercial <a href=\"https:\/\/beaulieu.klepierre.fr\/boutiques\" target=\"_self\" rel=\"noopener\">Beaulieu<\/a> \u00e0 Nantes compte de nombreuses boutiques, en plus d\u2019un hypermarch\u00e9. Les enseignes sont ouvertes du lundi au samedi, de 9h30 \u00e0 20h. Avec 6,3 millions de visiteurs en 2024, la galerie commerciale Beaulieu a pr\u00e9par\u00e9 son cinquanti\u00e8me anniversaire en mai 2025.<\/p>\n<p>\u00a0<\/p>\n","protected":false},"excerpt":{"rendered":"Kraft, enseigne fran\u00e7aise ind\u00e9pendante sp\u00e9cialis\u00e9e dans la d\u00e9coration, les id\u00e9es cadeaux et le mobilier accessible, poursuit son d\u00e9veloppement&hellip;\n","protected":false},"author":2,"featured_media":459358,"comment_status":"","ping_status":"","sticky":false,"template":"","format":"standard","meta":{"footnotes":""},"categories":[2818],"tags":[1111,11,18807,18975,4397,8762,1777,674,1011,27,10486,3246,766,12,2043,10102,2636,25],"class_list":{"0":"post-459357","1":"post","2":"type-post","3":"status-publish","4":"format-standard","5":"has-post-thumbnail","7":"category-nantes","8":"tag-actu","9":"tag-actualites","10":"tag-cadeaux","11":"tag-commerciale","12":"tag-decoration","13":"tag-enseigne","14":"tag-eu","15":"tag-europe","16":"tag-fr","17":"tag-france","18":"tag-galerie","19":"tag-idees","20":"tag-nantes","21":"tag-news","22":"tag-nouvelle","23":"tag-ouvre","24":"tag-pays-de-la-loire","25":"tag-republique-francaise"},"share_on_mastodon":{"url":"https:\/\/pubeurope.com\/@fr\/115365823435748096","error":""},"_links":{"self":[{"href":"https:\/\/www.europesays.com\/fr\/wp-json\/wp\/v2\/posts\/459357","targetHints":{"allow":["GET"]}}],"collection":[{"href":"https:\/\/www.europesays.com\/fr\/wp-json\/wp\/v2\/posts"}],"about":[{"href":"https:\/\/www.europesays.com\/fr\/wp-json\/wp\/v2\/types\/post"}],"author":[{"embeddable":true,"href":"https:\/\/www.europesays.com\/fr\/wp-json\/wp\/v2\/users\/2"}],"replies":[{"embeddable":true,"href":"https:\/\/www.europesays.com\/fr\/wp-json\/wp\/v2\/comments?post=459357"}],"version-history":[{"count":0,"href":"https:\/\/www.europesays.com\/fr\/wp-json\/wp\/v2\/posts\/459357\/revisions"}],"wp:featuredmedia":[{"embeddable":true,"href":"https:\/\/www.europesays.com\/fr\/wp-json\/wp\/v2\/media\/459358"}],"wp:attachment":[{"href":"https:\/\/www.europesays.com\/fr\/wp-json\/wp\/v2\/media?parent=459357"}],"wp:term":[{"taxonomy":"category","embeddable":true,"href":"https:\/\/www.europesays.com\/fr\/wp-json\/wp\/v2\/categories?post=459357"},{"taxonomy":"post_tag","embeddable":true,"href":"https:\/\/www.europesays.com\/fr\/wp-json\/wp\/v2\/tags?post=459357"}],"curies":[{"name":"wp","href":"https:\/\/api.w.org\/{rel}","templated":true}]}}