{"id":459359,"date":"2025-10-13T08:05:29","date_gmt":"2025-10-13T08:05:29","guid":{"rendered":"https:\/\/www.europesays.com\/fr\/459359\/"},"modified":"2025-10-13T08:05:29","modified_gmt":"2025-10-13T08:05:29","slug":"previsions-du-lundi-13-octobre-2025-17","status":"publish","type":"post","link":"https:\/\/www.europesays.com\/fr\/459359\/","title":{"rendered":"pr\u00e9visions du lundi 13 octobre 2025"},"content":{"rendered":"<p class=\"mb-4 text-lg md:leading-8 break-words\"><strong>M\u00e9t\u00e9o &#8211; Cette journ\u00e9e rimera avec grand soleil. Les temp\u00e9ratures seront de 14\u00b0C le matin et de 21\u00b0C l&rsquo;apr\u00e8s-midi&#8230;<\/strong><\/p>\n<p class=\"mb-4 text-lg md:leading-8 break-words\">La journ\u00e9e qui s&rsquo;annonce \u00e0 Nantes, promet d&rsquo;\u00eatre superbe et ensoleill\u00e9e ! Les valeurs s&rsquo;\u00e9chelonneront entre 10 et 22\u00b0C. Un vent de nord-est est attendu : il soufflera \u00e0 20 km\/h. L&rsquo;air ambiant va se r\u00e9chauffer l&rsquo;apr\u00e8s-midi avec une hausse de plusieurs degr\u00e9s. Les maximales iront jusqu&rsquo;\u00e0 22\u00b0C tandis que les minimales seront de 19\u00b0C. Le ciel va quelque peu se d\u00e9gager dans la soir\u00e9e avec des \u00e9claircies. Les temp\u00e9ratures tourneront autour des 16\u00b0C. Pendant que vous dormirez, dans la nuit de lundi \u00e0 mardi, le ciel sera clair.<\/p>\n<p class=\"mb-4 text-lg md:leading-8 break-words\">C&rsquo;est un soleil magnifique qui va se montrer demain sur Nantes. C&rsquo;est une hausse de quelques degr\u00e9s que vont enregistrer les temp\u00e9ratures. Ces valeurs afficheront entre 12 et 22\u00b0C. La ville sera touch\u00e9e par un vent de nord-est de 21 km\/h. Le matin, on anticipe des valeurs d&rsquo;environ 15\u00b0C. Les temp\u00e9ratures vont conna\u00eetre une augmentation de plusieurs degr\u00e9s durant l&rsquo;apr\u00e8s-midi. Les valeurs seront comprises entre 19\u00b0C et 22\u00b0C. La ville aura quelques \u00e9claircies demain soir. Il fera en moyenne 16\u00b0C.<\/p>\n<p class=\"mb-4 text-lg md:leading-8 break-words\">Pour la suite, le temps ne bougera pas. Une m\u00e9t\u00e9o ensoleill\u00e9e, avec des temp\u00e9ratures de 15\u00b0C environ, est pr\u00e9vue.<\/p>\n<p class=\"mb-4 text-lg md:leading-8 break-words\"><a href=\"https:\/\/www.20minutes.fr\/planete\/previsions-meteo\/4178788-20251013-meteo-nantes-previsions-lundi-13-octobre-2025?at_medium=RSS%20feed&amp;at_campaign=ynews&amp;utm_source=yahoo&amp;utm_medium=rss&amp;utm_campaign=news_feed&amp;utm_content=read_more_link&quot;\" rel=\"nofollow noopener\" target=\"_blank\" data-ylk=\"slk:Lire la suite sur 20minutes;elm:context_link;itc:0;sec:content-canvas\" class=\"link \">Lire la suite sur 20minutes<\/a><\/p>\n","protected":false},"excerpt":{"rendered":"M\u00e9t\u00e9o &#8211; Cette journ\u00e9e rimera avec grand soleil. Les temp\u00e9ratures seront de 14\u00b0C le matin et de 21\u00b0C&hellip;\n","protected":false},"author":2,"featured_media":459360,"comment_status":"","ping_status":"","sticky":false,"template":"","format":"standard","meta":{"footnotes":""},"categories":[2818],"tags":[1111,11,1777,674,1011,27,29508,44166,2487,766,12,2636,25],"class_list":{"0":"post-459359","1":"post","2":"type-post","3":"status-publish","4":"format-standard","5":"has-post-thumbnail","7":"category-nantes","8":"tag-actu","9":"tag-actualites","10":"tag-eu","11":"tag-europe","12":"tag-fr","13":"tag-france","14":"tag-le-ciel","15":"tag-le-matin","16":"tag-meteo","17":"tag-nantes","18":"tag-news","19":"tag-pays-de-la-loire","20":"tag-republique-francaise"},"share_on_mastodon":{"url":"https:\/\/pubeurope.com\/@fr\/115365827330830570","error":""},"_links":{"self":[{"href":"https:\/\/www.europesays.com\/fr\/wp-json\/wp\/v2\/posts\/459359","targetHints":{"allow":["GET"]}}],"collection":[{"href":"https:\/\/www.europesays.com\/fr\/wp-json\/wp\/v2\/posts"}],"about":[{"href":"https:\/\/www.europesays.com\/fr\/wp-json\/wp\/v2\/types\/post"}],"author":[{"embeddable":true,"href":"https:\/\/www.europesays.com\/fr\/wp-json\/wp\/v2\/users\/2"}],"replies":[{"embeddable":true,"href":"https:\/\/www.europesays.com\/fr\/wp-json\/wp\/v2\/comments?post=459359"}],"version-history":[{"count":0,"href":"https:\/\/www.europesays.com\/fr\/wp-json\/wp\/v2\/posts\/459359\/revisions"}],"wp:featuredmedia":[{"embeddable":true,"href":"https:\/\/www.europesays.com\/fr\/wp-json\/wp\/v2\/media\/459360"}],"wp:attachment":[{"href":"https:\/\/www.europesays.com\/fr\/wp-json\/wp\/v2\/media?parent=459359"}],"wp:term":[{"taxonomy":"category","embeddable":true,"href":"https:\/\/www.europesays.com\/fr\/wp-json\/wp\/v2\/categories?post=459359"},{"taxonomy":"post_tag","embeddable":true,"href":"https:\/\/www.europesays.com\/fr\/wp-json\/wp\/v2\/tags?post=459359"}],"curies":[{"name":"wp","href":"https:\/\/api.w.org\/{rel}","templated":true}]}}