{"id":459363,"date":"2025-10-13T08:07:10","date_gmt":"2025-10-13T08:07:10","guid":{"rendered":"https:\/\/www.europesays.com\/fr\/459363\/"},"modified":"2025-10-13T08:07:10","modified_gmt":"2025-10-13T08:07:10","slug":"une-adolescente-meurt-apres-une-collision-avec-un-tramway-a-bordeaux","status":"publish","type":"post","link":"https:\/\/www.europesays.com\/fr\/459363\/","title":{"rendered":"Une adolescente meurt apr\u00e8s une collision avec un tramway \u00e0 Bordeaux"},"content":{"rendered":"\n<p>Une <strong>adolescente de 16 ans<\/strong> est d\u00e9c\u00e9d\u00e9e apr\u00e8s avoir \u00e9t\u00e9 <strong>percut\u00e9e par un tramway<\/strong> cette nuit \u00e0 Bordeaux en Gironde. L&rsquo;accident s&rsquo;est produit aux alentours de <strong>00h40 quai Richelieu<\/strong>.<\/p>\n<p>La <strong>ligne C<\/strong> a \u00e9t\u00e9 temporairement interrompue dans les deux sens, le temps que <strong>les secours interviennent<\/strong>. L&rsquo;adolescente a \u00e9t\u00e9 d\u00e9clar\u00e9e d\u00e9c\u00e9d\u00e9e sur place.<\/p>\n<p>Deux autres personnes ont \u00e9t\u00e9 transport\u00e9es \u00e0 l&rsquo;<strong>h\u00f4pital Pellegin<\/strong> : une <strong>autre jeune fille<\/strong> qui accompagnait la victime ainsi que le <strong>conducteur du tramway de 24 ans<\/strong>, en \u00e9tat de choc.<\/p>\n","protected":false},"excerpt":{"rendered":"Une adolescente de 16 ans est d\u00e9c\u00e9d\u00e9e apr\u00e8s avoir \u00e9t\u00e9 percut\u00e9e par un tramway cette nuit \u00e0 Bordeaux&hellip;\n","protected":false},"author":2,"featured_media":459364,"comment_status":"","ping_status":"","sticky":false,"template":"","format":"standard","meta":{"footnotes":""},"categories":[2817],"tags":[119,1111,11,13008,1997,4504,1777,674,6017,1011,27,2905,100,58417,12,2219,58416,25,4109,9418],"class_list":{"0":"post-459363","1":"post","2":"type-post","3":"status-publish","4":"format-standard","5":"has-post-thumbnail","7":"category-bordeaux","8":"tag-accident","9":"tag-actu","10":"tag-actualites","11":"tag-adolescente","12":"tag-bordeaux","13":"tag-collision","14":"tag-eu","15":"tag-europe","16":"tag-fait-divers","17":"tag-fr","18":"tag-france","19":"tag-gironde","20":"tag-hopital","21":"tag-ligne-c","22":"tag-news","23":"tag-nouvelle-aquitaine","24":"tag-quai-richelieu","25":"tag-republique-francaise","26":"tag-tramway","27":"tag-victime"},"share_on_mastodon":{"url":"https:\/\/pubeurope.com\/@fr\/115365835309271925","error":""},"_links":{"self":[{"href":"https:\/\/www.europesays.com\/fr\/wp-json\/wp\/v2\/posts\/459363","targetHints":{"allow":["GET"]}}],"collection":[{"href":"https:\/\/www.europesays.com\/fr\/wp-json\/wp\/v2\/posts"}],"about":[{"href":"https:\/\/www.europesays.com\/fr\/wp-json\/wp\/v2\/types\/post"}],"author":[{"embeddable":true,"href":"https:\/\/www.europesays.com\/fr\/wp-json\/wp\/v2\/users\/2"}],"replies":[{"embeddable":true,"href":"https:\/\/www.europesays.com\/fr\/wp-json\/wp\/v2\/comments?post=459363"}],"version-history":[{"count":0,"href":"https:\/\/www.europesays.com\/fr\/wp-json\/wp\/v2\/posts\/459363\/revisions"}],"wp:featuredmedia":[{"embeddable":true,"href":"https:\/\/www.europesays.com\/fr\/wp-json\/wp\/v2\/media\/459364"}],"wp:attachment":[{"href":"https:\/\/www.europesays.com\/fr\/wp-json\/wp\/v2\/media?parent=459363"}],"wp:term":[{"taxonomy":"category","embeddable":true,"href":"https:\/\/www.europesays.com\/fr\/wp-json\/wp\/v2\/categories?post=459363"},{"taxonomy":"post_tag","embeddable":true,"href":"https:\/\/www.europesays.com\/fr\/wp-json\/wp\/v2\/tags?post=459363"}],"curies":[{"name":"wp","href":"https:\/\/api.w.org\/{rel}","templated":true}]}}