{"id":459371,"date":"2025-10-13T08:12:18","date_gmt":"2025-10-13T08:12:18","guid":{"rendered":"https:\/\/www.europesays.com\/fr\/459371\/"},"modified":"2025-10-13T08:12:18","modified_gmt":"2025-10-13T08:12:18","slug":"wc-loc-mediterranee-rachete-wc-sud-et-se-renforce-a-marseille","status":"publish","type":"post","link":"https:\/\/www.europesays.com\/fr\/459371\/","title":{"rendered":"WC Loc M\u00e9diterran\u00e9e rach\u00e8te WC+ Sud et se renforce \u00e0 Marseille"},"content":{"rendered":"<p>                    <img loading=\"lazy\" decoding=\"async\" src=\"https:\/\/www.europesays.com\/fr\/wp-content\/uploads\/2025\/10\/3d6cd2da5eacd8b3e108295fa7e4d9.jpg\" class=\"img-responsive post-image\" width=\"680\" height=\"510\" alt=\"WC Loc M\u00e9diterran\u00e9e (\u2026)\" title=\"WC Loc M\u00e9diterran\u00e9e rach\u00e8te WC+ Sud et se renforce \u00e0 Marseille\"\/><\/p>\n<p class=\"chapo\">Permettre l\u2019acc\u00e8s \u00e0 l\u2019hygi\u00e8ne partout et pour tous, c\u2019est l\u2019engagement que porte WC Loc, expert de l\u2019hygi\u00e8ne mobile.<\/p>\n<p>Avec un maillage de plus de 50 d\u00e9p\u00f4ts r\u00e9partis sur l\u2019ensemble du territoire, dont 5 en M\u00e9diterran\u00e9e, l\u2019entreprise s\u2019affirme comme un acteur incontournable des secteurs du chantier, de l\u2019\u00e9v\u00e9nementiel et des collectivit\u00e9s. En M\u00e9diterran\u00e9e, WC Loc s\u2019appuie aujourd\u2019hui sur un chiffre d\u2019affaires de plus de 4 millions d\u2019\u20ac, un parc de plus de 1 000 \u00e9quipements et une \u00e9quipe de 19 collaborateurs mobilis\u00e9s chaque jour pour r\u00e9pondre aux besoins des acteurs locaux. Le rapprochement entre WC+ Sud et WC Loc M\u00e9diterran\u00e9e s\u2019inscrit dans une dynamique de croissance et repose sur des valeurs communes\u00a0: satisfaction client, \u00e9coute et confiance.<\/p>\n<p>De nouveaux services <\/p>\n<p>Les clients b\u00e9n\u00e9ficient de nouveaux services\u00a0:<br \/>\n<br \/><b>\u2013<\/b>\u00a0Suivi des interventions en temps r\u00e9el via SMS,<br \/>\n<br \/><b>\u2013<\/b>\u00a0Espace client digital pour simplifier commandes et prestations,<br \/>\n<br \/><b>\u2013<\/b>\u00a0Acc\u00e8s \u00e0 une gamme \u00e9largie incluant toilettes s\u00e8ches, cabines confort, cabines femmes et roulottes de chantier.<\/p>\n<p>Cette int\u00e9gration garantit une continuit\u00e9 de service tout en enrichissant l\u2019offre r\u00e9gionale.<br class=\"autobr\"\/><br \/>\nDepuis plus de 30 ans, la soci\u00e9t\u00e9 d\u00e9fend un m\u00eame mot d\u2019ordre\u00a0: garantir l\u2019acc\u00e8s \u00e0 l\u2019hygi\u00e8ne pour tous. En M\u00e9diterran\u00e9e, l\u2019entreprise a progressivement consolid\u00e9 son implantation avec l\u2019acquisition d\u2019Axe Environnement et donc la cr\u00e9ation de la r\u00e9gion WC Loc M\u00e9diterran\u00e9e, l\u2019ouverture des d\u00e9p\u00f4ts de Gap, Rognac et Nice, le lancement de Happee Services PACA \u2013 sp\u00e9cialis\u00e9 dans les grands \u00e9v\u00e9nements premium \u2013 et d\u00e9sormais l\u2019int\u00e9gration de WC+ Sud.<br class=\"autobr\"\/><br \/>\nPreuve de son expertise, WC Loc M\u00e9diterran\u00e9e a accompagn\u00e9 des manifestations locales d\u2019envergure telles que La Fiesta des Suds, du 9 au 12 octobre \u00e0 Marseille.<\/p>\n<p>Photo de Une\u00a0: \u00a9WC Loc M\u00e9diterran\u00e9e<\/p>\n","protected":false},"excerpt":{"rendered":"Permettre l\u2019acc\u00e8s \u00e0 l\u2019hygi\u00e8ne partout et pour tous, c\u2019est l\u2019engagement que porte WC Loc, expert de l\u2019hygi\u00e8ne mobile.&hellip;\n","protected":false},"author":2,"featured_media":459372,"comment_status":"","ping_status":"","sticky":false,"template":"","format":"standard","meta":{"footnotes":""},"categories":[2814],"tags":[1111,11,2408,1777,674,1011,27,884,12,882,25],"class_list":{"0":"post-459371","1":"post","2":"type-post","3":"status-publish","4":"format-standard","5":"has-post-thumbnail","7":"category-marseille","8":"tag-actu","9":"tag-actualites","10":"tag-appels-d","11":"tag-eu","12":"tag-europe","13":"tag-fr","14":"tag-france","15":"tag-marseille","16":"tag-news","17":"tag-provence-alpes-cote-dazur","18":"tag-republique-francaise"},"share_on_mastodon":{"url":"https:\/\/pubeurope.com\/@fr\/115365854951553778","error":""},"_links":{"self":[{"href":"https:\/\/www.europesays.com\/fr\/wp-json\/wp\/v2\/posts\/459371","targetHints":{"allow":["GET"]}}],"collection":[{"href":"https:\/\/www.europesays.com\/fr\/wp-json\/wp\/v2\/posts"}],"about":[{"href":"https:\/\/www.europesays.com\/fr\/wp-json\/wp\/v2\/types\/post"}],"author":[{"embeddable":true,"href":"https:\/\/www.europesays.com\/fr\/wp-json\/wp\/v2\/users\/2"}],"replies":[{"embeddable":true,"href":"https:\/\/www.europesays.com\/fr\/wp-json\/wp\/v2\/comments?post=459371"}],"version-history":[{"count":0,"href":"https:\/\/www.europesays.com\/fr\/wp-json\/wp\/v2\/posts\/459371\/revisions"}],"wp:featuredmedia":[{"embeddable":true,"href":"https:\/\/www.europesays.com\/fr\/wp-json\/wp\/v2\/media\/459372"}],"wp:attachment":[{"href":"https:\/\/www.europesays.com\/fr\/wp-json\/wp\/v2\/media?parent=459371"}],"wp:term":[{"taxonomy":"category","embeddable":true,"href":"https:\/\/www.europesays.com\/fr\/wp-json\/wp\/v2\/categories?post=459371"},{"taxonomy":"post_tag","embeddable":true,"href":"https:\/\/www.europesays.com\/fr\/wp-json\/wp\/v2\/tags?post=459371"}],"curies":[{"name":"wp","href":"https:\/\/api.w.org\/{rel}","templated":true}]}}