{"id":459379,"date":"2025-10-13T08:17:22","date_gmt":"2025-10-13T08:17:22","guid":{"rendered":"https:\/\/www.europesays.com\/fr\/459379\/"},"modified":"2025-10-13T08:17:22","modified_gmt":"2025-10-13T08:17:22","slug":"si-vous-habitez-dans-lun-de-ces-5-departements-vous-allez-recevoir-une-alerte-sonore-sur-votre-portable","status":"publish","type":"post","link":"https:\/\/www.europesays.com\/fr\/459379\/","title":{"rendered":"Si vous habitez dans l&rsquo;un de ces 5 d\u00e9partements, vous allez recevoir une alerte sonore sur votre portable !"},"content":{"rendered":"<p>Ne soyez pas surpris, votre t\u00e9l\u00e9phone risque de sonner cette semaine. <strong>Du 13 au 15 octobre 2025<\/strong>, <strong>des milliers de <\/strong><a href=\"https:\/\/www.femmeactuelle.fr\/actu\/news-actu\/ete-2024-rester-ou-partir-les-franciliens-ont-deja-fait-leur-choix-pour-faire-des-economies-et-eviter-la-foule-2172119\" target=\"_blank\" rel=\"noopener\"><strong>Franciliens<\/strong><\/a> vont recevoir <strong>une notification sonore du dispositif FR-Alert<\/strong>, test\u00e9 pour la premi\u00e8re fois dans la r\u00e9gion. Ce syst\u00e8me national d&rsquo;alerte transmettra trois notifications, dont les deux premi\u00e8res seront \u00e9galement sonores, <strong>sur <\/strong><a href=\"https:\/\/www.femmeactuelle.fr\/vie-pratique\/high-tech\/ce-nouvel-objet-connecte-va-t-il-bientot-remplacer-nos-smartphones-c-est-en-tout-cas-ce-que-pense-le-patron-de-facebook-2186523\" target=\"_blank\" rel=\"noopener\"><strong>les smartphones<\/strong><\/a><strong> d\u00e9tect\u00e9s dans la zone de danger simul\u00e9, <\/strong>y compris ceux en mode silencieux. <strong>Les personnes notifi\u00e9es seront averties qu&rsquo;il s&rsquo;agit d&rsquo;un exercice et qu&rsquo;aucune action n&rsquo;est n\u00e9cessaire<\/strong>. La troisi\u00e8me alerte sera accompagn\u00e9e d&rsquo;un message pr\u00e9cisant que l&rsquo;alerte est termin\u00e9e.<\/p>\n<p>Cette exp\u00e9rience s&rsquo;inscrit dans l&rsquo;exercice HYDROS 25, <strong>une simulation de crue g\u00e9ante en <\/strong><a href=\"https:\/\/www.femmeactuelle.fr\/actu\/news-actu\/miss-france-2026-qui-est-mareva-michel-elue-miss-ile-de-france-et-qui-compte-deja-parmi-les-favorites-2198747\" target=\"_blank\" rel=\"noopener\"><strong>\u00cele-de-France<\/strong><\/a>. \u00ab\u00a0En cas de crue centennale en \u00cele-de-France, plus de 630.000 personnes se trouveraient en zone inondable et pr\u00e8s d\u2019un million en zone de fragilit\u00e9, explique le communiqu\u00e9 de presse. Ces derni\u00e8res subiraient des coupures d\u2019\u00e9lectricit\u00e9, de chauffage urbain, d\u2019eau potable ou de t\u00e9l\u00e9communications\u00a0\u00bb.<\/p>\n<p>Cinq d\u00e9partements d&rsquo;\u00cele-de-France sont cibl\u00e9s pour ce test<\/p>\n<p>La <strong>Seine-et-Marne (77)<\/strong> et les habitants de la petite ville de <strong>La Fert\u00e9-Gaucher<\/strong> sont les premier concern\u00e9s <strong>ce lundi 13 octobre 2025 entre 10 h 30 et 12 h 30<\/strong>. <strong>Mercredi 15 octobre 2025<\/strong>, ce sont les personnes pr\u00e9sentes dans les communes d\u2019<strong>Athis-Mons, Juvisy-sur-Orge, Vigneux-sur-Seine et Viry-Ch\u00e2tillon<\/strong> en <strong>Essonne (91)<\/strong> qui seront alert\u00e9es <strong>entre 10 heures et 11 heures. <\/strong>Puis<strong>, entre 11 h 30 et 14 heures<\/strong>, ce sera au tour de la <strong>Seine-Saint-Denis (95)<\/strong> et plus pr\u00e9cis\u00e9ment \u00e0 <strong>Saint-Denis, Saint-Ouen, L\u2019\u00cele-Saint-Denis, Neuilly-sur-Marne, Gournay-sur-Marne et Noisy-le-Grand <\/strong>que les portables sonneront. En parall\u00e8le, <strong>\u00e0 la m\u00eame heure,<\/strong> dans le <strong>Val-de-Marne (94), <\/strong>\u00e0 <strong>Alfortville, Ivry-sur-Seine, Nogent-sur-Marne, Saint-Maur-des-Foss\u00e9s, Joinville-le-Pont, Cr\u00e9teil et Orly<\/strong>, les r\u00e9sidents recevront \u00e9galement les notifications. Enfin, le syst\u00e8me sera \u00e9galement test\u00e9 dans <strong>le quartier Beaugrenelle du XVe arrondissement \u00e0 Paris (75) entre 13 heures et 13 h 30<\/strong>.<\/p>\n<p>La marque du t\u00e9l\u00e9phone, l&rsquo;op\u00e9rateur et la localisation peuvent cependant influer sur le d\u00e9lai de r\u00e9ception du signal sonore. Un questionnaire sera envoy\u00e9 aux personnes recevant l&rsquo;alerte pour am\u00e9liorer ce dispositif. L&rsquo;objectif de ce test grandeur nature est de v\u00e9rifier <strong>le bon fonctionnement de l&rsquo;outil FR-Alert<\/strong> \u00e0 l&rsquo;\u00e9chelle d\u00e9partementale. Il s&rsquo;inscrit dans une op\u00e9ration de grande envergure pour pr\u00e9venir <strong>les possibles \u00e9pisodes de crues li\u00e9s au d\u00e9r\u00e8glement climatique<\/strong>.<\/p>\n<p><strong>Ce qu&rsquo;il faut retenir<\/strong><\/p>\n<ul>\n<li><strong>Du lundi 13 au mercredi 15 octobre 2025, <\/strong>les personnes situ\u00e9es dans<strong> cinq d\u00e9partements <\/strong>recevront<strong> une alerte <\/strong>compos\u00e9e de deux de notifications sonores et d&rsquo;un message de fin d&rsquo;alerte.<\/li>\n<li>Des communes situ\u00e9es en <strong>Seine-et-Marne (77), Seine-Saint-Denis (95), Essonne, Val-de-Marne (95) <\/strong>et un quartier de<strong> Paris (75) <\/strong>seront concern\u00e9es.<\/li>\n<li><strong>Le dispositif ne n\u00e9cessite aucune action<\/strong>, ce qui est pr\u00e9cis\u00e9 lors des messages d&rsquo;alerte.<\/li>\n<\/ul>\n<p>Sources :<\/p>\n<p><a href=\"https:\/\/www.leparisien.fr\/paris-75\/pourquoi-les-portables-de-milliers-de-franciliens-sonneront-du-13-au-17-octobre-13-10-2025-6VJWOIISMFFZXMVJAK3ZWOETVQ.php\" rel=\"nofollow noopener\" target=\"_blank\">Le Parisien<\/a>, 13\/10\/25 : Pourquoi les portables de milliers de Franciliens vont sonner \u00e0 partir de ce lundi<\/p>\n<p><a href=\"https:\/\/www.seine-et-marne.gouv.fr\/Actualites\/Information-Exercice-Securite-Civile\/HYDROS-25-simulation-d-une-crue-centennale-du-13-au-17-octobre-en-Ile-de-France\" rel=\"nofollow noopener\" target=\"_blank\">Site gouvernementale de la Seine-et-Marne<\/a>, 09\/10\/25 : Risque inondation : HYDROS 25, un exercice pour pr\u00e9parer l\u2019\u00cele-de-France aux crues centennales<\/p>\n","protected":false},"excerpt":{"rendered":"Ne soyez pas surpris, votre t\u00e9l\u00e9phone risque de sonner cette semaine. Du 13 au 15 octobre 2025, des&hellip;\n","protected":false},"author":2,"featured_media":459380,"comment_status":"","ping_status":"","sticky":false,"template":"","format":"standard","meta":{"footnotes":""},"categories":[1592],"tags":[1111,11,44217,1777,674,1011,27,662,4458,12,626,4459,25],"class_list":{"0":"post-459379","1":"post","2":"type-post","3":"status-publish","4":"format-standard","5":"has-post-thumbnail","7":"category-ile-de-france","8":"tag-actu","9":"tag-actualites","10":"tag-alerte-mu00e9tu00e9o","11":"tag-eu","12":"tag-europe","13":"tag-fr","14":"tag-france","15":"tag-ile-de-france","16":"tag-inondation","17":"tag-news","18":"tag-paris","19":"tag-pluie","20":"tag-republique-francaise"},"share_on_mastodon":{"url":"https:\/\/pubeurope.com\/@fr\/115365874454044362","error":""},"_links":{"self":[{"href":"https:\/\/www.europesays.com\/fr\/wp-json\/wp\/v2\/posts\/459379","targetHints":{"allow":["GET"]}}],"collection":[{"href":"https:\/\/www.europesays.com\/fr\/wp-json\/wp\/v2\/posts"}],"about":[{"href":"https:\/\/www.europesays.com\/fr\/wp-json\/wp\/v2\/types\/post"}],"author":[{"embeddable":true,"href":"https:\/\/www.europesays.com\/fr\/wp-json\/wp\/v2\/users\/2"}],"replies":[{"embeddable":true,"href":"https:\/\/www.europesays.com\/fr\/wp-json\/wp\/v2\/comments?post=459379"}],"version-history":[{"count":0,"href":"https:\/\/www.europesays.com\/fr\/wp-json\/wp\/v2\/posts\/459379\/revisions"}],"wp:featuredmedia":[{"embeddable":true,"href":"https:\/\/www.europesays.com\/fr\/wp-json\/wp\/v2\/media\/459380"}],"wp:attachment":[{"href":"https:\/\/www.europesays.com\/fr\/wp-json\/wp\/v2\/media?parent=459379"}],"wp:term":[{"taxonomy":"category","embeddable":true,"href":"https:\/\/www.europesays.com\/fr\/wp-json\/wp\/v2\/categories?post=459379"},{"taxonomy":"post_tag","embeddable":true,"href":"https:\/\/www.europesays.com\/fr\/wp-json\/wp\/v2\/tags?post=459379"}],"curies":[{"name":"wp","href":"https:\/\/api.w.org\/{rel}","templated":true}]}}