{"id":459383,"date":"2025-10-13T08:19:10","date_gmt":"2025-10-13T08:19:10","guid":{"rendered":"https:\/\/www.europesays.com\/fr\/459383\/"},"modified":"2025-10-13T08:19:10","modified_gmt":"2025-10-13T08:19:10","slug":"emmanuel-macron-sen-prend-aux-oppositions","status":"publish","type":"post","link":"https:\/\/www.europesays.com\/fr\/459383\/","title":{"rendered":"Emmanuel Macron s\u2019en prend aux oppositions"},"content":{"rendered":"<p class=\"mb-4 text-lg md:leading-8 break-words\">On a reproch\u00e9 \u00e0 Emmanuel Macron d\u2019\u00eatre \u00e0 l\u2019\u00e9tranger alors que la crise politique couve en France. Sur le tarmac de l\u2019a\u00e9roport de Charm el-Cheikh, en \u00c9gypte, <a href=\"https:\/\/www.parismatch.com\/actu\/international\/premiers-otages-liberes-trump-en-israel-les-images-dune-journee-historique-258499\" rel=\"nofollow noopener\" target=\"_blank\" data-ylk=\"slk:pour un \u00ab\u00a0sommet pour la paix\u00a0\u00bb consacr\u00e9 \u00e0 Gaza;elm:context_link;itc:0;sec:content-canvas\" class=\"link \">pour un \u00ab\u00a0sommet pour la paix\u00a0\u00bb consacr\u00e9 \u00e0 Gaza<\/a>, le chef de l\u2019\u00c9tat <a href=\"https:\/\/www.parismatch.com\/actu\/politique\/decouvrez-la-composition-du-gouvernement-de-sebastien-lecornu-et-le-visage-des-ministres-258486\" rel=\"nofollow noopener\" target=\"_blank\" data-ylk=\"slk:s\u2019est exprim\u00e9 sur la nomination du nouveau gouvernement;elm:context_link;itc:0;sec:content-canvas\" class=\"link \">s\u2019est exprim\u00e9 sur la nomination du nouveau gouvernement<\/a>. \u00ab\u00a0La France est regard\u00e9e. Le message que la France doit porter, c\u2019est celui de la stabilit\u00e9\u00a0\u00bb, a-t-il d\u00e9clar\u00e9. \u00ab\u00a0Le devoir de tous est de ne pas faire de paris sur l\u2019instabilit\u00e9\u00a0\u00bb, a-t-il ajout\u00e9. \u00ab\u00a0Je trouve que beaucoup de ceux qui ont nourri la division, les sp\u00e9culations n\u2019ont pas \u00e9t\u00e9 au niveau du moment o\u00f9 vit la France et de ce qu\u2019attendent les Fran\u00e7ais et les Fran\u00e7ais\u00a0\u00bb<\/p>\n<p class=\"mb-4 text-lg md:leading-8 break-words\">Il a fustig\u00e9 \u00ab\u00a0les forces politiques [\u2026] qui ont jou\u00e9 la d\u00e9stabilisation de S\u00e9bastien Lecornu \u00bb. Elles \u00ab sont les seules responsables de ce d\u00e9sordre \u00bb. Emmanuel Macron a d\u00e9clar\u00e9 que les Fran\u00e7ais voulaient qu\u2019on s\u2019occupe de leurs probl\u00e8mes. Ils \u00ab\u00a0veulent du calme, de la dignit\u00e9 et qu\u2019on serve leurs int\u00e9r\u00eats\u00a0\u00bb.<\/p>\n<p class=\"mb-4 text-lg md:leading-8 break-words\">\u00c0 lire aussi <a href=\"https:\/\/www.parismatch.com\/actu\/politique\/lecornu-premier-ministre-macron-sous-pression-budget-en-suspens-et-maintenant-258447\" rel=\"nofollow noopener\" target=\"_blank\" data-ylk=\"slk:Lecornu Premier ministre : et maintenant que va-t-il se passer ?;elm:context_link;itc:0;sec:content-canvas\" class=\"link \">Lecornu Premier ministre : et maintenant que va-t-il se passer ? <\/a><\/p>\n<p>Publicit\u00e9<\/p>\n<p>Publicit\u00e9<\/p>\n<p>Publicit\u00e9<\/p>\n<p>Publicit\u00e9<\/p>\n<p class=\"mb-4 text-lg md:leading-8 break-words\">Ce dimanche, un nouveau gouvernement de 35 ministres a \u00e9t\u00e9 nomm\u00e9. Il est marqu\u00e9 par des entr\u00e9es de membres de la soci\u00e9t\u00e9 civile comme <a href=\"https:\/\/www.parismatch.com\/actu\/politique\/jean-pierre-farandou-ex-patron-de-la-sncf-nomme-ministre-du-travail-et-de-la-sante-et-des-solidarites-258490\" rel=\"nofollow noopener\" target=\"_blank\" data-ylk=\"slk:Jean-Pierre Farandou, ex-patron de la SNCF nomm\u00e9 au Travail;elm:context_link;itc:0;sec:content-canvas\" class=\"link \">Jean-Pierre Farandou, ex-patron de la SNCF nomm\u00e9 au Travail<\/a>, ou Monique Barbut, ministre de la Transition \u00e9cologique. Un conseil des ministres aura lieu ce mardi avant la tr\u00e8s attendue d\u00e9claration de politique g\u00e9n\u00e9rale de S\u00e9bastien Lecornu. Le Premier ministre devra ensuite affronter plusieurs motions &#8230;<\/p>\n<p class=\"mb-4 text-lg md:leading-8 break-words\"><a href=\"https:\/\/www.parismatch.com\/actu\/politique\/emmanuel-macron-le-devoir-de-tous-nest-pas-de-faire-des-paris-sur-linstabilite-258503?at_medium=affiliate&amp;at_campaign=Yahoo\" rel=\"nofollow noopener\" target=\"_blank\" data-ylk=\"slk:Lire la suite sur ParisMatch;elm:context_link;itc:0;sec:content-canvas\" class=\"link \">Lire la suite sur ParisMatch<\/a><\/p>\n","protected":false},"excerpt":{"rendered":"On a reproch\u00e9 \u00e0 Emmanuel Macron d\u2019\u00eatre \u00e0 l\u2019\u00e9tranger alors que la crise politique couve en France. Sur&hellip;\n","protected":false},"author":2,"featured_media":459384,"comment_status":"","ping_status":"","sticky":false,"template":"","format":"standard","meta":{"footnotes":""},"categories":[1888],"tags":[1111,1928,11,1927,21153,1073,1777,674,1011,27,9791,12,1926,626,1925,25],"class_list":{"0":"post-459383","1":"post","2":"type-post","3":"status-publish","4":"format-standard","5":"has-post-thumbnail","7":"category-paris","8":"tag-actu","9":"tag-actu-paris","10":"tag-actualites","11":"tag-actualites-paris","12":"tag-chef-de-letat","13":"tag-emmanuel-macron","14":"tag-eu","15":"tag-europe","16":"tag-fr","17":"tag-france","18":"tag-la-france","19":"tag-news","20":"tag-news-paris","21":"tag-paris","22":"tag-paris-news","23":"tag-republique-francaise"},"share_on_mastodon":{"url":"https:\/\/pubeurope.com\/@fr\/115365882508868337","error":""},"_links":{"self":[{"href":"https:\/\/www.europesays.com\/fr\/wp-json\/wp\/v2\/posts\/459383","targetHints":{"allow":["GET"]}}],"collection":[{"href":"https:\/\/www.europesays.com\/fr\/wp-json\/wp\/v2\/posts"}],"about":[{"href":"https:\/\/www.europesays.com\/fr\/wp-json\/wp\/v2\/types\/post"}],"author":[{"embeddable":true,"href":"https:\/\/www.europesays.com\/fr\/wp-json\/wp\/v2\/users\/2"}],"replies":[{"embeddable":true,"href":"https:\/\/www.europesays.com\/fr\/wp-json\/wp\/v2\/comments?post=459383"}],"version-history":[{"count":0,"href":"https:\/\/www.europesays.com\/fr\/wp-json\/wp\/v2\/posts\/459383\/revisions"}],"wp:featuredmedia":[{"embeddable":true,"href":"https:\/\/www.europesays.com\/fr\/wp-json\/wp\/v2\/media\/459384"}],"wp:attachment":[{"href":"https:\/\/www.europesays.com\/fr\/wp-json\/wp\/v2\/media?parent=459383"}],"wp:term":[{"taxonomy":"category","embeddable":true,"href":"https:\/\/www.europesays.com\/fr\/wp-json\/wp\/v2\/categories?post=459383"},{"taxonomy":"post_tag","embeddable":true,"href":"https:\/\/www.europesays.com\/fr\/wp-json\/wp\/v2\/tags?post=459383"}],"curies":[{"name":"wp","href":"https:\/\/api.w.org\/{rel}","templated":true}]}}