{"id":459391,"date":"2025-10-13T08:23:18","date_gmt":"2025-10-13T08:23:18","guid":{"rendered":"https:\/\/www.europesays.com\/fr\/459391\/"},"modified":"2025-10-13T08:23:18","modified_gmt":"2025-10-13T08:23:18","slug":"le-kremlin-menace-la-moldavie-en-evoquant-lerreur-commise-par-lukraine","status":"publish","type":"post","link":"https:\/\/www.europesays.com\/fr\/459391\/","title":{"rendered":"Le Kremlin menace la Moldavie en \u00e9voquant \u00ab\u00a0l&rsquo;erreur\u00a0\u00bb commise par l&rsquo;Ukraine"},"content":{"rendered":"<p class=\"mb-4 text-lg md:leading-8 break-words\">Moscou a r\u00e9agi tr\u00e8s n\u00e9gativement \u00e0 l&rsquo;adoption par la Moldavie, cette semaine, d&rsquo;une nouvelle strat\u00e9gie militaire qui <a href=\"https:\/\/gov.md\/index.php\/en\/press-releases\/military-strategy-2025-2035-approved-government\" rel=\"nofollow noopener\" target=\"_blank\" data-ylk=\"slk:d\u00e9signe la Russie comme la principale menace pour la s\u00e9curit\u00e9;elm:context_link;itc:0;sec:content-canvas\" class=\"link \"><strong>d\u00e9signe la Russie comme la principale menace pour la s\u00e9curit\u00e9<\/strong><\/a> pour cette ancienne r\u00e9publique sovi\u00e9tique.<\/p>\n<p class=\"mb-4 text-lg md:leading-8 break-words\">Le porte-parole du pr\u00e9sident russe, Dmitri Peskov, a d\u00e9clar\u00e9 \u00e0 l&rsquo;agence de presse \u00e9tatique TASS que les autorit\u00e9s moldaves commettaient une <a href=\"https:\/\/tass.com\/politics\/2028509\" rel=\"nofollow noopener\" target=\"_blank\" data-ylk=\"slk:grave erreur;elm:context_link;itc:0;sec:content-canvas\" class=\"link \"><strong>grave erreur<\/strong><\/a> en \u00ab\u00a0faisant de la Russie un antagoniste\u00a0\u00bb au nom de l&rsquo;\u00e9tablissement de relations avec l&rsquo;Europe.<\/p>\n<p class=\"mb-4 text-lg md:leading-8 break-words\">\u00ab\u00a0Il s&rsquo;agit de la poursuite d&rsquo;une ligne plut\u00f4t conflictuelle \u00e0 l&rsquo;\u00e9gard de notre pays, d&rsquo;une ligne inamicale. De notre point de vue, les dirigeants moldaves actuels commettent une grave erreur\u00a0\u00bb, a d\u00e9clar\u00e9 le porte-parole du Kremlin.<\/p>\n<p><img alt=\"Le pr\u00e9sident russe Vladimir Poutine s'entretient avec le porte-parole du Kremlin Dmitri Peskov lors du sommet de la Communaut\u00e9 des \u00c9tats ind\u00e9pendants, au Tadjikistan, 10.10.25\" loading=\"lazy\" width=\"808\" height=\"539\" decoding=\"async\" data-nimg=\"1\" class=\"rounded-lg\" style=\"color:transparent\" src=\"https:\/\/s.yimg.com\/ny\/api\/res\/1.2\/9G6HXJUSo9hSzD3mmqdaYg--\/YXBwaWQ9aGlnaGxhbmRlcjt3PTk2MDtoPTY0MDtjZj13ZWJw\/https:\/\/media.zenfs.com\/fr\/euronews_fr_articles_724\/fce386da0ad4acb6f99cd0d94c6ac018\"\/><\/p>\n<p> Le pr\u00e9sident russe Vladimir Poutine s&rsquo;entretient avec le porte-parole du Kremlin Dmitri Peskov lors du sommet de la Communaut\u00e9 des \u00c9tats ind\u00e9pendants, au Tadjikistan, 10.10.25   &#8211; Grigory Sysoyev, Sputnik, Kremlin Pool Photo via AP <\/p>\n<p class=\"mb-4 text-lg md:leading-8 break-words\">Dans le m\u00eame temps, Peskov a menac\u00e9 la Moldavie de r\u00e9p\u00e9ter le sort d'\u00a0\u00bbun \u00c9tat\u00a0\u00bb auquel une telle \u00ab\u00a0erreur n&rsquo;a rien apport\u00e9\u00a0\u00bb.<\/p>\n<p class=\"mb-4 text-lg md:leading-8 break-words\">\u00ab\u00a0Ils pensent que la ligne de construction des relations avec l&rsquo;Europe implique une ali\u00e9nation compl\u00e8te de la Russie\u00a0\u00bb, a d\u00e9clar\u00e9 Peskov. \u00ab\u00a0Cette erreur a d\u00e9j\u00e0 \u00e9t\u00e9 commise par un \u00c9tat. Elle n&rsquo;a rien apport\u00e9 de bon \u00e0 cet \u00c9tat\u00a0\u00bb.<\/p>\n<p class=\"mb-4 text-lg md:leading-8 break-words\">Peskov n&rsquo;a pas pr\u00e9cis\u00e9 \u00e0 quel \u00c9tat il faisait r\u00e9f\u00e9rence, bien que dans ses propos, on puisse sans peine lire une allusion \u00e0 l&rsquo;Ukraine, contre laquelle Moscou d\u00e9clenchera une agression \u00e0 grande \u00e9chelle en 2022.<\/p>\n<p>La Russie, principale menace<\/p>\n<p class=\"mb-4 text-lg md:leading-8 break-words\">Le 8 octobre, le gouvernement moldave a approuv\u00e9 la <a href=\"https:\/\/gov.md\/sites\/default\/files\/media\/documents\/sedinte-de-guvern\/2025-10\/NU-277-MA-2025_0.pdf\" rel=\"nofollow noopener\" target=\"_blank\" data-ylk=\"slk:strat\u00e9gie militaire pour 2025-2035;elm:context_link;itc:0;sec:content-canvas\" class=\"link \">strat\u00e9gie militaire pour 2025-2035<\/a>, qui d\u00e9finit les principaux axes de d\u00e9veloppement du syst\u00e8me de d\u00e9fense national. Elle vise \u00e0 renforcer la capacit\u00e9 de d\u00e9fense de l&rsquo;\u00c9tat et son adaptation aux nouvelles r\u00e9alit\u00e9s s\u00e9curitaires en modernisant les forces arm\u00e9es et pr\u00e9voit une augmentation des d\u00e9penses militaires \u00e0 hauteur d&rsquo;au moins 1 % du PIB.<\/p>\n<p><img alt=\"La nouvelle strat\u00e9gie militaire de la Moldavie pr\u00e9voit une augmentation des d\u00e9penses militaires \u00e0 hauteur d'au moins 1 % du PIB.\" loading=\"lazy\" width=\"808\" height=\"493\" decoding=\"async\" data-nimg=\"1\" class=\"rounded-lg\" style=\"color:transparent\" src=\"https:\/\/www.europesays.com\/fr\/wp-content\/uploads\/2025\/10\/2800cae63ee3ce752dcf72c6f83e2dda.jpeg\"\/><\/p>\n<p> La nouvelle strat\u00e9gie militaire de la Moldavie pr\u00e9voit une augmentation des d\u00e9penses militaires \u00e0 hauteur d&rsquo;au moins 1 % du PIB   &#8211; AP Photo\/Octav Ganea, Mediafax <\/p>\n<p class=\"mb-4 text-lg md:leading-8 break-words\">Parmi les risques militaires et les menaces pour la s\u00e9curit\u00e9 nationale \u00e9num\u00e9r\u00e9s dans le document figure <strong>\u00ab\u00a0la poursuite de l&rsquo;agression militaire de la F\u00e9d\u00e9ration de Russie en Ukraine et son extension possible \u00e0 la R\u00e9publique de Moldavie\u00a0\u00bb.<\/strong><\/p>\n<p class=\"mb-4 text-lg md:leading-8 break-words\">\u00ab\u00a0L&rsquo;invasion de l&rsquo;Ukraine par la F\u00e9d\u00e9ration de Russie et l&rsquo;occupation militaire du territoire ukrainien souverain repr\u00e9sentent la crise de s\u00e9curit\u00e9 la plus grave que l&rsquo;Europe ait connue au cours des derni\u00e8res d\u00e9cennies \u00ab\u00a0, indique le document. &#8211; La guerre en Ukraine repr\u00e9sente une source de menaces importantes pour la s\u00e9curit\u00e9 de la R\u00e9publique de Moldavie, qui s&rsquo;est d\u00e9j\u00e0 manifest\u00e9e par la violation de la souverainet\u00e9 nationale dans l&rsquo;espace a\u00e9rien. La poursuite des hostilit\u00e9s en Ukraine augmentera encore la vuln\u00e9rabilit\u00e9 des infrastructures et de la population du pays aux frappes a\u00e9riennes d\u00e9lib\u00e9r\u00e9es et\/ou involontaires. En outre, l&rsquo;expansion possible des territoires occup\u00e9s par la F\u00e9d\u00e9ration de Russie repr\u00e9sente une menace directe s\u00e9rieuse pour la s\u00e9curit\u00e9 et le statut d&rsquo;\u00c9tat de la R\u00e9publique de Moldavie, car la cr\u00e9ation d&rsquo;un corridor terrestre jusqu&rsquo;aux fronti\u00e8res du pays peut entra\u00eener une pression politique et territoriale suppl\u00e9mentaire sur la R\u00e9publique de Moldavie\u00a0\u00bb.<\/p>\n<p class=\"mb-4 text-lg md:leading-8 break-words\"><b class=\"c-widget-related__title__text\">Related<\/b><\/p>\n<p class=\"mb-4 text-lg md:leading-8 break-words\">La pr\u00e9sence de l&rsquo;arm\u00e9e russe en Transnistrie a \u00e9t\u00e9 cit\u00e9e comme une autre menace : \u00ab\u00a0Les formations arm\u00e9es du r\u00e9gime inconstitutionnel dans la r\u00e9gion de Transnistrie repr\u00e9sentent une menace directe pour la s\u00e9curit\u00e9 de la R\u00e9publique de Moldova, car elles peuvent \u00eatre utilis\u00e9es pour contribuer \u00e0 la r\u00e9alisation des objectifs strat\u00e9giques de ce r\u00e9gime et de la F\u00e9d\u00e9ration de Russie, en stimulant, en propageant et en agitant des \u00e9tats de conflit et des tendances visant \u00e0 d\u00e9stabiliser politiquement et socialement la R\u00e9publique de Moldova\u00a0\u00bb.<\/p>\n<p class=\"mb-4 text-lg md:leading-8 break-words\">Le 28 septembre, le parti pro-europ\u00e9en au pouvoir, Action et Solidarit\u00e9, a remport\u00e9 les \u00e9lections l\u00e9gislatives moldaves. Le pr\u00e9sident Maia Sandu a accus\u00e9 \u00e0 plusieurs reprises Moscou d&rsquo;interf\u00e9rer dans les affaires int\u00e9rieures du pays et d&rsquo;essayer d&rsquo;influencer le r\u00e9sultat du vote afin de porter les forces pro-russes au pouvoir.<\/p>\n<p class=\"mb-4 text-lg md:leading-8 break-words\">Selon Dmitri Peskov, les politiciens moldaves pro-europ\u00e9ens, \u00ab\u00a0ayant conserv\u00e9 le pouvoir, poursuivent leur ligne inamicale\u00a0\u00bb envers Moscou, ce que le Kremlin \u00ab\u00a0regrette\u00a0\u00bb.<\/p>\n","protected":false},"excerpt":{"rendered":"Moscou a r\u00e9agi tr\u00e8s n\u00e9gativement \u00e0 l&rsquo;adoption par la Moldavie, cette semaine, d&rsquo;une nouvelle strat\u00e9gie militaire qui d\u00e9signe&hellip;\n","protected":false},"author":2,"featured_media":459392,"comment_status":"","ping_status":"","sticky":false,"template":"","format":"standard","meta":{"footnotes":""},"categories":[1590],"tags":[11,2609,5438,1777,674,58420,11095,1916,12,31832,220],"class_list":{"0":"post-459391","1":"post","2":"type-post","3":"status-publish","4":"format-standard","5":"has-post-thumbnail","7":"category-ukraine","8":"tag-actualites","9":"tag-depenses-militaires","10":"tag-dmitri-peskov","11":"tag-eu","12":"tag-europe","13":"tag-la-republique-de-moldavie","14":"tag-moldavie","15":"tag-moscou","16":"tag-news","17":"tag-strategie-militaire","18":"tag-ukraine"},"share_on_mastodon":{"url":"https:\/\/pubeurope.com\/@fr\/115365898749030500","error":""},"_links":{"self":[{"href":"https:\/\/www.europesays.com\/fr\/wp-json\/wp\/v2\/posts\/459391","targetHints":{"allow":["GET"]}}],"collection":[{"href":"https:\/\/www.europesays.com\/fr\/wp-json\/wp\/v2\/posts"}],"about":[{"href":"https:\/\/www.europesays.com\/fr\/wp-json\/wp\/v2\/types\/post"}],"author":[{"embeddable":true,"href":"https:\/\/www.europesays.com\/fr\/wp-json\/wp\/v2\/users\/2"}],"replies":[{"embeddable":true,"href":"https:\/\/www.europesays.com\/fr\/wp-json\/wp\/v2\/comments?post=459391"}],"version-history":[{"count":0,"href":"https:\/\/www.europesays.com\/fr\/wp-json\/wp\/v2\/posts\/459391\/revisions"}],"wp:featuredmedia":[{"embeddable":true,"href":"https:\/\/www.europesays.com\/fr\/wp-json\/wp\/v2\/media\/459392"}],"wp:attachment":[{"href":"https:\/\/www.europesays.com\/fr\/wp-json\/wp\/v2\/media?parent=459391"}],"wp:term":[{"taxonomy":"category","embeddable":true,"href":"https:\/\/www.europesays.com\/fr\/wp-json\/wp\/v2\/categories?post=459391"},{"taxonomy":"post_tag","embeddable":true,"href":"https:\/\/www.europesays.com\/fr\/wp-json\/wp\/v2\/tags?post=459391"}],"curies":[{"name":"wp","href":"https:\/\/api.w.org\/{rel}","templated":true}]}}